{"id":103430,"date":"2020-10-16T07:50:13","date_gmt":"2020-10-16T10:50:13","guid":{"rendered":"https:\/\/www.eltrabajo.cl\/portal\/?p=103430"},"modified":"2020-10-15T21:39:04","modified_gmt":"2020-10-16T00:39:04","slug":"sanfelipeno-sera-el-primer-chileno-en-competir-en-serie-estelar-de-la-baja-california","status":"publish","type":"post","link":"https:\/\/eltrabajo.cl\/portal\/sanfelipeno-sera-el-primer-chileno-en-competir-en-serie-estelar-de-la-baja-california\/","title":{"rendered":"Sanfelipe\u00f1o ser\u00e1 el primer chileno en competir en serie estelar de la Baja California"},"content":{"rendered":"<p style=\"text-align: justify;\">Sobre una KTM 450 del equipo Monkey Business, el pr\u00f3ximo 17 de noviembre el piloto sanfelipe\u00f1o <strong>Javier P\u00e9rez Potzsch<\/strong>, correr\u00e1 en la carrera de motos que Red Bull califica como la m\u00e1s larga del mundo. La Baja 1000 en California.<\/p>\n<p style=\"text-align: justify;\">El piloto de 29 a\u00f1os de edad ha desarrollado una productiva carrera en Estados Unidos, logr\u00f3 asegurar su concurso en el importante evento deportivo al conseguir los apoyos econ\u00f3micos que se necesitan para poder intervenir en una cita de car\u00e1cter mundial. Javier P\u00e9rez ser\u00e1 parte de la categoria Pro Moto Ironman, que es la m\u00e1s importante de toda la Baja California M\u00e9xico.<\/p>\n<p style=\"text-align: justify;\">En la carrera que tiene como escenario el desierto norteamericano, los pilotos son exigidos al l\u00edmite al tener que correr sin pausas entre 20 a 25 horas. <em>\u00abEstar\u00e9 en un equipo mexicano que la verdad es un sue\u00f1o poder integrar. De verdad me siento bendecido poder integrarlo porque cuentan con una log\u00edstica impresionante y mec\u00e1nicos de primer nivel mundial, lo que me permitir\u00e1 correr en buenas condiciones al tener una moto de calidad con componentes de primera calidad\u00bb,<\/em> cont\u00f3 Javier P\u00e9rez a <strong>El Trabajo Deportivo<\/strong>.<\/p>\n<figure id=\"attachment_103431\" aria-describedby=\"caption-attachment-103431\" style=\"width: 699px\" class=\"wp-caption alignnone\"><img data-recalc-dims=\"1\" loading=\"lazy\" decoding=\"async\" class=\"size-full wp-image-103431\" src=\"https:\/\/i0.wp.com\/eltrabajo.cl\/portal\/wp-content\/uploads\/2020\/10\/javier-perez.jpg?resize=640%2C413&#038;ssl=1\" alt=\"El piloto aconcag\u00fcino Javier P\u00e9rez competir\u00e1 el pr\u00f3ximo mes en la carrera de motos m\u00e1s larga del mundo.\" width=\"640\" height=\"413\" srcset=\"https:\/\/i0.wp.com\/eltrabajo.cl\/portal\/wp-content\/uploads\/2020\/10\/javier-perez.jpg?w=699&amp;ssl=1 699w, https:\/\/i0.wp.com\/eltrabajo.cl\/portal\/wp-content\/uploads\/2020\/10\/javier-perez.jpg?resize=300%2C194&amp;ssl=1 300w, https:\/\/i0.wp.com\/eltrabajo.cl\/portal\/wp-content\/uploads\/2020\/10\/javier-perez.jpg?resize=200%2C129&amp;ssl=1 200w, https:\/\/i0.wp.com\/eltrabajo.cl\/portal\/wp-content\/uploads\/2020\/10\/javier-perez.jpg?resize=696%2C449&amp;ssl=1 696w\" sizes=\"auto, (max-width: 640px) 100vw, 640px\" \/><figcaption id=\"caption-attachment-103431\" class=\"wp-caption-text\">El piloto aconcag\u00fcino Javier P\u00e9rez competir\u00e1 el pr\u00f3ximo mes en la carrera de motos m\u00e1s larga del mundo.<\/figcaption><\/figure>\n","protected":false},"excerpt":{"rendered":"<p>Sobre una KTM 450 del equipo Monkey Business, el pr\u00f3ximo 17 de noviembre el piloto sanfelipe\u00f1o Javier P\u00e9rez Potzsch, correr\u00e1 en la carrera de motos que Red Bull califica como la m\u00e1s&#8230;<\/p>\n","protected":false},"author":482,"featured_media":103431,"comment_status":"closed","ping_status":"open","sticky":false,"template":"","format":"standard","meta":{"advanced_seo_description":"","jetpack_seo_html_title":"","jetpack_seo_noindex":false,"_jetpack_memberships_contains_paid_content":false,"footnotes":""},"categories":[19],"tags":[],"class_list":["post-103430","post","type-post","status-publish","format-standard","has-post-thumbnail","hentry","category-deportes"],"jetpack_featured_media_url":"https:\/\/i0.wp.com\/eltrabajo.cl\/portal\/wp-content\/uploads\/2020\/10\/javier-perez.jpg?fit=699%2C451&ssl=1","jetpack_sharing_enabled":true,"jetpack_likes_enabled":true,"jetpack-related-posts":[],"_links":{"self":[{"href":"https:\/\/eltrabajo.cl\/portal\/wp-json\/wp\/v2\/posts\/103430","targetHints":{"allow":["GET"]}}],"collection":[{"href":"https:\/\/eltrabajo.cl\/portal\/wp-json\/wp\/v2\/posts"}],"about":[{"href":"https:\/\/eltrabajo.cl\/portal\/wp-json\/wp\/v2\/types\/post"}],"author":[{"embeddable":true,"href":"https:\/\/eltrabajo.cl\/portal\/wp-json\/wp\/v2\/users\/482"}],"replies":[{"embeddable":true,"href":"https:\/\/eltrabajo.cl\/portal\/wp-json\/wp\/v2\/comments?post=103430"}],"version-history":[{"count":0,"href":"https:\/\/eltrabajo.cl\/portal\/wp-json\/wp\/v2\/posts\/103430\/revisions"}],"wp:featuredmedia":[{"embeddable":true,"href":"https:\/\/eltrabajo.cl\/portal\/wp-json\/wp\/v2\/media\/103431"}],"wp:attachment":[{"href":"https:\/\/eltrabajo.cl\/portal\/wp-json\/wp\/v2\/media?parent=103430"}],"wp:term":[{"taxonomy":"category","embeddable":true,"href":"https:\/\/eltrabajo.cl\/portal\/wp-json\/wp\/v2\/categories?post=103430"},{"taxonomy":"post_tag","embeddable":true,"href":"https:\/\/eltrabajo.cl\/portal\/wp-json\/wp\/v2\/tags?post=103430"}],"curies":[{"name":"wp","href":"https:\/\/api.w.org\/{rel}","templated":true}]}}