{"id":103529,"date":"2020-10-21T07:40:46","date_gmt":"2020-10-21T10:40:46","guid":{"rendered":"https:\/\/www.eltrabajo.cl\/portal\/?p=103529"},"modified":"2020-10-20T21:29:41","modified_gmt":"2020-10-21T00:29:41","slug":"asociacion-de-futbol-local-no-realizara-ningun-torneo-en-lo-que-resta-del-ano","status":"publish","type":"post","link":"https:\/\/eltrabajo.cl\/portal\/asociacion-de-futbol-local-no-realizara-ningun-torneo-en-lo-que-resta-del-ano\/","title":{"rendered":"Asociaci\u00f3n de f\u00fatbol local no realizar\u00e1 ning\u00fan torneo en lo que resta del a\u00f1o"},"content":{"rendered":"<p style=\"text-align: justify;\">Muy fuerte se ha instalado el rumor en el ambiente futbol\u00edstico sanfelipe\u00f1o, respecto a que definitivamente este a\u00f1o no habr\u00e1 ninguna competencia oficial de la Asociaci\u00f3n de F\u00fatbol Amateur de San Felipe.<\/p>\n<p style=\"text-align: justify;\">En un principio y al momento mismo en que comenzaron las restricciones sanitarias producto de la pandemia del Covid\u201319, en San Felipe y el valle de Aconcagua en general se instal\u00f3 la idea que octubre ser\u00eda el mes en que se producir\u00eda el ansiado retorno, cosa que evidentemente no suceder\u00e1 y que se convertir\u00e1 en\u00a0 la causa principal porque el ente rector del balompi\u00e9 aficionado de la \u2018Ciudad Fuerte y Feliz\u2019 abortar\u00eda la idea de organizar un torneo corto en el que participar\u00edan la totalidad de los clubes que forman parte de esa centenaria organizaci\u00f3n deportiva.<\/p>\n<p style=\"text-align: justify;\">Una fuente bien informada se\u00f1al\u00f3 a nuestro medio que ya existir\u00eda consenso respecto a que lo mejor ser\u00e1 dar vuelta la hoja para enfocarse en el 2021. <em>\u00abQu\u00e9 sentido tiene jugar un torneo a la r\u00e1pida, lo mejor es que los clubes retornen con calma y de a poco vayan tomando ritmo en todos los aspectos, ya que no solo est\u00e1 afectado el tema deportivo, porque las arcas est\u00e1n casi todas vac\u00edas, as\u00ed que se podr\u00edan organizar encuentros amistosos para ir recomponiendo las cosas\u00bb,<\/em> explic\u00f3.<\/p>\n<p style=\"text-align: justify;\">Consultado <strong>Ra\u00fal Reinoso<\/strong> sobre la veracidad de este rumor, el presidente de la asociaci\u00f3n de f\u00fatbol local respondi\u00f3 con cautela: <em>\u00abHasta ahora no hay ninguna determinaci\u00f3n definitiva. Ac\u00e1 tenemos claro que debemos esperar a lo que dicen nuestras autoridades de ANFA, nacional y regional, para que tomemos una resoluci\u00f3n definitiva, aunque es muy cierto que los plazos se acaban porque ya tenemos encima noviembre, adem\u00e1s que hay que esperar pasar a la fase 4. La verdad no puedo dar m\u00e1s informaci\u00f3n\u00bb,<\/em> se\u00f1al\u00f3 el timonel.<\/p>\n<figure id=\"attachment_103530\" aria-describedby=\"caption-attachment-103530\" style=\"width: 698px\" class=\"wp-caption alignnone\"><img data-recalc-dims=\"1\" loading=\"lazy\" decoding=\"async\" class=\"size-full wp-image-103530\" src=\"https:\/\/i0.wp.com\/eltrabajo.cl\/portal\/wp-content\/uploads\/2020\/10\/futbolamateur.jpg?resize=640%2C429&#038;ssl=1\" alt=\"Es casi un hecho de la causa que en lo que resta del 2020 la Asociaci\u00f3n de F\u00fatbol de San Felipe no organizar\u00e1 ning\u00fan torneo.\" width=\"640\" height=\"429\" srcset=\"https:\/\/i0.wp.com\/eltrabajo.cl\/portal\/wp-content\/uploads\/2020\/10\/futbolamateur.jpg?w=698&amp;ssl=1 698w, https:\/\/i0.wp.com\/eltrabajo.cl\/portal\/wp-content\/uploads\/2020\/10\/futbolamateur.jpg?resize=300%2C201&amp;ssl=1 300w, https:\/\/i0.wp.com\/eltrabajo.cl\/portal\/wp-content\/uploads\/2020\/10\/futbolamateur.jpg?resize=200%2C134&amp;ssl=1 200w, https:\/\/i0.wp.com\/eltrabajo.cl\/portal\/wp-content\/uploads\/2020\/10\/futbolamateur.jpg?resize=696%2C467&amp;ssl=1 696w\" sizes=\"auto, (max-width: 640px) 100vw, 640px\" \/><figcaption id=\"caption-attachment-103530\" class=\"wp-caption-text\">Es casi un hecho de la causa que en lo que resta del 2020 la Asociaci\u00f3n de F\u00fatbol de San Felipe no organizar\u00e1 ning\u00fan torneo.<\/figcaption><\/figure>\n","protected":false},"excerpt":{"rendered":"<p>Muy fuerte se ha instalado el rumor en el ambiente futbol\u00edstico sanfelipe\u00f1o, respecto a que definitivamente este a\u00f1o no habr\u00e1 ninguna competencia oficial de la Asociaci\u00f3n de F\u00fatbol Amateur de San Felipe&#8230;.<\/p>\n","protected":false},"author":482,"featured_media":103530,"comment_status":"closed","ping_status":"open","sticky":false,"template":"","format":"standard","meta":{"advanced_seo_description":"","jetpack_seo_html_title":"","jetpack_seo_noindex":false,"_jetpack_memberships_contains_paid_content":false,"footnotes":""},"categories":[19],"tags":[],"class_list":["post-103529","post","type-post","status-publish","format-standard","has-post-thumbnail","hentry","category-deportes"],"jetpack_featured_media_url":"https:\/\/i0.wp.com\/eltrabajo.cl\/portal\/wp-content\/uploads\/2020\/10\/futbolamateur.jpg?fit=698%2C468&ssl=1","jetpack_sharing_enabled":true,"jetpack_likes_enabled":true,"jetpack-related-posts":[],"_links":{"self":[{"href":"https:\/\/eltrabajo.cl\/portal\/wp-json\/wp\/v2\/posts\/103529","targetHints":{"allow":["GET"]}}],"collection":[{"href":"https:\/\/eltrabajo.cl\/portal\/wp-json\/wp\/v2\/posts"}],"about":[{"href":"https:\/\/eltrabajo.cl\/portal\/wp-json\/wp\/v2\/types\/post"}],"author":[{"embeddable":true,"href":"https:\/\/eltrabajo.cl\/portal\/wp-json\/wp\/v2\/users\/482"}],"replies":[{"embeddable":true,"href":"https:\/\/eltrabajo.cl\/portal\/wp-json\/wp\/v2\/comments?post=103529"}],"version-history":[{"count":0,"href":"https:\/\/eltrabajo.cl\/portal\/wp-json\/wp\/v2\/posts\/103529\/revisions"}],"wp:featuredmedia":[{"embeddable":true,"href":"https:\/\/eltrabajo.cl\/portal\/wp-json\/wp\/v2\/media\/103530"}],"wp:attachment":[{"href":"https:\/\/eltrabajo.cl\/portal\/wp-json\/wp\/v2\/media?parent=103529"}],"wp:term":[{"taxonomy":"category","embeddable":true,"href":"https:\/\/eltrabajo.cl\/portal\/wp-json\/wp\/v2\/categories?post=103529"},{"taxonomy":"post_tag","embeddable":true,"href":"https:\/\/eltrabajo.cl\/portal\/wp-json\/wp\/v2\/tags?post=103529"}],"curies":[{"name":"wp","href":"https:\/\/api.w.org\/{rel}","templated":true}]}}