{"id":103632,"date":"2020-10-26T07:45:05","date_gmt":"2020-10-26T10:45:05","guid":{"rendered":"https:\/\/www.eltrabajo.cl\/portal\/?p=103632"},"modified":"2020-10-26T00:44:26","modified_gmt":"2020-10-26T03:44:26","slug":"union-san-felipe-ya-cuenta-con-sus-dos-nuevos-refuerzos","status":"publish","type":"post","link":"https:\/\/eltrabajo.cl\/portal\/union-san-felipe-ya-cuenta-con-sus-dos-nuevos-refuerzos\/","title":{"rendered":"Uni\u00f3n San Felipe ya cuenta con sus dos nuevos refuerzos"},"content":{"rendered":"<p style=\"text-align: justify;\">El s\u00e1bado \u00faltimo se incorporaron oficialmente a Uni\u00f3n San Felipe los jugadores de nacionalidad argentina <strong>Daniel Hern\u00e1n Opazo<\/strong> y <strong>Lucas W\u00edlchez<\/strong>, quien es ampliamente conocido en pa\u00eds luego de un paso por Colo Colo.<\/p>\n<p style=\"text-align: justify;\">Daniel Opazo es un delantero de caracter\u00edsticas tradicionales (centro) y dentro de su hoja profesional destaca un paso por el Club Newell\u2019s Old Boys. Con 23 a\u00f1os de edad y 1.78 metros de estatura, el ariete llega al Un\u00ed Un\u00ed desde Cipolletti con la tarea de reemplazar a <strong>Lautaro Palacios<\/strong> que recientemente parti\u00f3 a Coquimbo Unido.<\/p>\n<p style=\"text-align: justify;\">En tanto Lucas W\u00edlchez arriba a la tienda sanfelipe\u00f1a desde el Club Almagro, pero su historial es muy extenso ya que ha jugado en importantes equipos argentinos, adem\u00e1s de registrar pasos por Espa\u00f1a, Grecia y Chile, donde se hizo muy popular debido a su gran parecido con el personaje \u2018Peter Veneno\u2019, que era interpretado por el actor <strong>Daniel Alcaino<\/strong>.<\/p>\n<p style=\"text-align: justify;\">La llegada del W\u00edlchez al Un\u00ed Un\u00ed tuvo repercusi\u00f3n nacional al tratarse de un jugador experimentado y de real categoria, que para muchos ser\u00e1 desde ahora el gran nombre de toda la Primera Divisi\u00f3n B.\u00a0 Ambos jugadores comenzaron a trabajar en dobles turnos y se espera que en un corto tiempo est\u00e9n a completa disposici\u00f3n para que el profesor <strong>Erwin Dur\u00e1n<\/strong> los pueda convocar y ya comiencen a ver minutos con la divisa albirroja.<\/p>\n<p style=\"text-align: justify;\">Este es el historial de <strong>Lucas Wilchez<\/strong> en sus 16 a\u00f1os de carrera profesional<\/p>\n<p style=\"text-align: justify;\">2004: Estudiantes de La Plata.<\/p>\n<p style=\"text-align: justify;\">2004 \u2013 2005: San Mart\u00edn.<\/p>\n<p style=\"text-align: justify;\">2005 \u2013 2007: Tigre.<\/p>\n<p style=\"text-align: justify;\">2007 \u2013 2008: Estudiantes de La Plata.<\/p>\n<p style=\"text-align: justify;\">2008-2009: Talleres de C\u00f3rdova.<\/p>\n<p style=\"text-align: justify;\">2009 \u2013 2010: Asteras Tr\u00edpoli (Grecia).<\/p>\n<p style=\"text-align: justify;\">2010-2012: Colo Colo.<\/p>\n<p style=\"text-align: justify;\">2012: Real Zaragoza.<\/p>\n<p style=\"text-align: justify;\">2013-2016: Tigre.<\/p>\n<p style=\"text-align: justify;\">2017: Arsenal.<\/p>\n<p style=\"text-align: justify;\">2018-2019: Atl\u00e9tico Temperley.<\/p>\n<p style=\"text-align: justify;\">2019-2020: Almagro.<\/p>\n<figure id=\"attachment_103633\" aria-describedby=\"caption-attachment-103633\" style=\"width: 699px\" class=\"wp-caption alignnone\"><img data-recalc-dims=\"1\" loading=\"lazy\" decoding=\"async\" class=\"size-full wp-image-103633\" src=\"https:\/\/i0.wp.com\/eltrabajo.cl\/portal\/wp-content\/uploads\/2020\/10\/Daniel-Opazo.jpg?resize=640%2C407&#038;ssl=1\" alt=\"El nuevo delantero de Uni\u00f3n San Felipe Daniel Opazo tiene 23 a\u00f1os de edad.\" width=\"640\" height=\"407\" srcset=\"https:\/\/i0.wp.com\/eltrabajo.cl\/portal\/wp-content\/uploads\/2020\/10\/Daniel-Opazo.jpg?w=699&amp;ssl=1 699w, https:\/\/i0.wp.com\/eltrabajo.cl\/portal\/wp-content\/uploads\/2020\/10\/Daniel-Opazo.jpg?resize=300%2C191&amp;ssl=1 300w, https:\/\/i0.wp.com\/eltrabajo.cl\/portal\/wp-content\/uploads\/2020\/10\/Daniel-Opazo.jpg?resize=200%2C127&amp;ssl=1 200w, https:\/\/i0.wp.com\/eltrabajo.cl\/portal\/wp-content\/uploads\/2020\/10\/Daniel-Opazo.jpg?resize=696%2C443&amp;ssl=1 696w\" sizes=\"auto, (max-width: 640px) 100vw, 640px\" \/><figcaption id=\"caption-attachment-103633\" class=\"wp-caption-text\">El nuevo delantero de Uni\u00f3n San Felipe Daniel Opazo tiene 23 a\u00f1os de edad.<\/figcaption><\/figure>\n<figure id=\"attachment_103634\" aria-describedby=\"caption-attachment-103634\" style=\"width: 699px\" class=\"wp-caption alignnone\"><img data-recalc-dims=\"1\" loading=\"lazy\" decoding=\"async\" class=\"size-full wp-image-103634\" src=\"https:\/\/i0.wp.com\/eltrabajo.cl\/portal\/wp-content\/uploads\/2020\/10\/Lucas-Wilchez.jpg?resize=640%2C407&#038;ssl=1\" alt=\"Despu\u00e9s de una serie de contratiempos Lucas W\u00edlchez al fin pudo estampar su firma y convertirse en jugador del Un\u00ed Un\u00ed.\" width=\"640\" height=\"407\" srcset=\"https:\/\/i0.wp.com\/eltrabajo.cl\/portal\/wp-content\/uploads\/2020\/10\/Lucas-Wilchez.jpg?w=699&amp;ssl=1 699w, https:\/\/i0.wp.com\/eltrabajo.cl\/portal\/wp-content\/uploads\/2020\/10\/Lucas-Wilchez.jpg?resize=300%2C191&amp;ssl=1 300w, https:\/\/i0.wp.com\/eltrabajo.cl\/portal\/wp-content\/uploads\/2020\/10\/Lucas-Wilchez.jpg?resize=200%2C127&amp;ssl=1 200w, https:\/\/i0.wp.com\/eltrabajo.cl\/portal\/wp-content\/uploads\/2020\/10\/Lucas-Wilchez.jpg?resize=696%2C443&amp;ssl=1 696w\" sizes=\"auto, (max-width: 640px) 100vw, 640px\" \/><figcaption id=\"caption-attachment-103634\" class=\"wp-caption-text\">Despu\u00e9s de una serie de contratiempos Lucas W\u00edlchez al fin pudo estampar su firma y convertirse en jugador del Un\u00ed Un\u00ed.<\/figcaption><\/figure>\n","protected":false},"excerpt":{"rendered":"<p>El s\u00e1bado \u00faltimo se incorporaron oficialmente a Uni\u00f3n San Felipe los jugadores de nacionalidad argentina Daniel Hern\u00e1n Opazo y Lucas W\u00edlchez, quien es ampliamente conocido en pa\u00eds luego de un paso por&#8230;<\/p>\n","protected":false},"author":482,"featured_media":103634,"comment_status":"closed","ping_status":"open","sticky":false,"template":"","format":"standard","meta":{"advanced_seo_description":"","jetpack_seo_html_title":"","jetpack_seo_noindex":false,"_jetpack_memberships_contains_paid_content":false,"footnotes":""},"categories":[19],"tags":[],"class_list":["post-103632","post","type-post","status-publish","format-standard","has-post-thumbnail","hentry","category-deportes"],"jetpack_featured_media_url":"https:\/\/i0.wp.com\/eltrabajo.cl\/portal\/wp-content\/uploads\/2020\/10\/Lucas-Wilchez.jpg?fit=699%2C445&ssl=1","jetpack_sharing_enabled":true,"jetpack_likes_enabled":true,"jetpack-related-posts":[],"_links":{"self":[{"href":"https:\/\/eltrabajo.cl\/portal\/wp-json\/wp\/v2\/posts\/103632","targetHints":{"allow":["GET"]}}],"collection":[{"href":"https:\/\/eltrabajo.cl\/portal\/wp-json\/wp\/v2\/posts"}],"about":[{"href":"https:\/\/eltrabajo.cl\/portal\/wp-json\/wp\/v2\/types\/post"}],"author":[{"embeddable":true,"href":"https:\/\/eltrabajo.cl\/portal\/wp-json\/wp\/v2\/users\/482"}],"replies":[{"embeddable":true,"href":"https:\/\/eltrabajo.cl\/portal\/wp-json\/wp\/v2\/comments?post=103632"}],"version-history":[{"count":0,"href":"https:\/\/eltrabajo.cl\/portal\/wp-json\/wp\/v2\/posts\/103632\/revisions"}],"wp:featuredmedia":[{"embeddable":true,"href":"https:\/\/eltrabajo.cl\/portal\/wp-json\/wp\/v2\/media\/103634"}],"wp:attachment":[{"href":"https:\/\/eltrabajo.cl\/portal\/wp-json\/wp\/v2\/media?parent=103632"}],"wp:term":[{"taxonomy":"category","embeddable":true,"href":"https:\/\/eltrabajo.cl\/portal\/wp-json\/wp\/v2\/categories?post=103632"},{"taxonomy":"post_tag","embeddable":true,"href":"https:\/\/eltrabajo.cl\/portal\/wp-json\/wp\/v2\/tags?post=103632"}],"curies":[{"name":"wp","href":"https:\/\/api.w.org\/{rel}","templated":true}]}}