{"id":103640,"date":"2020-10-26T07:55:15","date_gmt":"2020-10-26T10:55:15","guid":{"rendered":"https:\/\/www.eltrabajo.cl\/portal\/?p=103640"},"modified":"2020-10-26T00:48:10","modified_gmt":"2020-10-26T03:48:10","slug":"a-prision-imputado-por-delitos-sexuales-que-estaba-recluido-en-su-casa","status":"publish","type":"post","link":"https:\/\/eltrabajo.cl\/portal\/a-prision-imputado-por-delitos-sexuales-que-estaba-recluido-en-su-casa\/","title":{"rendered":"A prisi\u00f3n imputado por delitos sexuales que estaba recluido en su casa"},"content":{"rendered":"<p>El Tribunal de Garant\u00eda de San Felipe revoc\u00f3 el Arresto Domiciliario por Prisi\u00f3n Preventiva contra el imputado de 50 a\u00f1os de edad de iniciales <strong>G.T.<\/strong>, de oficio mec\u00e1nico, quien se encuentra acusado por Abuso Sexual contra menores de 14 a\u00f1os. Debiendo ser ingresado a la c\u00e1rcel de Los Andes.<\/p>\n<p>La informaci\u00f3n fue entregada por la fiscal a cargo de este caso <strong>Paula Hott<\/strong>, se\u00f1alando que durante la audiencia realizada este viernes se conocieron nuevos casos de delitos de \u00edndole sexual contra tres ni\u00f1as, \u00ab<em>se efectu\u00f3 una Audiencia de Ampliaci\u00f3n de Formalizaci\u00f3n respecto de un imputado que en el mes de julio ya hab\u00eda sido formalizado por la fiscal\u00eda de San Felipe por diversos delitos de Abuso Sexual cometido en contra de distintas ni\u00f1as en la comuna de Santa Mar\u00eda, en el marco de esta investigaci\u00f3n fueron surgiendo nuevas denuncias que involucraban al imputado por hechos similares pero esta vez respecto de tres ni\u00f1as distintas, es por eso que este viernes la fiscal\u00eda le comunic\u00f3 formalmente que lo estamos investigando por esos hechos, que constituyen delitos de Abuso Sexual Reiterado, Violaci\u00f3n y tambi\u00e9n Abuso Sexual agravado atendido la naturaleza de los delitos y la gravedad de los hechos la fiscal\u00eda solicit\u00f3 a Prisi\u00f3n Preventiva del imputado solicitud que fue acogida por el Tribunal de Garant\u00eda de San Felipe, quien decret\u00f3 la Prisi\u00f3n Preventiva del imputado por considerar que su libertad es un peligro para la seguridad de la sociedad, y tambi\u00e9n para las v\u00edctimas de esta causa, actualmente la fiscal\u00eda cuenta con un plazo de investigaci\u00f3n que est\u00e1 destinado a seguir realizando algunas diligencias importantes para esta investigaci\u00f3n<\/em>\u00bb, se\u00f1al\u00f3 la fiscal Hott. La audiencia se realiz\u00f3 el viernes en la ma\u00f1ana y termin\u00f3 pasado el mediod\u00eda cerca de las dos de la tarde.<\/p>\n<p>&nbsp;<\/p>\n<p><span style=\"color: #c80000;\"><strong>ABOGADO QUERELLANTE<\/strong><\/span><\/p>\n<p>Tambi\u00e9n el abogado representante de las v\u00edctimas, <strong>Fernando Casta\u00f1eda Magna<\/strong>, se refiri\u00f3 a esta determinaci\u00f3n del tribunal de cambiar el Arresto Domiciliario por Prisi\u00f3n Preventiva en una c\u00e1rcel, indicando que una vez decretada la Prisi\u00f3n Preventiva se orden\u00f3 su ingreso a la c\u00e1rcel de Los Andes.<\/p>\n<p>Agreg\u00f3 que esta resoluci\u00f3n es apelable, imagin\u00e1ndose que la defensa del imputado as\u00ed lo va hacer, \u00ab<em>pero nosotros tenemos confianza como querellantes que los antecedentes que se han vertido en la audiencia de hoy <\/em>(viernes), <em>as\u00ed como tambi\u00e9n nuevos antecedentes que dicen relaci\u00f3n con informes de veracidad absoluta y da\u00f1os por parte de las victimas que ya hab\u00eda sido formalizado en julio pasado, tenemos confianza, como le digo, que esos antecedentes y creemos que la necesidad de cautela que la sociedad necesita especialmente la comunidad atendido que un hecho que ocurre en la poblaci\u00f3n donde el imputado tiene su casa frente a una multicancha donde ni\u00f1as y ni\u00f1os se han visto privados de jugar, recrearse y crecer donde se ha vulnerado la indemnidad sexual de esas ni\u00f1as, creemos que la Corte de Apelaciones va a mantener esa medida de prisi\u00f3n preventiva<\/em>\u00bb, se\u00f1al\u00f3 el abogado Fernando Casta\u00f1eda.<\/p>\n<p>Explic\u00f3 que en este caso fue re formalizado por Violaci\u00f3n, por Abuso Sexual Reiterado, actos de significaci\u00f3n sexual reiterados y por exhibici\u00f3n de material pornogr\u00e1fico a ni\u00f1as.<\/p>\n<p>Importante se\u00f1alar que en su momento el Juez del Tribunal de Garant\u00eda hab\u00eda otorgado la Prisi\u00f3n Preventiva, pero la defensa del imputado apel\u00f3 antes la I. Corte de Apelaciones de Valpara\u00edso donde por unanimidad se decidi\u00f3 revocar y dejarlo con Arresto Domiciliario Total. Esta decisi\u00f3n no dej\u00f3 para nada contenta a la comunidad especialmente a las mujeres que se manifestaron por esta decisi\u00f3n.<\/p>\n<p>Ahora por lo que pudimos apreciar a trav\u00e9s de unas fotograf\u00edas que enter\u00e1ndose de la informaci\u00f3n referente al cambio de lugar del cumplimiento de la medida cautelar de inmediato salieron a la calle a manifestarse un grupo de mujeres.<\/p>\n<p>Cabe recordar que el imputado estaba cumpliendo Arresto Domiciliario en su casa en Santa Mar\u00eda.<\/p>\n<figure id=\"attachment_103642\" aria-describedby=\"caption-attachment-103642\" style=\"width: 699px\" class=\"wp-caption alignnone\"><img data-recalc-dims=\"1\" loading=\"lazy\" decoding=\"async\" class=\"size-full wp-image-103642\" src=\"https:\/\/i0.wp.com\/eltrabajo.cl\/portal\/wp-content\/uploads\/2020\/10\/abuso-fiscal-Paula-Hott.jpg?resize=640%2C348&#038;ssl=1\" alt=\"Fiscal Paula Hott, quien est\u00e1 a cargo de este caso.\" width=\"640\" height=\"348\" srcset=\"https:\/\/i0.wp.com\/eltrabajo.cl\/portal\/wp-content\/uploads\/2020\/10\/abuso-fiscal-Paula-Hott.jpg?w=699&amp;ssl=1 699w, https:\/\/i0.wp.com\/eltrabajo.cl\/portal\/wp-content\/uploads\/2020\/10\/abuso-fiscal-Paula-Hott.jpg?resize=300%2C163&amp;ssl=1 300w, https:\/\/i0.wp.com\/eltrabajo.cl\/portal\/wp-content\/uploads\/2020\/10\/abuso-fiscal-Paula-Hott.jpg?resize=200%2C109&amp;ssl=1 200w, https:\/\/i0.wp.com\/eltrabajo.cl\/portal\/wp-content\/uploads\/2020\/10\/abuso-fiscal-Paula-Hott.jpg?resize=696%2C378&amp;ssl=1 696w\" sizes=\"auto, (max-width: 640px) 100vw, 640px\" \/><figcaption id=\"caption-attachment-103642\" class=\"wp-caption-text\">Fiscal Paula Hott, quien est\u00e1 a cargo de este caso.<\/figcaption><\/figure>\n<figure id=\"attachment_103641\" aria-describedby=\"caption-attachment-103641\" style=\"width: 700px\" class=\"wp-caption alignnone\"><img data-recalc-dims=\"1\" loading=\"lazy\" decoding=\"async\" class=\"size-full wp-image-103641\" src=\"https:\/\/i0.wp.com\/eltrabajo.cl\/portal\/wp-content\/uploads\/2020\/10\/abuso-Mujeres.jpg?resize=640%2C480&#038;ssl=1\" alt=\"Las mujeres de Santa Mar\u00eda una vez conocida la noticia salieron de inmediato a la calle.\" width=\"640\" height=\"480\" srcset=\"https:\/\/i0.wp.com\/eltrabajo.cl\/portal\/wp-content\/uploads\/2020\/10\/abuso-Mujeres.jpg?w=700&amp;ssl=1 700w, https:\/\/i0.wp.com\/eltrabajo.cl\/portal\/wp-content\/uploads\/2020\/10\/abuso-Mujeres.jpg?resize=300%2C225&amp;ssl=1 300w, https:\/\/i0.wp.com\/eltrabajo.cl\/portal\/wp-content\/uploads\/2020\/10\/abuso-Mujeres.jpg?resize=200%2C150&amp;ssl=1 200w, https:\/\/i0.wp.com\/eltrabajo.cl\/portal\/wp-content\/uploads\/2020\/10\/abuso-Mujeres.jpg?resize=696%2C522&amp;ssl=1 696w\" sizes=\"auto, (max-width: 640px) 100vw, 640px\" \/><figcaption id=\"caption-attachment-103641\" class=\"wp-caption-text\">Las mujeres de Santa Mar\u00eda una vez conocida la noticia salieron de inmediato a la calle.<\/figcaption><\/figure>\n<figure id=\"attachment_103643\" aria-describedby=\"caption-attachment-103643\" style=\"width: 700px\" class=\"wp-caption alignnone\"><img data-recalc-dims=\"1\" loading=\"lazy\" decoding=\"async\" class=\"size-full wp-image-103643\" src=\"https:\/\/i0.wp.com\/eltrabajo.cl\/portal\/wp-content\/uploads\/2020\/10\/abuso-Lema.jpg?resize=640%2C640&#038;ssl=1\" alt=\"Frases en apoyo a los ni\u00f1os se pudo leer, luego que el imputado fuera nuevamente formalizado por m\u00e1s cargos de abuso sexual.\" width=\"640\" height=\"640\" srcset=\"https:\/\/i0.wp.com\/eltrabajo.cl\/portal\/wp-content\/uploads\/2020\/10\/abuso-Lema.jpg?w=700&amp;ssl=1 700w, https:\/\/i0.wp.com\/eltrabajo.cl\/portal\/wp-content\/uploads\/2020\/10\/abuso-Lema.jpg?resize=300%2C300&amp;ssl=1 300w, https:\/\/i0.wp.com\/eltrabajo.cl\/portal\/wp-content\/uploads\/2020\/10\/abuso-Lema.jpg?resize=150%2C150&amp;ssl=1 150w, https:\/\/i0.wp.com\/eltrabajo.cl\/portal\/wp-content\/uploads\/2020\/10\/abuso-Lema.jpg?resize=696%2C696&amp;ssl=1 696w\" sizes=\"auto, (max-width: 640px) 100vw, 640px\" \/><figcaption id=\"caption-attachment-103643\" class=\"wp-caption-text\">Frases en apoyo a los ni\u00f1os se pudo leer, luego que el imputado fuera nuevamente formalizado por m\u00e1s cargos de abuso sexual.<\/figcaption><\/figure>\n","protected":false},"excerpt":{"rendered":"<p>El Tribunal de Garant\u00eda de San Felipe revoc\u00f3 el Arresto Domiciliario por Prisi\u00f3n Preventiva contra el imputado de 50 a\u00f1os de edad de iniciales G.T., de oficio mec\u00e1nico, quien se encuentra acusado&#8230;<\/p>\n","protected":false},"author":482,"featured_media":103641,"comment_status":"closed","ping_status":"open","sticky":false,"template":"","format":"standard","meta":{"advanced_seo_description":"","jetpack_seo_html_title":"","jetpack_seo_noindex":false,"_jetpack_memberships_contains_paid_content":false,"footnotes":""},"categories":[97],"tags":[],"class_list":["post-103640","post","type-post","status-publish","format-standard","has-post-thumbnail","hentry","category-tribunales"],"jetpack_featured_media_url":"https:\/\/i0.wp.com\/eltrabajo.cl\/portal\/wp-content\/uploads\/2020\/10\/abuso-Mujeres.jpg?fit=700%2C525&ssl=1","jetpack_sharing_enabled":true,"jetpack_likes_enabled":true,"jetpack-related-posts":[],"_links":{"self":[{"href":"https:\/\/eltrabajo.cl\/portal\/wp-json\/wp\/v2\/posts\/103640","targetHints":{"allow":["GET"]}}],"collection":[{"href":"https:\/\/eltrabajo.cl\/portal\/wp-json\/wp\/v2\/posts"}],"about":[{"href":"https:\/\/eltrabajo.cl\/portal\/wp-json\/wp\/v2\/types\/post"}],"author":[{"embeddable":true,"href":"https:\/\/eltrabajo.cl\/portal\/wp-json\/wp\/v2\/users\/482"}],"replies":[{"embeddable":true,"href":"https:\/\/eltrabajo.cl\/portal\/wp-json\/wp\/v2\/comments?post=103640"}],"version-history":[{"count":0,"href":"https:\/\/eltrabajo.cl\/portal\/wp-json\/wp\/v2\/posts\/103640\/revisions"}],"wp:featuredmedia":[{"embeddable":true,"href":"https:\/\/eltrabajo.cl\/portal\/wp-json\/wp\/v2\/media\/103641"}],"wp:attachment":[{"href":"https:\/\/eltrabajo.cl\/portal\/wp-json\/wp\/v2\/media?parent=103640"}],"wp:term":[{"taxonomy":"category","embeddable":true,"href":"https:\/\/eltrabajo.cl\/portal\/wp-json\/wp\/v2\/categories?post=103640"},{"taxonomy":"post_tag","embeddable":true,"href":"https:\/\/eltrabajo.cl\/portal\/wp-json\/wp\/v2\/tags?post=103640"}],"curies":[{"name":"wp","href":"https:\/\/api.w.org\/{rel}","templated":true}]}}