{"id":103661,"date":"2020-10-27T07:35:12","date_gmt":"2020-10-27T10:35:12","guid":{"rendered":"https:\/\/www.eltrabajo.cl\/portal\/?p=103661"},"modified":"2020-10-26T21:51:18","modified_gmt":"2020-10-27T00:51:18","slug":"trasandino-sera-local-en-el-estadio-municipal-de-san-felipe","status":"publish","type":"post","link":"https:\/\/eltrabajo.cl\/portal\/trasandino-sera-local-en-el-estadio-municipal-de-san-felipe\/","title":{"rendered":"Trasandino ser\u00e1 local en el estadio Municipal de San Felipe"},"content":{"rendered":"<p style=\"text-align: justify;\">Las restricciones sanitarias del Covid\u201319 provocaron que el estadio Regional de Los Andes no califique para ser sede de los partidos de la Tercera Divisi\u00f3n A, lo que oblig\u00f3 a Trasandino a buscar alternativas para poder jugar sus partidos de local.<\/p>\n<p style=\"text-align: justify;\">Ante esta situaci\u00f3n el directorio del club andino ya tiene avanzadas conversaciones con el municipio sanfelipe\u00f1o, para que el coloso de la avenida Maip\u00fa se convierta en la casa deportiva de Trasandino mientras no se pueda usar el Regional. <em>\u00abSer\u00e1 nuestro hogar (el Regional) para desarrollar el protocolo y los entrenamientos, pero por las limitaciones es imposible jugar en \u00e9l, ya que se nos obliga a usar estadios habilitados por la serem\u00eda de salud y Estadio Seguro\u00bb,<\/em> explic\u00f3 el gerente deportivo <strong>Nelson C\u00f3rdova<\/strong>.<\/p>\n<p style=\"text-align: justify;\">El directivo reconoci\u00f3 que en un principio la idea era jugar en La Calera, pero como el Municipal de San Felipe fue visado por la autoridad, de inmediato se convirti\u00f3 en la primera opci\u00f3n. <em>\u00abLa Calera era el primero, incluso el Santa Laura, pero felizmente San Felipe tiene su estadio aprobado; eso es un motivo de alegr\u00eda porque la log\u00edstica se nos alivia mucho, adem\u00e1s que estamos al lado. Ya iniciamos las conversaciones y el actual alcalde nos recibi\u00f3 muy bien, as\u00ed que es algo concreto que el estadio Municipal de San Felipe ser\u00e1 donde jugaremos de local, quedando La Calera como segunda opci\u00f3n y lamentablemente por ahora el Regional queda en el tercer lugar\u00bb,<\/em> afirm\u00f3.<\/p>\n<figure id=\"attachment_103662\" aria-describedby=\"caption-attachment-103662\" style=\"width: 699px\" class=\"wp-caption alignnone\"><img data-recalc-dims=\"1\" loading=\"lazy\" decoding=\"async\" class=\"size-full wp-image-103662\" src=\"https:\/\/i0.wp.com\/eltrabajo.cl\/portal\/wp-content\/uploads\/2020\/10\/trasandino.jpg?resize=640%2C429&#038;ssl=1\" alt=\"Trasandino ser\u00e1 local en el estadio Municipal de San Felipe\" width=\"640\" height=\"429\" srcset=\"https:\/\/i0.wp.com\/eltrabajo.cl\/portal\/wp-content\/uploads\/2020\/10\/trasandino.jpg?w=699&amp;ssl=1 699w, https:\/\/i0.wp.com\/eltrabajo.cl\/portal\/wp-content\/uploads\/2020\/10\/trasandino.jpg?resize=300%2C201&amp;ssl=1 300w, https:\/\/i0.wp.com\/eltrabajo.cl\/portal\/wp-content\/uploads\/2020\/10\/trasandino.jpg?resize=200%2C134&amp;ssl=1 200w, https:\/\/i0.wp.com\/eltrabajo.cl\/portal\/wp-content\/uploads\/2020\/10\/trasandino.jpg?resize=696%2C467&amp;ssl=1 696w\" sizes=\"auto, (max-width: 640px) 100vw, 640px\" \/><figcaption id=\"caption-attachment-103662\" class=\"wp-caption-text\">Trasandino ser\u00e1 local en el estadio Municipal de San Felipe<\/figcaption><\/figure>\n","protected":false},"excerpt":{"rendered":"<p>Las restricciones sanitarias del Covid\u201319 provocaron que el estadio Regional de Los Andes no califique para ser sede de los partidos de la Tercera Divisi\u00f3n A, lo que oblig\u00f3 a Trasandino a&#8230;<\/p>\n","protected":false},"author":482,"featured_media":103662,"comment_status":"closed","ping_status":"open","sticky":false,"template":"","format":"standard","meta":{"advanced_seo_description":"","jetpack_seo_html_title":"","jetpack_seo_noindex":false,"_jetpack_memberships_contains_paid_content":false,"footnotes":""},"categories":[19],"tags":[],"class_list":["post-103661","post","type-post","status-publish","format-standard","has-post-thumbnail","hentry","category-deportes"],"jetpack_featured_media_url":"https:\/\/i0.wp.com\/eltrabajo.cl\/portal\/wp-content\/uploads\/2020\/10\/trasandino.jpg?fit=699%2C469&ssl=1","jetpack_sharing_enabled":true,"jetpack_likes_enabled":true,"jetpack-related-posts":[],"_links":{"self":[{"href":"https:\/\/eltrabajo.cl\/portal\/wp-json\/wp\/v2\/posts\/103661","targetHints":{"allow":["GET"]}}],"collection":[{"href":"https:\/\/eltrabajo.cl\/portal\/wp-json\/wp\/v2\/posts"}],"about":[{"href":"https:\/\/eltrabajo.cl\/portal\/wp-json\/wp\/v2\/types\/post"}],"author":[{"embeddable":true,"href":"https:\/\/eltrabajo.cl\/portal\/wp-json\/wp\/v2\/users\/482"}],"replies":[{"embeddable":true,"href":"https:\/\/eltrabajo.cl\/portal\/wp-json\/wp\/v2\/comments?post=103661"}],"version-history":[{"count":0,"href":"https:\/\/eltrabajo.cl\/portal\/wp-json\/wp\/v2\/posts\/103661\/revisions"}],"wp:featuredmedia":[{"embeddable":true,"href":"https:\/\/eltrabajo.cl\/portal\/wp-json\/wp\/v2\/media\/103662"}],"wp:attachment":[{"href":"https:\/\/eltrabajo.cl\/portal\/wp-json\/wp\/v2\/media?parent=103661"}],"wp:term":[{"taxonomy":"category","embeddable":true,"href":"https:\/\/eltrabajo.cl\/portal\/wp-json\/wp\/v2\/categories?post=103661"},{"taxonomy":"post_tag","embeddable":true,"href":"https:\/\/eltrabajo.cl\/portal\/wp-json\/wp\/v2\/tags?post=103661"}],"curies":[{"name":"wp","href":"https:\/\/api.w.org\/{rel}","templated":true}]}}