{"id":103664,"date":"2020-10-27T07:40:57","date_gmt":"2020-10-27T10:40:57","guid":{"rendered":"https:\/\/www.eltrabajo.cl\/portal\/?p=103664"},"modified":"2020-10-26T21:54:00","modified_gmt":"2020-10-27T00:54:00","slug":"el-uni-uni-comienza-a-jugar-la-segunda-rueda-del-campeonato-de-la-b-chileno","status":"publish","type":"post","link":"https:\/\/eltrabajo.cl\/portal\/el-uni-uni-comienza-a-jugar-la-segunda-rueda-del-campeonato-de-la-b-chileno\/","title":{"rendered":"El Un\u00ed Un\u00ed comienza a jugar la segunda rueda del campeonato de la B chileno"},"content":{"rendered":"<p style=\"text-align: justify;\">Uni\u00f3n San Felipe y San Luis ser\u00e1n los encargados de dar el vamos a la rueda de revanchas del torneo oficial de la Primera Divisi\u00f3n B. El duelo entre los cuadros de la Quinta regi\u00f3n interior est\u00e1 programado para las 13:30 horas de hoy, y el encargado de impartir justicia en el juego que tendr\u00e1 como escenario el coloso de la Avenida Maip\u00fa, ser\u00e1 el juez <strong>Rodrigo Carvajal<\/strong>.<\/p>\n<p style=\"text-align: justify;\">El Un\u00ed Un\u00ed llega herido al encuentro contra el cuadro canario despu\u00e9s de las derrotas en l\u00ednea que sufri\u00f3 en la parte final de la primera manga de la competencia, en la cual cumpli\u00f3 una campa\u00f1a que puede catalogarse como positiva al cumplir con el objetivo de estar en puestos de liguilla de ascenso.<\/p>\n<p style=\"text-align: justify;\">En el reinicio de la competencia es muy probable que los albirrojos vuelvan a contar con el lateral derecho <strong>Francisco Salinas<\/strong>, quien tras superar una lesi\u00f3n recuperar\u00eda su lugar, dejando en el banco de suplentes al juvenil <strong>Mat\u00edas Torres<\/strong>.<\/p>\n<p style=\"text-align: justify;\">De no haber modificaciones de \u00faltima hora, la m\u00e1s probable formaci\u00f3n de Uni\u00f3n San Felipe ser\u00eda la siguiente: Andr\u00e9s Fern\u00e1ndez; Francisco Salinas, V\u00edctor Morales, Jes\u00fas Pino, Gonzalo Villegas; Leandro Fioravanti, Tom\u00e1s Lanzini, Gonzalo \u00c1lvarez, Jimmy Cisterna, Pablo Vergara y Julio Castro.<\/p>\n<p style=\"text-align: justify;\">\n<p style=\"text-align: justify;\"><strong>Programaci\u00f3n fecha 16\u00aa<\/strong><\/p>\n<p style=\"text-align: justify;\"><strong>Martes 27 <\/strong><\/p>\n<p style=\"text-align: justify;\">13:30 horas: Uni\u00f3n San Felipe \u2013 San Luis<\/p>\n<p style=\"text-align: justify;\"><strong>Mi\u00e9rcoles 28<\/strong><\/p>\n<p style=\"text-align: justify;\">11:00 horas: Valdivia \u2013 Rangers<\/p>\n<p style=\"text-align: justify;\">11:00 horas: Cobreloa \u2013 Santiago Morning<\/p>\n<p style=\"text-align: justify;\">11:00 horas: Puerto Montt \u2013 Santa Cruz<\/p>\n<p style=\"text-align: justify;\">11:00 horas: Melipilla \u2013 Deportes Copiap\u00f3<\/p>\n<p style=\"text-align: justify;\">13:30 horas: Magallanes \u2013 \u00d1ublense<\/p>\n<p style=\"text-align: justify;\">14:00 horas: San Marcos \u2013 Deportes Temuco<\/p>\n<p style=\"text-align: justify;\">Libre: Barnechea<\/p>\n<p style=\"text-align: justify;\">\n<p style=\"text-align: justify;\"><strong>Tabla de Posiciones<\/strong><\/p>\n<p style=\"text-align: justify;\">Lugar\u00a0\u00a0\u00a0 Ptos.<\/p>\n<p style=\"text-align: justify;\">\u00d1ublense\u00a0\u00a0\u00a0\u00a0\u00a0\u00a0\u00a0\u00a0\u00a0\u00a0\u00a0 29<\/p>\n<p style=\"text-align: justify;\">Melipilla \u00a0\u00a0\u00a0\u00a0\u00a0\u00a0\u00a0\u00a0\u00a0\u00a0\u00a0 25<\/p>\n<p style=\"text-align: justify;\">Magallanes \u00a0\u00a0\u00a0\u00a0\u00a0\u00a0 24<\/p>\n<p style=\"text-align: justify;\">Rangers \u00a0\u00a0\u00a0\u00a0\u00a0\u00a0\u00a0\u00a0\u00a0\u00a0\u00a0\u00a0\u00a0 23<\/p>\n<p style=\"text-align: justify;\"><strong>Uni\u00f3n San Felipe \u00a0\u00a0\u00a0\u00a0\u00a0\u00a0\u00a0\u00a0\u00a0\u00a0\u00a0 23<\/strong><\/p>\n<p style=\"text-align: justify;\">Copiap\u00f3\u00a0\u00a0\u00a0\u00a0\u00a0\u00a0\u00a0\u00a0\u00a0\u00a0\u00a0\u00a0\u00a0\u00a0 19<\/p>\n<p style=\"text-align: justify;\">Valdivia \u00a0\u00a0\u00a0\u00a0\u00a0\u00a0\u00a0\u00a0\u00a0\u00a0\u00a0\u00a0\u00a0 19<\/p>\n<p style=\"text-align: justify;\">Puerto Montt\u00a0\u00a0\u00a0\u00a0 19<\/p>\n<p style=\"text-align: justify;\">San Luis \u00a0\u00a0\u00a0\u00a0\u00a0\u00a0\u00a0\u00a0\u00a0\u00a0\u00a0\u00a0 18<\/p>\n<p style=\"text-align: justify;\">San Marcos \u00a0\u00a0\u00a0\u00a0\u00a0\u00a0\u00a0 17<\/p>\n<p style=\"text-align: justify;\">Cobreloa \u00a0\u00a0\u00a0\u00a0\u00a0\u00a0\u00a0\u00a0\u00a0\u00a0\u00a0\u00a0 16<\/p>\n<p style=\"text-align: justify;\">Temuco \u00a0\u00a0\u00a0\u00a0\u00a0\u00a0\u00a0\u00a0\u00a0\u00a0\u00a0\u00a0\u00a0 14<\/p>\n<p style=\"text-align: justify;\">Barnechea \u00a0\u00a0\u00a0\u00a0\u00a0\u00a0\u00a0\u00a0 13<\/p>\n<p style=\"text-align: justify;\">Santa Cruz \u00a0\u00a0\u00a0\u00a0\u00a0\u00a0\u00a0\u00a0 12<\/p>\n<p style=\"text-align: justify;\">Santiago Morning \u00a0\u00a0\u00a0\u00a0\u00a0\u00a0\u00a0\u00a0\u00a0\u00a0 10<\/p>\n<figure id=\"attachment_103665\" aria-describedby=\"caption-attachment-103665\" style=\"width: 698px\" class=\"wp-caption alignnone\"><img data-recalc-dims=\"1\" loading=\"lazy\" decoding=\"async\" class=\"size-full wp-image-103665\" src=\"https:\/\/i0.wp.com\/eltrabajo.cl\/portal\/wp-content\/uploads\/2020\/10\/uni-uni-3.jpg?resize=640%2C408&#038;ssl=1\" alt=\"Uni\u00f3n San Felipe y San Luis ser\u00e1n los encargados de abrir los fuegos en la rueda de revanchas del torneo de plata del f\u00fatbol chileno.\" width=\"640\" height=\"408\" srcset=\"https:\/\/i0.wp.com\/eltrabajo.cl\/portal\/wp-content\/uploads\/2020\/10\/uni-uni-3.jpg?w=698&amp;ssl=1 698w, https:\/\/i0.wp.com\/eltrabajo.cl\/portal\/wp-content\/uploads\/2020\/10\/uni-uni-3.jpg?resize=300%2C191&amp;ssl=1 300w, https:\/\/i0.wp.com\/eltrabajo.cl\/portal\/wp-content\/uploads\/2020\/10\/uni-uni-3.jpg?resize=200%2C128&amp;ssl=1 200w, https:\/\/i0.wp.com\/eltrabajo.cl\/portal\/wp-content\/uploads\/2020\/10\/uni-uni-3.jpg?resize=696%2C444&amp;ssl=1 696w\" sizes=\"auto, (max-width: 640px) 100vw, 640px\" \/><figcaption id=\"caption-attachment-103665\" class=\"wp-caption-text\">Uni\u00f3n San Felipe y San Luis ser\u00e1n los encargados de abrir los fuegos en la rueda de revanchas del torneo de plata del f\u00fatbol chileno.<\/figcaption><\/figure>\n","protected":false},"excerpt":{"rendered":"<p>Uni\u00f3n San Felipe y San Luis ser\u00e1n los encargados de dar el vamos a la rueda de revanchas del torneo oficial de la Primera Divisi\u00f3n B. El duelo entre los cuadros de&#8230;<\/p>\n","protected":false},"author":482,"featured_media":103665,"comment_status":"closed","ping_status":"open","sticky":false,"template":"","format":"standard","meta":{"advanced_seo_description":"","jetpack_seo_html_title":"","jetpack_seo_noindex":false,"_jetpack_memberships_contains_paid_content":false,"footnotes":""},"categories":[19],"tags":[],"class_list":["post-103664","post","type-post","status-publish","format-standard","has-post-thumbnail","hentry","category-deportes"],"jetpack_featured_media_url":"https:\/\/i0.wp.com\/eltrabajo.cl\/portal\/wp-content\/uploads\/2020\/10\/uni-uni-3.jpg?fit=698%2C445&ssl=1","jetpack_sharing_enabled":true,"jetpack_likes_enabled":true,"jetpack-related-posts":[],"_links":{"self":[{"href":"https:\/\/eltrabajo.cl\/portal\/wp-json\/wp\/v2\/posts\/103664","targetHints":{"allow":["GET"]}}],"collection":[{"href":"https:\/\/eltrabajo.cl\/portal\/wp-json\/wp\/v2\/posts"}],"about":[{"href":"https:\/\/eltrabajo.cl\/portal\/wp-json\/wp\/v2\/types\/post"}],"author":[{"embeddable":true,"href":"https:\/\/eltrabajo.cl\/portal\/wp-json\/wp\/v2\/users\/482"}],"replies":[{"embeddable":true,"href":"https:\/\/eltrabajo.cl\/portal\/wp-json\/wp\/v2\/comments?post=103664"}],"version-history":[{"count":0,"href":"https:\/\/eltrabajo.cl\/portal\/wp-json\/wp\/v2\/posts\/103664\/revisions"}],"wp:featuredmedia":[{"embeddable":true,"href":"https:\/\/eltrabajo.cl\/portal\/wp-json\/wp\/v2\/media\/103665"}],"wp:attachment":[{"href":"https:\/\/eltrabajo.cl\/portal\/wp-json\/wp\/v2\/media?parent=103664"}],"wp:term":[{"taxonomy":"category","embeddable":true,"href":"https:\/\/eltrabajo.cl\/portal\/wp-json\/wp\/v2\/categories?post=103664"},{"taxonomy":"post_tag","embeddable":true,"href":"https:\/\/eltrabajo.cl\/portal\/wp-json\/wp\/v2\/tags?post=103664"}],"curies":[{"name":"wp","href":"https:\/\/api.w.org\/{rel}","templated":true}]}}