{"id":103693,"date":"2020-10-27T20:04:30","date_gmt":"2020-10-27T23:04:30","guid":{"rendered":"https:\/\/www.eltrabajo.cl\/portal\/?p=103693"},"modified":"2020-10-27T20:04:30","modified_gmt":"2020-10-27T23:04:30","slug":"en-una-pesima-presentacion-union-san-felipe-empata-a-1-con-san-luis","status":"publish","type":"post","link":"https:\/\/eltrabajo.cl\/portal\/en-una-pesima-presentacion-union-san-felipe-empata-a-1-con-san-luis\/","title":{"rendered":"En una p\u00e9sima presentaci\u00f3n Uni\u00f3n San Felipe empata a 1 con San Luis"},"content":{"rendered":"<p style=\"text-align: justify;\">En el que quiz\u00e1s fue su peor presentaci\u00f3n en a\u00f1os, Uni\u00f3n San Felipe \u2018rescat\u00f3\u2019 un empate como local frente a San Luis. Decir que el conjunto albirrojo rescat\u00f3 una igualdad no es una exageraci\u00f3n ya que, si en el f\u00fatbol existiera la justicia, el triunfo debi\u00f3 hab\u00e9rselo llevado el conjunto quillotano.<\/p>\n<p style=\"text-align: justify;\">Se esperaba mucho de los sanfelipe\u00f1os, pero tempranamente qued\u00f3 en claro que las cosas nos ser\u00edan simples porque San Luis los ahog\u00f3 en la salida, adem\u00e1s de anular a <strong>Gonzalo \u00c1lvarez<\/strong>. Sin claridad en la salida el Un\u00ed Un\u00ed s\u00f3lo atinaba a jugar a trazos largos, adem\u00e1s de poner todas sus fichas en alg\u00fan individual de \u00c1lvarez, Cisterna o Vergara.<\/p>\n<p style=\"text-align: justify;\">La primera etapa termin\u00f3 igualada en blanco, pero ya durante los primeros 45 minutos hab\u00eda quedado claro que el cuadro \u2018canario\u2019 en cualquier momento pod\u00eda hacer el desnivel. Fue en el 54\u2019 cuando <strong>Franco Ortega<\/strong> encendi\u00f3 todas las alarmas al adelantar a los visitantes en el marcador.<\/p>\n<p style=\"text-align: justify;\">Lo que vino despu\u00e9s por parte de los sanfelipe\u00f1os estuvo lejos de lo que se le puede pedir a un equipo de la serie B del f\u00fatbol chileno, porque intentaron llegar al empate sin ning\u00fan orden, y si lo consiguieron a tres minutos del final del pleito fue \u00fanica y exclusivamente por una duda o desatenci\u00f3n de forastero al permitir que <strong>Pablo Vergara<\/strong> ganara la l\u00ednea de fondo de la franja izquierda desde donde sac\u00f3 un centro que fue bien capitalizado por el juvenil <strong>Mat\u00edas Torres<\/strong>, que con su gol al menos impidi\u00f3 un desastre.<\/p>\n<p style=\"text-align: justify;\">\n<p style=\"text-align: justify;\"><strong>Ficha T\u00e9cnica:<\/strong><\/p>\n<p style=\"text-align: justify;\">Fecha 15\u00aa<\/p>\n<p style=\"text-align: justify;\">Torneo Nacional Primera B<\/p>\n<p style=\"text-align: justify;\">\u00c1rbitro: Julio Bascu\u00f1\u00e1n<\/p>\n<p style=\"text-align: justify;\">Uni\u00f3n San Felipe (1): Andr\u00e9s Fern\u00e1ndez; Mat\u00edas Torres, Jes\u00fas Pino, V\u00edctor Morales, Gonzalo Villegas; Leandro Fioravanti (Orme\u00f1o), Tom\u00e1s Lanzini, Gonzalo \u00c1lvarez (Az\u00f3car), Jimmy Cisterna (Lagos), Pablo Vergara, Julio Castro (Mes\u00edas). DT: Erwin Dur\u00e1n<\/p>\n<p style=\"text-align: justify;\">San Luis (1): Pablo Heredia; Daniel Viveros, Daniel Vicencio, Andr\u00e9s Imperiale, Ignacio Lara, Hugo Soria, \u00c1lvaro C\u00e9sped, Juan Estrada (Verhoeven), Sebasti\u00e1n Parada (Zedan), Jean Paul Pineda (Araya), Franco Ortega (Espinoza). DT: Marcelo Raya<\/p>\n<p style=\"text-align: justify;\"><strong>Goles<\/strong><\/p>\n<p style=\"text-align: justify;\">0-1, 54\u2019 Franco Ortega(SL)<\/p>\n<p style=\"text-align: justify;\">1-1, 87\u2019 Mat\u00edas Torres (USF)<\/p>\n<figure id=\"attachment_103694\" aria-describedby=\"caption-attachment-103694\" style=\"width: 699px\" class=\"wp-caption alignnone\"><img data-recalc-dims=\"1\" loading=\"lazy\" decoding=\"async\" class=\"size-full wp-image-103694\" src=\"https:\/\/i0.wp.com\/eltrabajo.cl\/portal\/wp-content\/uploads\/2020\/10\/uni-alvarez-2.jpg?resize=640%2C579&#038;ssl=1\" alt=\"El volante ofensivo Gonzalo \u00c1lvarez no gravit\u00f3 como en otras jornadas al ser muy bien custodiado por los defensores de San Luis. (Foto: Jaime G\u00f3mez Corales)\" width=\"640\" height=\"579\" srcset=\"https:\/\/i0.wp.com\/eltrabajo.cl\/portal\/wp-content\/uploads\/2020\/10\/uni-alvarez-2.jpg?w=699&amp;ssl=1 699w, https:\/\/i0.wp.com\/eltrabajo.cl\/portal\/wp-content\/uploads\/2020\/10\/uni-alvarez-2.jpg?resize=300%2C271&amp;ssl=1 300w, https:\/\/i0.wp.com\/eltrabajo.cl\/portal\/wp-content\/uploads\/2020\/10\/uni-alvarez-2.jpg?resize=166%2C150&amp;ssl=1 166w, https:\/\/i0.wp.com\/eltrabajo.cl\/portal\/wp-content\/uploads\/2020\/10\/uni-alvarez-2.jpg?resize=696%2C629&amp;ssl=1 696w\" sizes=\"auto, (max-width: 640px) 100vw, 640px\" \/><figcaption id=\"caption-attachment-103694\" class=\"wp-caption-text\">El volante ofensivo Gonzalo \u00c1lvarez no gravit\u00f3 como en otras jornadas al ser muy bien custodiado por los defensores de San Luis. (Foto: Jaime G\u00f3mez Corales)<\/figcaption><\/figure>\n<figure id=\"attachment_103695\" aria-describedby=\"caption-attachment-103695\" style=\"width: 699px\" class=\"wp-caption alignnone\"><img data-recalc-dims=\"1\" loading=\"lazy\" decoding=\"async\" class=\"size-full wp-image-103695\" src=\"https:\/\/i0.wp.com\/eltrabajo.cl\/portal\/wp-content\/uploads\/2020\/10\/uni-vergara-1.jpg?resize=640%2C419&#038;ssl=1\" alt=\"De un centro de Pablo Vergara sali\u00f3 la jugada que culmin\u00f3 en el gol del Un\u00ed Un\u00ed. (Foto: Jaime G\u00f3mez Corales)\" width=\"640\" height=\"419\" srcset=\"https:\/\/i0.wp.com\/eltrabajo.cl\/portal\/wp-content\/uploads\/2020\/10\/uni-vergara-1.jpg?w=699&amp;ssl=1 699w, https:\/\/i0.wp.com\/eltrabajo.cl\/portal\/wp-content\/uploads\/2020\/10\/uni-vergara-1.jpg?resize=300%2C197&amp;ssl=1 300w, https:\/\/i0.wp.com\/eltrabajo.cl\/portal\/wp-content\/uploads\/2020\/10\/uni-vergara-1.jpg?resize=200%2C131&amp;ssl=1 200w, https:\/\/i0.wp.com\/eltrabajo.cl\/portal\/wp-content\/uploads\/2020\/10\/uni-vergara-1.jpg?resize=696%2C456&amp;ssl=1 696w\" sizes=\"auto, (max-width: 640px) 100vw, 640px\" \/><figcaption id=\"caption-attachment-103695\" class=\"wp-caption-text\">De un centro de Pablo Vergara sali\u00f3 la jugada que culmin\u00f3 en el gol del Un\u00ed Un\u00ed. (Foto: Jaime G\u00f3mez Corales)<\/figcaption><\/figure>\n","protected":false},"excerpt":{"rendered":"<p>En el que quiz\u00e1s fue su peor presentaci\u00f3n en a\u00f1os, Uni\u00f3n San Felipe \u2018rescat\u00f3\u2019 un empate como local frente a San Luis. Decir que el conjunto albirrojo rescat\u00f3 una igualdad no es&#8230;<\/p>\n","protected":false},"author":482,"featured_media":103695,"comment_status":"closed","ping_status":"open","sticky":false,"template":"","format":"standard","meta":{"advanced_seo_description":"","jetpack_seo_html_title":"","jetpack_seo_noindex":false,"_jetpack_memberships_contains_paid_content":false,"footnotes":""},"categories":[19],"tags":[],"class_list":["post-103693","post","type-post","status-publish","format-standard","has-post-thumbnail","hentry","category-deportes"],"jetpack_featured_media_url":"https:\/\/i0.wp.com\/eltrabajo.cl\/portal\/wp-content\/uploads\/2020\/10\/uni-vergara-1.jpg?fit=699%2C458&ssl=1","jetpack_sharing_enabled":true,"jetpack_likes_enabled":true,"jetpack-related-posts":[],"_links":{"self":[{"href":"https:\/\/eltrabajo.cl\/portal\/wp-json\/wp\/v2\/posts\/103693","targetHints":{"allow":["GET"]}}],"collection":[{"href":"https:\/\/eltrabajo.cl\/portal\/wp-json\/wp\/v2\/posts"}],"about":[{"href":"https:\/\/eltrabajo.cl\/portal\/wp-json\/wp\/v2\/types\/post"}],"author":[{"embeddable":true,"href":"https:\/\/eltrabajo.cl\/portal\/wp-json\/wp\/v2\/users\/482"}],"replies":[{"embeddable":true,"href":"https:\/\/eltrabajo.cl\/portal\/wp-json\/wp\/v2\/comments?post=103693"}],"version-history":[{"count":0,"href":"https:\/\/eltrabajo.cl\/portal\/wp-json\/wp\/v2\/posts\/103693\/revisions"}],"wp:featuredmedia":[{"embeddable":true,"href":"https:\/\/eltrabajo.cl\/portal\/wp-json\/wp\/v2\/media\/103695"}],"wp:attachment":[{"href":"https:\/\/eltrabajo.cl\/portal\/wp-json\/wp\/v2\/media?parent=103693"}],"wp:term":[{"taxonomy":"category","embeddable":true,"href":"https:\/\/eltrabajo.cl\/portal\/wp-json\/wp\/v2\/categories?post=103693"},{"taxonomy":"post_tag","embeddable":true,"href":"https:\/\/eltrabajo.cl\/portal\/wp-json\/wp\/v2\/tags?post=103693"}],"curies":[{"name":"wp","href":"https:\/\/api.w.org\/{rel}","templated":true}]}}