{"id":103700,"date":"2020-10-28T07:45:18","date_gmt":"2020-10-28T10:45:18","guid":{"rendered":"https:\/\/www.eltrabajo.cl\/portal\/?p=103700"},"modified":"2020-10-27T20:09:17","modified_gmt":"2020-10-27T23:09:17","slug":"directivos-de-la-asociacion-de-futbol-local-se-reunieron-con-el-alcalde-beals","status":"publish","type":"post","link":"https:\/\/eltrabajo.cl\/portal\/directivos-de-la-asociacion-de-futbol-local-se-reunieron-con-el-alcalde-beals\/","title":{"rendered":"Directivos de la Asociaci\u00f3n de f\u00fatbol local se reunieron con el alcalde Beals"},"content":{"rendered":"<p style=\"text-align: justify;\">La tarde del lunes pasado en las instalaciones del Consejo Local de Deportes, el alcalde suplente <strong>Christian Beals<\/strong> se reuni\u00f3 con 10 presidentes (se ausent\u00f3 USA) de los 11 clubes que componen la Asociaci\u00f3n de F\u00fatbol Amateur.<\/p>\n<p style=\"text-align: justify;\">En la reuni\u00f3n el alcalde suplente se comprometi\u00f3 a apoyar a las instituciones con proyectos que les permitan mejorar sus respectivos campos deportivos, adem\u00e1s de ofrecer una subvenci\u00f3n para el futuro, cuyo monto depender\u00e1 de un informe que previamente le har\u00e1 el directorio del ente rector del balompi\u00e9 aficionado local.<\/p>\n<p style=\"text-align: justify;\">Otro tema importante y sensible que se trat\u00f3 en la reuni\u00f3n fue el relativo al Complejo ANFA, que deber\u00eda comenzar a ser mejorado en el corto tiempo, partiendo por una soluci\u00f3n definitiva al regad\u00edo y la construcci\u00f3n de camarines. Para m\u00e1s adelante se har\u00e1 un proyecto para mejorar los tres campos deportivos.<\/p>\n<p style=\"text-align: justify;\">El presidente de la centenaria organizaci\u00f3n deportiva sanfelipe\u00f1a, <strong>Ra\u00fal Reinoso<\/strong>, se mostr\u00f3 satisfecho por los resultados de la cita, aunque igual fue cauto. <em>\u00abEl alcalde ya puso una persona con dedicaci\u00f3n exclusiva para la elaboraci\u00f3n de los proyectos; nos asegur\u00f3 que \u00e9stos saldr\u00edan y se ejecutar\u00edan, independiente si \u00e9l sigue o no al mando del municipio. La verdad yo sigo en el predicamento de \u2018ver para creer\u2019 y solo resta esperar que de una vez por todas logremos algo y al fin las promesas sean una realidad\u00bb,<\/em> afirm\u00f3 el dirigente.<\/p>\n<figure id=\"attachment_103701\" aria-describedby=\"caption-attachment-103701\" style=\"width: 698px\" class=\"wp-caption alignnone\"><img data-recalc-dims=\"1\" loading=\"lazy\" decoding=\"async\" class=\"size-full wp-image-103701\" src=\"https:\/\/i0.wp.com\/eltrabajo.cl\/portal\/wp-content\/uploads\/2020\/10\/reunion-alcalde-y-Rulo.jpg?resize=640%2C394&#038;ssl=1\" alt=\"El alcalde y el presidente de la asociaci\u00f3n encabezaron la reuni\u00f3n \" width=\"640\" height=\"394\" srcset=\"https:\/\/i0.wp.com\/eltrabajo.cl\/portal\/wp-content\/uploads\/2020\/10\/reunion-alcalde-y-Rulo.jpg?w=698&amp;ssl=1 698w, https:\/\/i0.wp.com\/eltrabajo.cl\/portal\/wp-content\/uploads\/2020\/10\/reunion-alcalde-y-Rulo.jpg?resize=300%2C185&amp;ssl=1 300w, https:\/\/i0.wp.com\/eltrabajo.cl\/portal\/wp-content\/uploads\/2020\/10\/reunion-alcalde-y-Rulo.jpg?resize=200%2C123&amp;ssl=1 200w, https:\/\/i0.wp.com\/eltrabajo.cl\/portal\/wp-content\/uploads\/2020\/10\/reunion-alcalde-y-Rulo.jpg?resize=696%2C429&amp;ssl=1 696w\" sizes=\"auto, (max-width: 640px) 100vw, 640px\" \/><figcaption id=\"caption-attachment-103701\" class=\"wp-caption-text\">El alcalde y el presidente de la asociaci\u00f3n encabezaron la reuni\u00f3n<\/figcaption><\/figure>\n<figure id=\"attachment_103702\" aria-describedby=\"caption-attachment-103702\" style=\"width: 699px\" class=\"wp-caption alignnone\"><img data-recalc-dims=\"1\" loading=\"lazy\" decoding=\"async\" class=\"size-full wp-image-103702\" src=\"https:\/\/i0.wp.com\/eltrabajo.cl\/portal\/wp-content\/uploads\/2020\/10\/reunion-anfa.jpg?resize=640%2C290&#038;ssl=1\" alt=\"A la cita asisti\u00f3 la mayor\u00eda de los presidentes de los clubes que son parte de la asociaci\u00f3n de f\u00fatbol de San Felipe.\" width=\"640\" height=\"290\" srcset=\"https:\/\/i0.wp.com\/eltrabajo.cl\/portal\/wp-content\/uploads\/2020\/10\/reunion-anfa.jpg?w=699&amp;ssl=1 699w, https:\/\/i0.wp.com\/eltrabajo.cl\/portal\/wp-content\/uploads\/2020\/10\/reunion-anfa.jpg?resize=300%2C136&amp;ssl=1 300w, https:\/\/i0.wp.com\/eltrabajo.cl\/portal\/wp-content\/uploads\/2020\/10\/reunion-anfa.jpg?resize=200%2C91&amp;ssl=1 200w, https:\/\/i0.wp.com\/eltrabajo.cl\/portal\/wp-content\/uploads\/2020\/10\/reunion-anfa.jpg?resize=696%2C316&amp;ssl=1 696w\" sizes=\"auto, (max-width: 640px) 100vw, 640px\" \/><figcaption id=\"caption-attachment-103702\" class=\"wp-caption-text\">A la cita asisti\u00f3 la mayor\u00eda de los presidentes de los clubes que son parte de la asociaci\u00f3n de f\u00fatbol de San Felipe.<\/figcaption><\/figure>\n","protected":false},"excerpt":{"rendered":"<p>La tarde del lunes pasado en las instalaciones del Consejo Local de Deportes, el alcalde suplente Christian Beals se reuni\u00f3 con 10 presidentes (se ausent\u00f3 USA) de los 11 clubes que componen&#8230;<\/p>\n","protected":false},"author":482,"featured_media":103702,"comment_status":"closed","ping_status":"open","sticky":false,"template":"","format":"standard","meta":{"advanced_seo_description":"","jetpack_seo_html_title":"","jetpack_seo_noindex":false,"_jetpack_memberships_contains_paid_content":false,"footnotes":""},"categories":[19],"tags":[],"class_list":["post-103700","post","type-post","status-publish","format-standard","has-post-thumbnail","hentry","category-deportes"],"jetpack_featured_media_url":"https:\/\/i0.wp.com\/eltrabajo.cl\/portal\/wp-content\/uploads\/2020\/10\/reunion-anfa.jpg?fit=699%2C317&ssl=1","jetpack_sharing_enabled":true,"jetpack_likes_enabled":true,"jetpack-related-posts":[],"_links":{"self":[{"href":"https:\/\/eltrabajo.cl\/portal\/wp-json\/wp\/v2\/posts\/103700","targetHints":{"allow":["GET"]}}],"collection":[{"href":"https:\/\/eltrabajo.cl\/portal\/wp-json\/wp\/v2\/posts"}],"about":[{"href":"https:\/\/eltrabajo.cl\/portal\/wp-json\/wp\/v2\/types\/post"}],"author":[{"embeddable":true,"href":"https:\/\/eltrabajo.cl\/portal\/wp-json\/wp\/v2\/users\/482"}],"replies":[{"embeddable":true,"href":"https:\/\/eltrabajo.cl\/portal\/wp-json\/wp\/v2\/comments?post=103700"}],"version-history":[{"count":0,"href":"https:\/\/eltrabajo.cl\/portal\/wp-json\/wp\/v2\/posts\/103700\/revisions"}],"wp:featuredmedia":[{"embeddable":true,"href":"https:\/\/eltrabajo.cl\/portal\/wp-json\/wp\/v2\/media\/103702"}],"wp:attachment":[{"href":"https:\/\/eltrabajo.cl\/portal\/wp-json\/wp\/v2\/media?parent=103700"}],"wp:term":[{"taxonomy":"category","embeddable":true,"href":"https:\/\/eltrabajo.cl\/portal\/wp-json\/wp\/v2\/categories?post=103700"},{"taxonomy":"post_tag","embeddable":true,"href":"https:\/\/eltrabajo.cl\/portal\/wp-json\/wp\/v2\/tags?post=103700"}],"curies":[{"name":"wp","href":"https:\/\/api.w.org\/{rel}","templated":true}]}}