{"id":103733,"date":"2020-10-29T07:45:10","date_gmt":"2020-10-29T10:45:10","guid":{"rendered":"https:\/\/www.eltrabajo.cl\/portal\/?p=103733"},"modified":"2020-10-28T23:02:33","modified_gmt":"2020-10-29T02:02:33","slug":"nuevo-delantero-del-uni-uni-espera-pronto-poder-debutar","status":"publish","type":"post","link":"https:\/\/eltrabajo.cl\/portal\/nuevo-delantero-del-uni-uni-espera-pronto-poder-debutar\/","title":{"rendered":"Nuevo delantero del Un\u00ed Un\u00ed espera pronto poder debutar"},"content":{"rendered":"<p style=\"text-align: justify;\">El nuevo ariete de Uni\u00f3n San Felipe, <strong>Daniel Opazo<\/strong>, entreg\u00f3 sus impresiones de su arribo a la tienda sanfelipe\u00f1a. El delantero de nacionalidad trasandina tiene muy claro que sobre sus espaldas habr\u00e1 una gran responsabilidad, debido a que el equipo necesita con urgencia\u00a0 gol, adem\u00e1s que\u00a0 est\u00e1 obligado a levantarse para poder seguir metido en la parte alta de la tabla. <em>\u00abMe tomo esa responsabilidad de manera muy tranquila porque en mi carrera ya he sabido de eso cuando estuve en Newell\u2019s Old Boys, donde hab\u00eda mucha presi\u00f3n. Lo importante ahora es conocer bien a mis compa\u00f1eros para adaptarme lo antes posible. Estoy muy tranquilo porque tengo muy claro que todo se logra con trabajo\u00bb,<\/em> se\u00f1al\u00f3 el refuerzo.<\/p>\n<p style=\"text-align: justify;\">Opazo entreg\u00f3 algunos datos respecto a las caracter\u00edsticas que tiene como ariete. <em>\u00abSoy de perfil derecho, pero le pego con las dos piernas. Soy un delantero aguerrido que siempre trata de lidiar con las defensas y volantes de los equipos rivales. Me acomoda el juego a\u00e9reo, adem\u00e1s de oportunista\u00bb,<\/em> cont\u00f3.<\/p>\n<p style=\"text-align: justify;\">Las buenas instalaciones del Un\u00ed Un\u00ed fueron un punto que destac\u00f3 el jugador llegado desde el Cipolletti. <em>\u00abLa verdad estoy muy contento, porque me encontr\u00e9 con una instituci\u00f3n que se ve muy ordenada, lo que se refleja en el predio <\/em>(Complejo Deportivo)<em> que posee; adem\u00e1s que la recepci\u00f3n del grupo fue extraordinaria\u00bb,<\/em> afirm\u00f3.<\/p>\n<p style=\"text-align: justify;\">Respecto a su puesta a punto, Daniel Opazo es muy optimista: <em>\u00abCreo que r\u00e1pidamente podr\u00e9 estar disponible porque en ning\u00fan momento he dejado de entrenar, as\u00ed que en un corto tiempo ya podr\u00e9 estar a disposici\u00f3n del \u2018profe\u00bb,<\/em> explic\u00f3.<\/p>\n<p style=\"text-align: justify;\">En el final el nuevo elemento albirrojo mand\u00f3 un mensaje a los seguidores del Un\u00ed Un\u00ed: <em>\u00abQuiero agradecerles las muestras de confianza y los mensajes de bienvenida que me enviaron. Les digo que har\u00e9 todo lo posible por retribuirlos con buenas actuaciones\u00bb,<\/em> remat\u00f3.<\/p>\n<figure id=\"attachment_103734\" aria-describedby=\"caption-attachment-103734\" style=\"width: 700px\" class=\"wp-caption alignnone\"><img data-recalc-dims=\"1\" loading=\"lazy\" decoding=\"async\" class=\"size-full wp-image-103734\" src=\"https:\/\/i0.wp.com\/eltrabajo.cl\/portal\/wp-content\/uploads\/2020\/10\/Daniel-Opazo-1.jpg?resize=640%2C418&#038;ssl=1\" alt=\"Daniel Opazo en uno de sus entrenamientos en el Un\u00ed Un\u00ed.\" width=\"640\" height=\"418\" srcset=\"https:\/\/i0.wp.com\/eltrabajo.cl\/portal\/wp-content\/uploads\/2020\/10\/Daniel-Opazo-1.jpg?w=700&amp;ssl=1 700w, https:\/\/i0.wp.com\/eltrabajo.cl\/portal\/wp-content\/uploads\/2020\/10\/Daniel-Opazo-1.jpg?resize=300%2C196&amp;ssl=1 300w, https:\/\/i0.wp.com\/eltrabajo.cl\/portal\/wp-content\/uploads\/2020\/10\/Daniel-Opazo-1.jpg?resize=200%2C131&amp;ssl=1 200w, https:\/\/i0.wp.com\/eltrabajo.cl\/portal\/wp-content\/uploads\/2020\/10\/Daniel-Opazo-1.jpg?resize=696%2C454&amp;ssl=1 696w\" sizes=\"auto, (max-width: 640px) 100vw, 640px\" \/><figcaption id=\"caption-attachment-103734\" class=\"wp-caption-text\">Daniel Opazo en uno de sus entrenamientos en el Un\u00ed Un\u00ed.<\/figcaption><\/figure>\n","protected":false},"excerpt":{"rendered":"<p>El nuevo ariete de Uni\u00f3n San Felipe, Daniel Opazo, entreg\u00f3 sus impresiones de su arribo a la tienda sanfelipe\u00f1a. El delantero de nacionalidad trasandina tiene muy claro que sobre sus espaldas habr\u00e1&#8230;<\/p>\n","protected":false},"author":482,"featured_media":103734,"comment_status":"closed","ping_status":"open","sticky":false,"template":"","format":"standard","meta":{"advanced_seo_description":"","jetpack_seo_html_title":"","jetpack_seo_noindex":false,"_jetpack_memberships_contains_paid_content":false,"footnotes":""},"categories":[19],"tags":[],"class_list":["post-103733","post","type-post","status-publish","format-standard","has-post-thumbnail","hentry","category-deportes"],"jetpack_featured_media_url":"https:\/\/i0.wp.com\/eltrabajo.cl\/portal\/wp-content\/uploads\/2020\/10\/Daniel-Opazo-1.jpg?fit=700%2C457&ssl=1","jetpack_sharing_enabled":true,"jetpack_likes_enabled":true,"jetpack-related-posts":[],"_links":{"self":[{"href":"https:\/\/eltrabajo.cl\/portal\/wp-json\/wp\/v2\/posts\/103733","targetHints":{"allow":["GET"]}}],"collection":[{"href":"https:\/\/eltrabajo.cl\/portal\/wp-json\/wp\/v2\/posts"}],"about":[{"href":"https:\/\/eltrabajo.cl\/portal\/wp-json\/wp\/v2\/types\/post"}],"author":[{"embeddable":true,"href":"https:\/\/eltrabajo.cl\/portal\/wp-json\/wp\/v2\/users\/482"}],"replies":[{"embeddable":true,"href":"https:\/\/eltrabajo.cl\/portal\/wp-json\/wp\/v2\/comments?post=103733"}],"version-history":[{"count":0,"href":"https:\/\/eltrabajo.cl\/portal\/wp-json\/wp\/v2\/posts\/103733\/revisions"}],"wp:featuredmedia":[{"embeddable":true,"href":"https:\/\/eltrabajo.cl\/portal\/wp-json\/wp\/v2\/media\/103734"}],"wp:attachment":[{"href":"https:\/\/eltrabajo.cl\/portal\/wp-json\/wp\/v2\/media?parent=103733"}],"wp:term":[{"taxonomy":"category","embeddable":true,"href":"https:\/\/eltrabajo.cl\/portal\/wp-json\/wp\/v2\/categories?post=103733"},{"taxonomy":"post_tag","embeddable":true,"href":"https:\/\/eltrabajo.cl\/portal\/wp-json\/wp\/v2\/tags?post=103733"}],"curies":[{"name":"wp","href":"https:\/\/api.w.org\/{rel}","templated":true}]}}