{"id":103736,"date":"2020-10-29T07:50:56","date_gmt":"2020-10-29T10:50:56","guid":{"rendered":"https:\/\/www.eltrabajo.cl\/portal\/?p=103736"},"modified":"2020-10-28T23:07:55","modified_gmt":"2020-10-29T02:07:55","slug":"dos-detenidos-sorprendidos-con-droga-arma-y-municion-en-automovil","status":"publish","type":"post","link":"https:\/\/eltrabajo.cl\/portal\/dos-detenidos-sorprendidos-con-droga-arma-y-municion-en-automovil\/","title":{"rendered":"Dos detenidos sorprendidos con droga, arma y munici\u00f3n en autom\u00f3vil"},"content":{"rendered":"<p style=\"text-align: left;\"><span style=\"color: #c80000;\"><strong>Carabineros en bicicleta:<\/strong><\/span><\/p>\n<p style=\"text-align: justify;\">Un conductor y su acompa\u00f1ante fueron detenidos por infracci\u00f3n a la ley de armas y drogas en un procedimiento realizado por personal de la patrulla en bicicletas de Carabineros de San Felipe, quienes lograron reunir bastantes evidencias.<\/p>\n<p style=\"text-align: justify;\">As\u00ed lo indic\u00f3 el capit\u00e1n de Carabineros y subcomisario de la Segunda Comisar\u00eda de San Felipe, <strong>Franco Quezada<\/strong>, se\u00f1alando que este procedimiento se llev\u00f3 a efecto este d\u00eda martes a eso de las 17:00 horas en Avenida Santa Teresa con Circunvalaci\u00f3n Norte.<\/p>\n<p style=\"text-align: justify;\">\u00ab<em>Personal de servicio en bicicleta efectuaba un patrullaje preventivo, en eso estaban cuando divisaron un veh\u00edculo sin su patente delantera y polarizado completamente por lo que procedieron a su fiscalizaci\u00f3n. En ese momento se logr\u00f3 sentir un fuerte olor a marihuana desde el interior del veh\u00edculo, por lo que se realiz\u00f3 una revisi\u00f3n dentro de \u00e9ste, logrando detectar en la guantera del veh\u00edculo un arma tipo rev\u00f3lver de fantas\u00eda modificada con munici\u00f3n, y una cantidad de marihuana dentro de un frasco de vidrio, el cual estaba bajo el asiento del conductor\u00bb,<\/em> se\u00f1al\u00f3 el capit\u00e1n Herrera Quezada.<\/p>\n<p style=\"text-align: justify;\">Por tal motivo los funcionarios en bicicleta procedieron a la detenci\u00f3n del conductor; <em>\u00abluego procedieron a la revisi\u00f3n del copiloto, quien manten\u00eda un papel con marihuana entre sus vestimentas por lo que se procedi\u00f3 a su detenci\u00f3n\u00bb,<\/em> se\u00f1al\u00f3 el capit\u00e1n Franco Herrera Quezada.<\/p>\n<p style=\"text-align: justify;\">Realizada prueba de campo arroj\u00f3 un total de 70.8 gramos de marihuana.<\/p>\n<p style=\"text-align: justify;\">Respecto a la munici\u00f3n se incautaron 18 tiros calibre 22 y 2 calibre 9 mm.<\/p>\n<p style=\"text-align: justify;\">Tambi\u00e9n fue incautado dinero en efectivo alcanzando la cantidad\u00a0de 51.700pesos.<\/p>\n<p style=\"text-align: justify;\">Ambos detenidos no mantienen antecedentes penales.<\/p>\n<p style=\"text-align: justify;\">El fiscal de turno instruy\u00f3 que pasaran a control de detenci\u00f3n el d\u00eda de ayer.<\/p>\n<figure id=\"attachment_103737\" aria-describedby=\"caption-attachment-103737\" style=\"width: 699px\" class=\"wp-caption alignnone\"><img data-recalc-dims=\"1\" loading=\"lazy\" decoding=\"async\" class=\"size-full wp-image-103737\" src=\"https:\/\/i0.wp.com\/eltrabajo.cl\/portal\/wp-content\/uploads\/2020\/10\/Droga-3.jpg?resize=640%2C486&#038;ssl=1\" alt=\"La droga, el dinero y el arma incautada.\" width=\"640\" height=\"486\" srcset=\"https:\/\/i0.wp.com\/eltrabajo.cl\/portal\/wp-content\/uploads\/2020\/10\/Droga-3.jpg?w=699&amp;ssl=1 699w, https:\/\/i0.wp.com\/eltrabajo.cl\/portal\/wp-content\/uploads\/2020\/10\/Droga-3.jpg?resize=300%2C228&amp;ssl=1 300w, https:\/\/i0.wp.com\/eltrabajo.cl\/portal\/wp-content\/uploads\/2020\/10\/Droga-3.jpg?resize=197%2C150&amp;ssl=1 197w, https:\/\/i0.wp.com\/eltrabajo.cl\/portal\/wp-content\/uploads\/2020\/10\/Droga-3.jpg?resize=696%2C529&amp;ssl=1 696w\" sizes=\"auto, (max-width: 640px) 100vw, 640px\" \/><figcaption id=\"caption-attachment-103737\" class=\"wp-caption-text\">La droga, el dinero y el arma incautada.<\/figcaption><\/figure>\n","protected":false},"excerpt":{"rendered":"<p>Carabineros en bicicleta: Un conductor y su acompa\u00f1ante fueron detenidos por infracci\u00f3n a la ley de armas y drogas en un procedimiento realizado por personal de la patrulla en bicicletas de Carabineros&#8230;<\/p>\n","protected":false},"author":482,"featured_media":103737,"comment_status":"closed","ping_status":"open","sticky":false,"template":"","format":"standard","meta":{"advanced_seo_description":"","jetpack_seo_html_title":"","jetpack_seo_noindex":false,"_jetpack_memberships_contains_paid_content":false,"footnotes":""},"categories":[21],"tags":[],"class_list":["post-103736","post","type-post","status-publish","format-standard","has-post-thumbnail","hentry","category-policial"],"jetpack_featured_media_url":"https:\/\/i0.wp.com\/eltrabajo.cl\/portal\/wp-content\/uploads\/2020\/10\/Droga-3.jpg?fit=699%2C531&ssl=1","jetpack_sharing_enabled":true,"jetpack_likes_enabled":true,"jetpack-related-posts":[],"_links":{"self":[{"href":"https:\/\/eltrabajo.cl\/portal\/wp-json\/wp\/v2\/posts\/103736","targetHints":{"allow":["GET"]}}],"collection":[{"href":"https:\/\/eltrabajo.cl\/portal\/wp-json\/wp\/v2\/posts"}],"about":[{"href":"https:\/\/eltrabajo.cl\/portal\/wp-json\/wp\/v2\/types\/post"}],"author":[{"embeddable":true,"href":"https:\/\/eltrabajo.cl\/portal\/wp-json\/wp\/v2\/users\/482"}],"replies":[{"embeddable":true,"href":"https:\/\/eltrabajo.cl\/portal\/wp-json\/wp\/v2\/comments?post=103736"}],"version-history":[{"count":0,"href":"https:\/\/eltrabajo.cl\/portal\/wp-json\/wp\/v2\/posts\/103736\/revisions"}],"wp:featuredmedia":[{"embeddable":true,"href":"https:\/\/eltrabajo.cl\/portal\/wp-json\/wp\/v2\/media\/103737"}],"wp:attachment":[{"href":"https:\/\/eltrabajo.cl\/portal\/wp-json\/wp\/v2\/media?parent=103736"}],"wp:term":[{"taxonomy":"category","embeddable":true,"href":"https:\/\/eltrabajo.cl\/portal\/wp-json\/wp\/v2\/categories?post=103736"},{"taxonomy":"post_tag","embeddable":true,"href":"https:\/\/eltrabajo.cl\/portal\/wp-json\/wp\/v2\/tags?post=103736"}],"curies":[{"name":"wp","href":"https:\/\/api.w.org\/{rel}","templated":true}]}}