{"id":103756,"date":"2020-10-29T22:14:38","date_gmt":"2020-10-30T01:14:38","guid":{"rendered":"https:\/\/www.eltrabajo.cl\/portal\/?p=103756"},"modified":"2020-10-29T22:14:38","modified_gmt":"2020-10-30T01:14:38","slug":"belen-carvajal-pena-paso-a-la-historia-como-la-primera-mujer-en-dirigir-un-partido-de-la-primera-b","status":"publish","type":"post","link":"https:\/\/eltrabajo.cl\/portal\/belen-carvajal-pena-paso-a-la-historia-como-la-primera-mujer-en-dirigir-un-partido-de-la-primera-b\/","title":{"rendered":"Bel\u00e9n Carvajal Pe\u00f1a pas\u00f3 a la historia como la primera mujer en dirigir un partido de la Primera B"},"content":{"rendered":"<p style=\"text-align: justify;\">La sanfelipe\u00f1a <strong>Bel\u00e9n Carvajal Pe\u00f1a<\/strong> hizo historia en el f\u00fatbol chileno al convertirse en la primera mujer \u00e1rbitro en dirigir las acciones en un partido de la Primera Divisi\u00f3n B. El momento hist\u00f3rico se produjo durante la jornada del mi\u00e9rcoles pasado en el partido que protagonizaron Melipilla y Deportes Copiap\u00f3.<\/p>\n<p style=\"text-align: justify;\">En la cancha del estadio Municipal de La Pintana, la jueza aconcag\u00fcina sancion\u00f3 2 penales (uno para cada equipo), y su actuaci\u00f3n fue catalogada como positiva, ya que sus cobros no fueron mayormente cuestionados por los afectados. En t\u00e9rminos generales la refer\u00ed internacional mostr\u00f3 aplomo y mucha personalidad al no dejarse intimidar por los reclamos que ven\u00edan de uno y otro lado.<\/p>\n<p style=\"text-align: justify;\">El debut de Bel\u00e9n Carvajal en la serie B del balompi\u00e9 chileno fue objeto de mucha atenci\u00f3n por parte de los medios de comunicaci\u00f3n de alcance nacional y autoridades como la alcaldesa de La Pintana y el actual presidente de la ANFP Pablo Milad, quienes con su presencia dejaron en claro que se estaba frente a un hecho hist\u00f3rico no solo para el deporte, sino que para la sociedad toda porque con esto se da un paso enorme en la igualdad de g\u00e9nero.<\/p>\n<figure id=\"attachment_103757\" aria-describedby=\"caption-attachment-103757\" style=\"width: 699px\" class=\"wp-caption alignnone\"><img data-recalc-dims=\"1\" loading=\"lazy\" decoding=\"async\" class=\"size-full wp-image-103757\" src=\"https:\/\/i0.wp.com\/eltrabajo.cl\/portal\/wp-content\/uploads\/2020\/10\/belen-carv.jpg?resize=640%2C427&#038;ssl=1\" alt=\"La sanfelipe\u00f1a impartiendo justicia en el duelo jugado en La Pintana. FOTO: JORGE DIAZ\/AGENCIAUNO\" width=\"640\" height=\"427\" srcset=\"https:\/\/i0.wp.com\/eltrabajo.cl\/portal\/wp-content\/uploads\/2020\/10\/belen-carv.jpg?w=699&amp;ssl=1 699w, https:\/\/i0.wp.com\/eltrabajo.cl\/portal\/wp-content\/uploads\/2020\/10\/belen-carv.jpg?resize=300%2C200&amp;ssl=1 300w, https:\/\/i0.wp.com\/eltrabajo.cl\/portal\/wp-content\/uploads\/2020\/10\/belen-carv.jpg?resize=200%2C133&amp;ssl=1 200w, https:\/\/i0.wp.com\/eltrabajo.cl\/portal\/wp-content\/uploads\/2020\/10\/belen-carv.jpg?resize=696%2C464&amp;ssl=1 696w\" sizes=\"auto, (max-width: 640px) 100vw, 640px\" \/><figcaption id=\"caption-attachment-103757\" class=\"wp-caption-text\">La sanfelipe\u00f1a impartiendo justicia en el duelo jugado en La Pintana. FOTO: JORGE DIAZ\/AGENCIAUNO<\/figcaption><\/figure>\n","protected":false},"excerpt":{"rendered":"<p>La sanfelipe\u00f1a Bel\u00e9n Carvajal Pe\u00f1a hizo historia en el f\u00fatbol chileno al convertirse en la primera mujer \u00e1rbitro en dirigir las acciones en un partido de la Primera Divisi\u00f3n B. El momento&#8230;<\/p>\n","protected":false},"author":482,"featured_media":103757,"comment_status":"closed","ping_status":"open","sticky":false,"template":"","format":"standard","meta":{"advanced_seo_description":"","jetpack_seo_html_title":"","jetpack_seo_noindex":false,"_jetpack_memberships_contains_paid_content":false,"footnotes":""},"categories":[19],"tags":[],"class_list":["post-103756","post","type-post","status-publish","format-standard","has-post-thumbnail","hentry","category-deportes"],"jetpack_featured_media_url":"https:\/\/i0.wp.com\/eltrabajo.cl\/portal\/wp-content\/uploads\/2020\/10\/belen-carv.jpg?fit=699%2C466&ssl=1","jetpack_sharing_enabled":true,"jetpack_likes_enabled":true,"jetpack-related-posts":[],"_links":{"self":[{"href":"https:\/\/eltrabajo.cl\/portal\/wp-json\/wp\/v2\/posts\/103756","targetHints":{"allow":["GET"]}}],"collection":[{"href":"https:\/\/eltrabajo.cl\/portal\/wp-json\/wp\/v2\/posts"}],"about":[{"href":"https:\/\/eltrabajo.cl\/portal\/wp-json\/wp\/v2\/types\/post"}],"author":[{"embeddable":true,"href":"https:\/\/eltrabajo.cl\/portal\/wp-json\/wp\/v2\/users\/482"}],"replies":[{"embeddable":true,"href":"https:\/\/eltrabajo.cl\/portal\/wp-json\/wp\/v2\/comments?post=103756"}],"version-history":[{"count":0,"href":"https:\/\/eltrabajo.cl\/portal\/wp-json\/wp\/v2\/posts\/103756\/revisions"}],"wp:featuredmedia":[{"embeddable":true,"href":"https:\/\/eltrabajo.cl\/portal\/wp-json\/wp\/v2\/media\/103757"}],"wp:attachment":[{"href":"https:\/\/eltrabajo.cl\/portal\/wp-json\/wp\/v2\/media?parent=103756"}],"wp:term":[{"taxonomy":"category","embeddable":true,"href":"https:\/\/eltrabajo.cl\/portal\/wp-json\/wp\/v2\/categories?post=103756"},{"taxonomy":"post_tag","embeddable":true,"href":"https:\/\/eltrabajo.cl\/portal\/wp-json\/wp\/v2\/tags?post=103756"}],"curies":[{"name":"wp","href":"https:\/\/api.w.org\/{rel}","templated":true}]}}