{"id":103798,"date":"2020-11-02T07:30:47","date_gmt":"2020-11-02T10:30:47","guid":{"rendered":"https:\/\/www.eltrabajo.cl\/portal\/?p=103798"},"modified":"2020-11-01T21:20:15","modified_gmt":"2020-11-02T00:20:15","slug":"asociacion-de-futbol-amateur-local-no-hara-torneo-en-lo-que-resta-del-ano","status":"publish","type":"post","link":"https:\/\/eltrabajo.cl\/portal\/asociacion-de-futbol-amateur-local-no-hara-torneo-en-lo-que-resta-del-ano\/","title":{"rendered":"Asociaci\u00f3n de F\u00fatbol Amateur local no har\u00e1 torneo en lo que resta del a\u00f1o"},"content":{"rendered":"<p style=\"text-align: left;\"><span style=\"color: #ff0000;\"><strong>Ya es totalmente oficial:<\/strong><\/span><\/p>\n<p style=\"text-align: justify;\">Tal como semanas atr\u00e1s lo hab\u00eda adelantado nuestro medio, el presidente del ente rector del balompi\u00e9 aficionado sanfelipe\u00f1o, <strong>Ra\u00fal Reinoso<\/strong>, confirm\u00f3 que en lo que resta de este a\u00f1o esa organizaci\u00f3n deportiva no organizar\u00e1 ninguna competencia a ra\u00edz que no est\u00e1n dadas las condiciones m\u00ednimas para poder hacerlo, independiente que en el corto plazo San Felipe pase a la etapa 4\u00ba del plan Paso a Paso.<\/p>\n<p style=\"text-align: justify;\">\u00ab<em>No podemos correr riesgos, ser\u00eda una irresponsabilidad enorme hacer una competencia oficial en plena pandemia del Covid-19. Lo que debe primar ac\u00e1 es el sentido com\u00fan, y por m\u00e1s que los casos vayan en disminuci\u00f3n no se pueden correr riesgos, adem\u00e1s que igual hay que aplicar un protocolo sanitario y eso no es sencillo hacerlo<\/em>\u00bb, declar\u00f3 el directivo.<\/p>\n<p style=\"text-align: justify;\">Respecto a si los clubes pod\u00edan jugar partidos amistosos, el dirigente se\u00f1al\u00f3 que \u00ab<em>bueno es evidente que algunos lo har\u00e1n, pero no ser\u00e1n encuentros masivos; es lo \u00fanico que podr\u00e1n hacer. Tal vez el verano veamos si podemos organizar una competencia, pero todo est\u00e1 complicado, porque si en medio de ella surgen contagios todo puede complicarse y alguien deber\u00e1 hacerse responsable<\/em>\u00bb, aport\u00f3 el popular \u2018Rulo\u2019 Reinoso.<\/p>\n<figure id=\"attachment_103799\" aria-describedby=\"caption-attachment-103799\" style=\"width: 699px\" class=\"wp-caption alignnone\"><img data-recalc-dims=\"1\" loading=\"lazy\" decoding=\"async\" class=\"size-full wp-image-103799\" src=\"https:\/\/i0.wp.com\/eltrabajo.cl\/portal\/wp-content\/uploads\/2020\/11\/raul-reinoso.jpg?resize=640%2C436&#038;ssl=1\" alt=\"El m\u00e1ximo directivo del f\u00fatbol aficionado sanfelipe\u00f1o confirm\u00f3 que en lo que resta del 2020 no habr\u00e1 ninguna competencia oficial.\" width=\"640\" height=\"436\" srcset=\"https:\/\/i0.wp.com\/eltrabajo.cl\/portal\/wp-content\/uploads\/2020\/11\/raul-reinoso.jpg?w=699&amp;ssl=1 699w, https:\/\/i0.wp.com\/eltrabajo.cl\/portal\/wp-content\/uploads\/2020\/11\/raul-reinoso.jpg?resize=300%2C204&amp;ssl=1 300w, https:\/\/i0.wp.com\/eltrabajo.cl\/portal\/wp-content\/uploads\/2020\/11\/raul-reinoso.jpg?resize=200%2C136&amp;ssl=1 200w, https:\/\/i0.wp.com\/eltrabajo.cl\/portal\/wp-content\/uploads\/2020\/11\/raul-reinoso.jpg?resize=696%2C474&amp;ssl=1 696w\" sizes=\"auto, (max-width: 640px) 100vw, 640px\" \/><figcaption id=\"caption-attachment-103799\" class=\"wp-caption-text\">El m\u00e1ximo directivo del f\u00fatbol aficionado sanfelipe\u00f1o confirm\u00f3 que en lo que resta del 2020 no habr\u00e1 ninguna competencia oficial.<\/figcaption><\/figure>\n","protected":false},"excerpt":{"rendered":"<p>Ya es totalmente oficial: Tal como semanas atr\u00e1s lo hab\u00eda adelantado nuestro medio, el presidente del ente rector del balompi\u00e9 aficionado sanfelipe\u00f1o, Ra\u00fal Reinoso, confirm\u00f3 que en lo que resta de este&#8230;<\/p>\n","protected":false},"author":482,"featured_media":103799,"comment_status":"closed","ping_status":"open","sticky":false,"template":"","format":"standard","meta":{"advanced_seo_description":"","jetpack_seo_html_title":"","jetpack_seo_noindex":false,"_jetpack_memberships_contains_paid_content":false,"footnotes":""},"categories":[19],"tags":[],"class_list":["post-103798","post","type-post","status-publish","format-standard","has-post-thumbnail","hentry","category-deportes"],"jetpack_featured_media_url":"https:\/\/i0.wp.com\/eltrabajo.cl\/portal\/wp-content\/uploads\/2020\/11\/raul-reinoso.jpg?fit=699%2C476&ssl=1","jetpack_sharing_enabled":true,"jetpack_likes_enabled":true,"jetpack-related-posts":[],"_links":{"self":[{"href":"https:\/\/eltrabajo.cl\/portal\/wp-json\/wp\/v2\/posts\/103798","targetHints":{"allow":["GET"]}}],"collection":[{"href":"https:\/\/eltrabajo.cl\/portal\/wp-json\/wp\/v2\/posts"}],"about":[{"href":"https:\/\/eltrabajo.cl\/portal\/wp-json\/wp\/v2\/types\/post"}],"author":[{"embeddable":true,"href":"https:\/\/eltrabajo.cl\/portal\/wp-json\/wp\/v2\/users\/482"}],"replies":[{"embeddable":true,"href":"https:\/\/eltrabajo.cl\/portal\/wp-json\/wp\/v2\/comments?post=103798"}],"version-history":[{"count":0,"href":"https:\/\/eltrabajo.cl\/portal\/wp-json\/wp\/v2\/posts\/103798\/revisions"}],"wp:featuredmedia":[{"embeddable":true,"href":"https:\/\/eltrabajo.cl\/portal\/wp-json\/wp\/v2\/media\/103799"}],"wp:attachment":[{"href":"https:\/\/eltrabajo.cl\/portal\/wp-json\/wp\/v2\/media?parent=103798"}],"wp:term":[{"taxonomy":"category","embeddable":true,"href":"https:\/\/eltrabajo.cl\/portal\/wp-json\/wp\/v2\/categories?post=103798"},{"taxonomy":"post_tag","embeddable":true,"href":"https:\/\/eltrabajo.cl\/portal\/wp-json\/wp\/v2\/tags?post=103798"}],"curies":[{"name":"wp","href":"https:\/\/api.w.org\/{rel}","templated":true}]}}