{"id":103816,"date":"2020-11-02T07:55:42","date_gmt":"2020-11-02T10:55:42","guid":{"rendered":"https:\/\/www.eltrabajo.cl\/portal\/?p=103816"},"modified":"2020-11-01T21:31:04","modified_gmt":"2020-11-02T00:31:04","slug":"salva-de-milagro-tras-chocar-su-camioneta-cargada-de-frutas-contra-un-arbol","status":"publish","type":"post","link":"https:\/\/eltrabajo.cl\/portal\/salva-de-milagro-tras-chocar-su-camioneta-cargada-de-frutas-contra-un-arbol\/","title":{"rendered":"Salva de milagro tras chocar su camioneta cargada de frutas contra un \u00e1rbol"},"content":{"rendered":"<p style=\"text-align: left;\"><span style=\"color: #ff0000;\"><strong>Conductor rescatado de entre los fierros retorcidos:<\/strong><\/span><\/p>\n<p style=\"text-align: justify;\"><strong>PANQUEHUE.- <\/strong>Un aparatoso accidente automovil\u00edstico se registr\u00f3 a las 17:16 horas de este domingo en el sector Palomar, en la ruta Troncal 601 Panquehue, luego que un veh\u00edculo liviano cargado de frutas y verduras se estrellara contra un \u00e1rbol cuando se dirig\u00eda en direcci\u00f3n a San Felipe. Tras impactar contra el \u00e1rbol el conductor qued\u00f3 atrapado dentro del auto, el que pr\u00e1cticamente le imped\u00eda salir pues la cabina qued\u00f3 convertida en fierros retorcidos.<\/p>\n<p style=\"text-align: justify;\">Al lugar de la emergencia acudieron unidades de Carabineros, la unidad R-1 de Bomberos San Felipe y profesionales del SAMU San Felipe. Una vez liberado el mismo conductor indic\u00f3 a los param\u00e9dicos que no ten\u00eda quebraduras ni heridas graves, s\u00f3lo una herida en la boca tras chocar contra el volante. Al parecer no se necesit\u00f3 traslado al Hospital San Camilo.<\/p>\n<p style=\"text-align: justify;\"><strong>Roberto Gonz\u00e1lez Short<\/strong><\/p>\n<figure id=\"attachment_103819\" aria-describedby=\"caption-attachment-103819\" style=\"width: 699px\" class=\"wp-caption alignnone\"><img data-recalc-dims=\"1\" loading=\"lazy\" decoding=\"async\" class=\"size-full wp-image-103819\" src=\"https:\/\/i0.wp.com\/eltrabajo.cl\/portal\/wp-content\/uploads\/2020\/11\/Palomar3.jpg?resize=640%2C417&#038;ssl=1\" alt=\"PUDO CONTAR LA HISTORIA.- El conductor sangr\u00f3 por la boca tras impactar su rostro contra el volante, no registr\u00f3 mayores heridas.\" width=\"640\" height=\"417\" srcset=\"https:\/\/i0.wp.com\/eltrabajo.cl\/portal\/wp-content\/uploads\/2020\/11\/Palomar3.jpg?w=699&amp;ssl=1 699w, https:\/\/i0.wp.com\/eltrabajo.cl\/portal\/wp-content\/uploads\/2020\/11\/Palomar3.jpg?resize=300%2C195&amp;ssl=1 300w, https:\/\/i0.wp.com\/eltrabajo.cl\/portal\/wp-content\/uploads\/2020\/11\/Palomar3.jpg?resize=200%2C130&amp;ssl=1 200w, https:\/\/i0.wp.com\/eltrabajo.cl\/portal\/wp-content\/uploads\/2020\/11\/Palomar3.jpg?resize=696%2C453&amp;ssl=1 696w\" sizes=\"auto, (max-width: 640px) 100vw, 640px\" \/><figcaption id=\"caption-attachment-103819\" class=\"wp-caption-text\">PUDO CONTAR LA HISTORIA.- El conductor sangr\u00f3 por la boca tras impactar su rostro contra el volante, no registr\u00f3 mayores heridas.<\/figcaption><\/figure>\n<figure id=\"attachment_103818\" aria-describedby=\"caption-attachment-103818\" style=\"width: 699px\" class=\"wp-caption alignnone\"><img data-recalc-dims=\"1\" loading=\"lazy\" decoding=\"async\" class=\"size-full wp-image-103818\" src=\"https:\/\/i0.wp.com\/eltrabajo.cl\/portal\/wp-content\/uploads\/2020\/11\/Palomar2.jpg?resize=640%2C427&#038;ssl=1\" alt=\"TREMENDA COLISI\u00d3N.- As\u00ed qued\u00f3 el veh\u00edculo tras la potente colisi\u00f3n contras este \u00e1rbol, el conductor fue rescatado ileso.\" width=\"640\" height=\"427\" srcset=\"https:\/\/i0.wp.com\/eltrabajo.cl\/portal\/wp-content\/uploads\/2020\/11\/Palomar2.jpg?w=699&amp;ssl=1 699w, https:\/\/i0.wp.com\/eltrabajo.cl\/portal\/wp-content\/uploads\/2020\/11\/Palomar2.jpg?resize=300%2C200&amp;ssl=1 300w, https:\/\/i0.wp.com\/eltrabajo.cl\/portal\/wp-content\/uploads\/2020\/11\/Palomar2.jpg?resize=200%2C133&amp;ssl=1 200w, https:\/\/i0.wp.com\/eltrabajo.cl\/portal\/wp-content\/uploads\/2020\/11\/Palomar2.jpg?resize=696%2C464&amp;ssl=1 696w\" sizes=\"auto, (max-width: 640px) 100vw, 640px\" \/><figcaption id=\"caption-attachment-103818\" class=\"wp-caption-text\">TREMENDA COLISI\u00d3N.- As\u00ed qued\u00f3 el veh\u00edculo tras la potente colisi\u00f3n contras este \u00e1rbol, el conductor fue rescatado ileso.<\/figcaption><\/figure>\n<figure id=\"attachment_103817\" aria-describedby=\"caption-attachment-103817\" style=\"width: 699px\" class=\"wp-caption alignnone\"><img data-recalc-dims=\"1\" loading=\"lazy\" decoding=\"async\" class=\"size-full wp-image-103817\" src=\"https:\/\/i0.wp.com\/eltrabajo.cl\/portal\/wp-content\/uploads\/2020\/11\/Palomar1.jpg?resize=640%2C960&#038;ssl=1\" alt=\"VIVO DE MILAGRO.- Con t\u00e9cnicas de extricaci\u00f3n fue rescatado el conductor de este veh\u00edculo de entre los fierros retorcidos tras chocar contra un \u00e1rbol.\" width=\"640\" height=\"960\" srcset=\"https:\/\/i0.wp.com\/eltrabajo.cl\/portal\/wp-content\/uploads\/2020\/11\/Palomar1.jpg?w=699&amp;ssl=1 699w, https:\/\/i0.wp.com\/eltrabajo.cl\/portal\/wp-content\/uploads\/2020\/11\/Palomar1.jpg?resize=200%2C300&amp;ssl=1 200w, https:\/\/i0.wp.com\/eltrabajo.cl\/portal\/wp-content\/uploads\/2020\/11\/Palomar1.jpg?resize=682%2C1024&amp;ssl=1 682w, https:\/\/i0.wp.com\/eltrabajo.cl\/portal\/wp-content\/uploads\/2020\/11\/Palomar1.jpg?resize=100%2C150&amp;ssl=1 100w, https:\/\/i0.wp.com\/eltrabajo.cl\/portal\/wp-content\/uploads\/2020\/11\/Palomar1.jpg?resize=696%2C1044&amp;ssl=1 696w\" sizes=\"auto, (max-width: 640px) 100vw, 640px\" \/><figcaption id=\"caption-attachment-103817\" class=\"wp-caption-text\">VIVO DE MILAGRO.- Con t\u00e9cnicas de extricaci\u00f3n fue rescatado el conductor de este veh\u00edculo de entre los fierros retorcidos tras chocar contra un \u00e1rbol.<\/figcaption><\/figure>\n","protected":false},"excerpt":{"rendered":"<p>Conductor rescatado de entre los fierros retorcidos: PANQUEHUE.- Un aparatoso accidente automovil\u00edstico se registr\u00f3 a las 17:16 horas de este domingo en el sector Palomar, en la ruta Troncal 601 Panquehue, luego&#8230;<\/p>\n","protected":false},"author":482,"featured_media":103818,"comment_status":"closed","ping_status":"open","sticky":false,"template":"","format":"standard","meta":{"advanced_seo_description":"","jetpack_seo_html_title":"","jetpack_seo_noindex":false,"_jetpack_memberships_contains_paid_content":false,"footnotes":""},"categories":[21],"tags":[],"class_list":["post-103816","post","type-post","status-publish","format-standard","has-post-thumbnail","hentry","category-policial"],"jetpack_featured_media_url":"https:\/\/i0.wp.com\/eltrabajo.cl\/portal\/wp-content\/uploads\/2020\/11\/Palomar2.jpg?fit=699%2C466&ssl=1","jetpack_sharing_enabled":true,"jetpack_likes_enabled":true,"jetpack-related-posts":[],"_links":{"self":[{"href":"https:\/\/eltrabajo.cl\/portal\/wp-json\/wp\/v2\/posts\/103816","targetHints":{"allow":["GET"]}}],"collection":[{"href":"https:\/\/eltrabajo.cl\/portal\/wp-json\/wp\/v2\/posts"}],"about":[{"href":"https:\/\/eltrabajo.cl\/portal\/wp-json\/wp\/v2\/types\/post"}],"author":[{"embeddable":true,"href":"https:\/\/eltrabajo.cl\/portal\/wp-json\/wp\/v2\/users\/482"}],"replies":[{"embeddable":true,"href":"https:\/\/eltrabajo.cl\/portal\/wp-json\/wp\/v2\/comments?post=103816"}],"version-history":[{"count":0,"href":"https:\/\/eltrabajo.cl\/portal\/wp-json\/wp\/v2\/posts\/103816\/revisions"}],"wp:featuredmedia":[{"embeddable":true,"href":"https:\/\/eltrabajo.cl\/portal\/wp-json\/wp\/v2\/media\/103818"}],"wp:attachment":[{"href":"https:\/\/eltrabajo.cl\/portal\/wp-json\/wp\/v2\/media?parent=103816"}],"wp:term":[{"taxonomy":"category","embeddable":true,"href":"https:\/\/eltrabajo.cl\/portal\/wp-json\/wp\/v2\/categories?post=103816"},{"taxonomy":"post_tag","embeddable":true,"href":"https:\/\/eltrabajo.cl\/portal\/wp-json\/wp\/v2\/tags?post=103816"}],"curies":[{"name":"wp","href":"https:\/\/api.w.org\/{rel}","templated":true}]}}