{"id":103862,"date":"2020-11-03T08:00:48","date_gmt":"2020-11-03T11:00:48","guid":{"rendered":"https:\/\/www.eltrabajo.cl\/portal\/?p=103862"},"modified":"2020-11-02T22:07:05","modified_gmt":"2020-11-03T01:07:05","slug":"automovil-en-plena-marcha-estalla-en-llamas-y-queda-calcinado-en-pocos-minutos","status":"publish","type":"post","link":"https:\/\/eltrabajo.cl\/portal\/automovil-en-plena-marcha-estalla-en-llamas-y-queda-calcinado-en-pocos-minutos\/","title":{"rendered":"Autom\u00f3vil en plena marcha estalla en llamas y queda calcinado en pocos minutos"},"content":{"rendered":"<p style=\"text-align: left;\"><span style=\"color: #ff0000;\"><strong>El fuego inici\u00f3 en el motor del veh\u00edculo:<\/strong><\/span><\/p>\n<p style=\"text-align: justify;\">Un incendio en el motor del auto que \u2018<strong>Esteban<\/strong>\u2019 conduc\u00eda es el que se declar\u00f3 a las 18:25 horas de este lunes a un costado del Liceo Roberto Humeres, puntualmente en calle Traslavi\u00f1a. El conductor r\u00e1pidamente baj\u00f3 del veh\u00edculo que su suegro le prest\u00f3 para hacer unas diligencias y resignadamente mir\u00f3 c\u00f3mo lo consum\u00edan las llamas.<\/p>\n<p style=\"text-align: justify;\">Cuando la primera unidad B2 de Bomberos lleg\u00f3 al lugar para controlar las llamas, ya las c\u00e1maras de <strong>Diario El Trabajo<\/strong> estaban ah\u00ed, registrando la libre combusti\u00f3n del fuego. Las llamas r\u00e1pidamente fueron controladas. Al parecer los incendios fueron la t\u00f3nica de este inicio de mes y de semana, ya que se declararon este lunes varios incidentes en nuestra comuna.<\/p>\n<p style=\"text-align: justify;\"><strong>Roberto Gonz\u00e1lez Short<\/strong><\/p>\n<figure id=\"attachment_103863\" aria-describedby=\"caption-attachment-103863\" style=\"width: 698px\" class=\"wp-caption alignnone\"><img data-recalc-dims=\"1\" loading=\"lazy\" decoding=\"async\" class=\"size-full wp-image-103863\" src=\"https:\/\/i0.wp.com\/eltrabajo.cl\/portal\/wp-content\/uploads\/2020\/11\/Llamas1.jpg?resize=640%2C360&#038;ssl=1\" alt=\"EN EL LUGAR.- Las c\u00e1maras de Diario El Trabajo registran el momento cuando lleg\u00f3 la unidad B2 de Bomberos San Felipe.\" width=\"640\" height=\"360\" srcset=\"https:\/\/i0.wp.com\/eltrabajo.cl\/portal\/wp-content\/uploads\/2020\/11\/Llamas1.jpg?w=698&amp;ssl=1 698w, https:\/\/i0.wp.com\/eltrabajo.cl\/portal\/wp-content\/uploads\/2020\/11\/Llamas1.jpg?resize=300%2C169&amp;ssl=1 300w, https:\/\/i0.wp.com\/eltrabajo.cl\/portal\/wp-content\/uploads\/2020\/11\/Llamas1.jpg?resize=200%2C113&amp;ssl=1 200w, https:\/\/i0.wp.com\/eltrabajo.cl\/portal\/wp-content\/uploads\/2020\/11\/Llamas1.jpg?resize=696%2C392&amp;ssl=1 696w\" sizes=\"auto, (max-width: 640px) 100vw, 640px\" \/><figcaption id=\"caption-attachment-103863\" class=\"wp-caption-text\">EN EL LUGAR.- Las c\u00e1maras de Diario El Trabajo registran el momento cuando lleg\u00f3 la unidad B2 de Bomberos San Felipe.<\/figcaption><\/figure>\n<figure id=\"attachment_103864\" aria-describedby=\"caption-attachment-103864\" style=\"width: 699px\" class=\"wp-caption alignnone\"><img data-recalc-dims=\"1\" loading=\"lazy\" decoding=\"async\" class=\"size-full wp-image-103864\" src=\"https:\/\/i0.wp.com\/eltrabajo.cl\/portal\/wp-content\/uploads\/2020\/11\/Llamas2.jpg?resize=640%2C360&#038;ssl=1\" alt=\"DA\u00d1OS CASI TOTALES.- En cuesti\u00f3n de segundos el autom\u00f3vil qued\u00f3 da\u00f1ado casi en su totalidad.\" width=\"640\" height=\"360\" srcset=\"https:\/\/i0.wp.com\/eltrabajo.cl\/portal\/wp-content\/uploads\/2020\/11\/Llamas2.jpg?w=699&amp;ssl=1 699w, https:\/\/i0.wp.com\/eltrabajo.cl\/portal\/wp-content\/uploads\/2020\/11\/Llamas2.jpg?resize=300%2C169&amp;ssl=1 300w, https:\/\/i0.wp.com\/eltrabajo.cl\/portal\/wp-content\/uploads\/2020\/11\/Llamas2.jpg?resize=200%2C112&amp;ssl=1 200w, https:\/\/i0.wp.com\/eltrabajo.cl\/portal\/wp-content\/uploads\/2020\/11\/Llamas2.jpg?resize=696%2C391&amp;ssl=1 696w\" sizes=\"auto, (max-width: 640px) 100vw, 640px\" \/><figcaption id=\"caption-attachment-103864\" class=\"wp-caption-text\">DA\u00d1OS CASI TOTALES.- En cuesti\u00f3n de segundos el autom\u00f3vil qued\u00f3 da\u00f1ado casi en su totalidad.<\/figcaption><\/figure>\n<figure id=\"attachment_103865\" aria-describedby=\"caption-attachment-103865\" style=\"width: 699px\" class=\"wp-caption alignnone\"><img data-recalc-dims=\"1\" loading=\"lazy\" decoding=\"async\" class=\"size-full wp-image-103865\" src=\"https:\/\/i0.wp.com\/eltrabajo.cl\/portal\/wp-content\/uploads\/2020\/11\/Llamas3.jpg?resize=640%2C404&#038;ssl=1\" alt=\"PERO SALV\u00d3 SU VIDA.- Los vecinos y curiosos no pod\u00edan creer c\u00f3mo el conductor de este veh\u00edculo nada pudo hacer para evitar que el auto de su suegro siguiera incendi\u00e1ndose.\" width=\"640\" height=\"404\" srcset=\"https:\/\/i0.wp.com\/eltrabajo.cl\/portal\/wp-content\/uploads\/2020\/11\/Llamas3.jpg?w=699&amp;ssl=1 699w, https:\/\/i0.wp.com\/eltrabajo.cl\/portal\/wp-content\/uploads\/2020\/11\/Llamas3.jpg?resize=300%2C189&amp;ssl=1 300w, https:\/\/i0.wp.com\/eltrabajo.cl\/portal\/wp-content\/uploads\/2020\/11\/Llamas3.jpg?resize=200%2C126&amp;ssl=1 200w, https:\/\/i0.wp.com\/eltrabajo.cl\/portal\/wp-content\/uploads\/2020\/11\/Llamas3.jpg?resize=696%2C439&amp;ssl=1 696w\" sizes=\"auto, (max-width: 640px) 100vw, 640px\" \/><figcaption id=\"caption-attachment-103865\" class=\"wp-caption-text\">PERO SALV\u00d3 SU VIDA.- Los vecinos y curiosos no pod\u00edan creer c\u00f3mo el conductor de este veh\u00edculo nada pudo hacer para evitar que el auto de su suegro siguiera incendi\u00e1ndose.<\/figcaption><\/figure>\n<figure id=\"attachment_103866\" aria-describedby=\"caption-attachment-103866\" style=\"width: 699px\" class=\"wp-caption alignnone\"><img data-recalc-dims=\"1\" loading=\"lazy\" decoding=\"async\" class=\"size-full wp-image-103866\" src=\"https:\/\/i0.wp.com\/eltrabajo.cl\/portal\/wp-content\/uploads\/2020\/11\/Llamas4.jpg?resize=640%2C387&#038;ssl=1\" alt=\"MISI\u00d3N CUMPLIDA.- Al final los Caballeros del Fuego lograron controlar la situaci\u00f3n y detener las llamas.\" width=\"640\" height=\"387\" srcset=\"https:\/\/i0.wp.com\/eltrabajo.cl\/portal\/wp-content\/uploads\/2020\/11\/Llamas4.jpg?w=699&amp;ssl=1 699w, https:\/\/i0.wp.com\/eltrabajo.cl\/portal\/wp-content\/uploads\/2020\/11\/Llamas4.jpg?resize=300%2C182&amp;ssl=1 300w, https:\/\/i0.wp.com\/eltrabajo.cl\/portal\/wp-content\/uploads\/2020\/11\/Llamas4.jpg?resize=200%2C121&amp;ssl=1 200w, https:\/\/i0.wp.com\/eltrabajo.cl\/portal\/wp-content\/uploads\/2020\/11\/Llamas4.jpg?resize=696%2C421&amp;ssl=1 696w\" sizes=\"auto, (max-width: 640px) 100vw, 640px\" \/><figcaption id=\"caption-attachment-103866\" class=\"wp-caption-text\">MISI\u00d3N CUMPLIDA.- Al final los Caballeros del Fuego lograron controlar la situaci\u00f3n y detener las llamas.<\/figcaption><\/figure>\n","protected":false},"excerpt":{"rendered":"<p>El fuego inici\u00f3 en el motor del veh\u00edculo: Un incendio en el motor del auto que \u2018Esteban\u2019 conduc\u00eda es el que se declar\u00f3 a las 18:25 horas de este lunes a un&#8230;<\/p>\n","protected":false},"author":482,"featured_media":103864,"comment_status":"closed","ping_status":"open","sticky":false,"template":"","format":"standard","meta":{"advanced_seo_description":"","jetpack_seo_html_title":"","jetpack_seo_noindex":false,"_jetpack_memberships_contains_paid_content":false,"footnotes":""},"categories":[21],"tags":[],"class_list":["post-103862","post","type-post","status-publish","format-standard","has-post-thumbnail","hentry","category-policial"],"jetpack_featured_media_url":"https:\/\/i0.wp.com\/eltrabajo.cl\/portal\/wp-content\/uploads\/2020\/11\/Llamas2.jpg?fit=699%2C393&ssl=1","jetpack_sharing_enabled":true,"jetpack_likes_enabled":true,"jetpack-related-posts":[],"_links":{"self":[{"href":"https:\/\/eltrabajo.cl\/portal\/wp-json\/wp\/v2\/posts\/103862","targetHints":{"allow":["GET"]}}],"collection":[{"href":"https:\/\/eltrabajo.cl\/portal\/wp-json\/wp\/v2\/posts"}],"about":[{"href":"https:\/\/eltrabajo.cl\/portal\/wp-json\/wp\/v2\/types\/post"}],"author":[{"embeddable":true,"href":"https:\/\/eltrabajo.cl\/portal\/wp-json\/wp\/v2\/users\/482"}],"replies":[{"embeddable":true,"href":"https:\/\/eltrabajo.cl\/portal\/wp-json\/wp\/v2\/comments?post=103862"}],"version-history":[{"count":0,"href":"https:\/\/eltrabajo.cl\/portal\/wp-json\/wp\/v2\/posts\/103862\/revisions"}],"wp:featuredmedia":[{"embeddable":true,"href":"https:\/\/eltrabajo.cl\/portal\/wp-json\/wp\/v2\/media\/103864"}],"wp:attachment":[{"href":"https:\/\/eltrabajo.cl\/portal\/wp-json\/wp\/v2\/media?parent=103862"}],"wp:term":[{"taxonomy":"category","embeddable":true,"href":"https:\/\/eltrabajo.cl\/portal\/wp-json\/wp\/v2\/categories?post=103862"},{"taxonomy":"post_tag","embeddable":true,"href":"https:\/\/eltrabajo.cl\/portal\/wp-json\/wp\/v2\/tags?post=103862"}],"curies":[{"name":"wp","href":"https:\/\/api.w.org\/{rel}","templated":true}]}}