{"id":103871,"date":"2020-11-04T07:40:22","date_gmt":"2020-11-04T10:40:22","guid":{"rendered":"https:\/\/www.eltrabajo.cl\/portal\/?p=103871"},"modified":"2020-11-03T21:48:23","modified_gmt":"2020-11-04T00:48:23","slug":"ante-santa-cruz-debutaran-los-dos-refuerzos-argentinos-de-union-san-felipe","status":"publish","type":"post","link":"https:\/\/eltrabajo.cl\/portal\/ante-santa-cruz-debutaran-los-dos-refuerzos-argentinos-de-union-san-felipe\/","title":{"rendered":"Ante Santa Cruz debutar\u00e1n los dos refuerzos argentinos de Uni\u00f3n San Felipe"},"content":{"rendered":"<p style=\"text-align: justify;\">Para el duelo de esta tarde en la Sexta regi\u00f3n, ante el aproblemado cuadro de Santa Cruz, es un hecho que Uni\u00f3n San Felipe har\u00e1 debutar a <strong>Lucas Wilchez<\/strong>. La inclusi\u00f3n del experimentado refuerzo trasandino se deber\u00e1 a la urgencia de los sanfelipe\u00f1os por salir de su mal momento, donde no ha sabido de triunfos durante las \u00faltimas jornadas.<\/p>\n<p style=\"text-align: justify;\">Fue el mismo t\u00e9cnico del Un\u00ed Un\u00ed, <strong>Erwin Dur\u00e1n<\/strong>, quien confirm\u00f3 el debut del volante trasandino: <em>\u00abYa lo habl\u00e9 con \u00e9l hace un par de d\u00edas. Ya el domingo Lucas sab\u00eda que jugar\u00e1 ma\u00f1ana (hoy), lo mismo que <strong>Daniel Opazo<\/strong>. Ellos deber\u00e1n darnos lo que estamos buscando, y en el caso de Wilchez, ser\u00e1 el \u00faltimo pase y la habilitaci\u00f3n a los delanteros, adem\u00e1s de poner \u00e9nfasis en la posesi\u00f3n del bal\u00f3n y la elaboraci\u00f3n. Estamos tranquilos porque sabemos que con su experiencia \u00e9l puede darnos todo eso\u00bb,<\/em> explic\u00f3 el estratego.<\/p>\n<p style=\"text-align: justify;\">Sobre el juego de esta tarde, el profesor Dur\u00e1n se\u00f1al\u00f3: <em>\u00abObviamente no venimos en un buen momento y queremos volver a la senda del triunfo. Intentaremos ser un equipo de acci\u00f3n y no de reacci\u00f3n para poder someter al rival. Habr\u00e1 que tener mucha claridad respecto a lo que queremos hacer; estamos tranquilos porque veo al plantel de muy buena forma, as\u00ed que hay confianza para este juego\u00bb.<\/em><\/p>\n<figure id=\"attachment_103872\" aria-describedby=\"caption-attachment-103872\" style=\"width: 699px\" class=\"wp-caption alignnone\"><img data-recalc-dims=\"1\" loading=\"lazy\" decoding=\"async\" class=\"size-full wp-image-103872\" src=\"https:\/\/i0.wp.com\/eltrabajo.cl\/portal\/wp-content\/uploads\/2020\/11\/wilchez.jpg?resize=640%2C333&#038;ssl=1\" alt=\"Lucas Wilchez har\u00e1 esta tarde su estreno oficial con la divisa del Un\u00ed Un\u00ed.\" width=\"640\" height=\"333\" srcset=\"https:\/\/i0.wp.com\/eltrabajo.cl\/portal\/wp-content\/uploads\/2020\/11\/wilchez.jpg?w=699&amp;ssl=1 699w, https:\/\/i0.wp.com\/eltrabajo.cl\/portal\/wp-content\/uploads\/2020\/11\/wilchez.jpg?resize=300%2C156&amp;ssl=1 300w, https:\/\/i0.wp.com\/eltrabajo.cl\/portal\/wp-content\/uploads\/2020\/11\/wilchez.jpg?resize=200%2C104&amp;ssl=1 200w, https:\/\/i0.wp.com\/eltrabajo.cl\/portal\/wp-content\/uploads\/2020\/11\/wilchez.jpg?resize=696%2C362&amp;ssl=1 696w\" sizes=\"auto, (max-width: 640px) 100vw, 640px\" \/><figcaption id=\"caption-attachment-103872\" class=\"wp-caption-text\">Lucas Wilchez har\u00e1 esta tarde su estreno oficial con la divisa del Un\u00ed Un\u00ed.<\/figcaption><\/figure>\n","protected":false},"excerpt":{"rendered":"<p>Para el duelo de esta tarde en la Sexta regi\u00f3n, ante el aproblemado cuadro de Santa Cruz, es un hecho que Uni\u00f3n San Felipe har\u00e1 debutar a Lucas Wilchez. La inclusi\u00f3n del&#8230;<\/p>\n","protected":false},"author":482,"featured_media":103872,"comment_status":"closed","ping_status":"open","sticky":false,"template":"","format":"standard","meta":{"advanced_seo_description":"","jetpack_seo_html_title":"","jetpack_seo_noindex":false,"_jetpack_memberships_contains_paid_content":false,"footnotes":""},"categories":[19],"tags":[],"class_list":["post-103871","post","type-post","status-publish","format-standard","has-post-thumbnail","hentry","category-deportes"],"jetpack_featured_media_url":"https:\/\/i0.wp.com\/eltrabajo.cl\/portal\/wp-content\/uploads\/2020\/11\/wilchez.jpg?fit=699%2C364&ssl=1","jetpack_sharing_enabled":true,"jetpack_likes_enabled":true,"jetpack-related-posts":[],"_links":{"self":[{"href":"https:\/\/eltrabajo.cl\/portal\/wp-json\/wp\/v2\/posts\/103871","targetHints":{"allow":["GET"]}}],"collection":[{"href":"https:\/\/eltrabajo.cl\/portal\/wp-json\/wp\/v2\/posts"}],"about":[{"href":"https:\/\/eltrabajo.cl\/portal\/wp-json\/wp\/v2\/types\/post"}],"author":[{"embeddable":true,"href":"https:\/\/eltrabajo.cl\/portal\/wp-json\/wp\/v2\/users\/482"}],"replies":[{"embeddable":true,"href":"https:\/\/eltrabajo.cl\/portal\/wp-json\/wp\/v2\/comments?post=103871"}],"version-history":[{"count":0,"href":"https:\/\/eltrabajo.cl\/portal\/wp-json\/wp\/v2\/posts\/103871\/revisions"}],"wp:featuredmedia":[{"embeddable":true,"href":"https:\/\/eltrabajo.cl\/portal\/wp-json\/wp\/v2\/media\/103872"}],"wp:attachment":[{"href":"https:\/\/eltrabajo.cl\/portal\/wp-json\/wp\/v2\/media?parent=103871"}],"wp:term":[{"taxonomy":"category","embeddable":true,"href":"https:\/\/eltrabajo.cl\/portal\/wp-json\/wp\/v2\/categories?post=103871"},{"taxonomy":"post_tag","embeddable":true,"href":"https:\/\/eltrabajo.cl\/portal\/wp-json\/wp\/v2\/tags?post=103871"}],"curies":[{"name":"wp","href":"https:\/\/api.w.org\/{rel}","templated":true}]}}