{"id":103936,"date":"2020-11-06T07:40:19","date_gmt":"2020-11-06T10:40:19","guid":{"rendered":"https:\/\/www.eltrabajo.cl\/portal\/?p=103936"},"modified":"2020-11-05T22:01:57","modified_gmt":"2020-11-06T01:01:57","slug":"el-nuevo-piso-del-fortin-prat-ya-comienza-a-brillar","status":"publish","type":"post","link":"https:\/\/eltrabajo.cl\/portal\/el-nuevo-piso-del-fortin-prat-ya-comienza-a-brillar\/","title":{"rendered":"El nuevo piso del Fort\u00edn Prat ya comienza a brillar"},"content":{"rendered":"<p style=\"text-align: justify;\">Sin contratiempos y de manera impecable avanzan los trabajos del cambio de piso del Fort\u00edn Prat de San Felipe. La obra, que tiene una tremenda significaci\u00f3n para el hist\u00f3rico club deportivo sanfelipe\u00f1o, deber\u00eda concluir a fines de este mes.<\/p>\n<p style=\"text-align: justify;\">Con este avance el recinto de la calle Santo Domingo tendr\u00e1 uno de los mejores pisos de la zona y la regi\u00f3n. <em>\u00abTendremos un gimnasio con altos est\u00e1ndares de calidad, no solo para nosotros, sino que la ciudad toda. La gente que est\u00e1 encargada del proyecto se ha mostrado en todo momento abierta a escuchar nuestras apreciaciones, lo cual es muy positivo\u00bb,<\/em> cont\u00f3 a <strong>El Trabajo Deportivo<\/strong> el presidente de la rama cestera del Prat, <strong>Exequiel Carvallo<\/strong>.<\/p>\n<p style=\"text-align: justify;\">El directivo entreg\u00f3 algunas caracter\u00edsticas del nuevo piso del Fort\u00edn Prat. <em>\u00abEn lo personal conozco dos gimnasios que tienen algo similar. Uno es el del \u00c1rabe de Valpara\u00edso y el otro en Talca. Es un piso que lleva una plancha de 18 mil\u00edmetros de espesor y bajo ella una estructura que la soporta. Tendr\u00e1 una capa de pintura con los colores institucionales del club y un vitrificado que dejar\u00e1 la cancha muy linda\u00bb,<\/em> inform\u00f3.<\/p>\n<p style=\"text-align: justify;\">En la conversaci\u00f3n con nuestro medio, Carvallo indic\u00f3 tambi\u00e9n que a estos trabajos se sumar\u00e1 el cierre perimetral de la cancha. <em>\u00abEn el global quedar\u00e1 impecable, y la idea es despu\u00e9s avanzar en otras mejoras para el recinto que no solo es para nuestra instituci\u00f3n, sino que la comunidad entera. Como directiva estamos trabajando para eso\u00bb.<\/em><\/p>\n<figure id=\"attachment_103937\" aria-describedby=\"caption-attachment-103937\" style=\"width: 699px\" class=\"wp-caption alignnone\"><img data-recalc-dims=\"1\" loading=\"lazy\" decoding=\"async\" class=\"size-full wp-image-103937\" src=\"https:\/\/i0.wp.com\/eltrabajo.cl\/portal\/wp-content\/uploads\/2020\/11\/gimnasio-prat.jpg?resize=640%2C481&#038;ssl=1\" alt=\"RELUCIENTE.- Muy avanzada est\u00e1 la obra del cambio de piso del Fort\u00edn Prat.\" width=\"640\" height=\"481\" srcset=\"https:\/\/i0.wp.com\/eltrabajo.cl\/portal\/wp-content\/uploads\/2020\/11\/gimnasio-prat.jpg?w=699&amp;ssl=1 699w, https:\/\/i0.wp.com\/eltrabajo.cl\/portal\/wp-content\/uploads\/2020\/11\/gimnasio-prat.jpg?resize=300%2C225&amp;ssl=1 300w, https:\/\/i0.wp.com\/eltrabajo.cl\/portal\/wp-content\/uploads\/2020\/11\/gimnasio-prat.jpg?resize=200%2C150&amp;ssl=1 200w, https:\/\/i0.wp.com\/eltrabajo.cl\/portal\/wp-content\/uploads\/2020\/11\/gimnasio-prat.jpg?resize=696%2C523&amp;ssl=1 696w\" sizes=\"auto, (max-width: 640px) 100vw, 640px\" \/><figcaption id=\"caption-attachment-103937\" class=\"wp-caption-text\">RELUCIENTE.- Muy avanzada est\u00e1 la obra del cambio de piso del Fort\u00edn Prat.<\/figcaption><\/figure>\n","protected":false},"excerpt":{"rendered":"<p>Sin contratiempos y de manera impecable avanzan los trabajos del cambio de piso del Fort\u00edn Prat de San Felipe. La obra, que tiene una tremenda significaci\u00f3n para el hist\u00f3rico club deportivo sanfelipe\u00f1o,&#8230;<\/p>\n","protected":false},"author":482,"featured_media":103937,"comment_status":"closed","ping_status":"open","sticky":false,"template":"","format":"standard","meta":{"advanced_seo_description":"","jetpack_seo_html_title":"","jetpack_seo_noindex":false,"_jetpack_memberships_contains_paid_content":false,"footnotes":""},"categories":[19],"tags":[],"class_list":["post-103936","post","type-post","status-publish","format-standard","has-post-thumbnail","hentry","category-deportes"],"jetpack_featured_media_url":"https:\/\/i0.wp.com\/eltrabajo.cl\/portal\/wp-content\/uploads\/2020\/11\/gimnasio-prat.jpg?fit=699%2C525&ssl=1","jetpack_sharing_enabled":true,"jetpack_likes_enabled":true,"jetpack-related-posts":[],"_links":{"self":[{"href":"https:\/\/eltrabajo.cl\/portal\/wp-json\/wp\/v2\/posts\/103936","targetHints":{"allow":["GET"]}}],"collection":[{"href":"https:\/\/eltrabajo.cl\/portal\/wp-json\/wp\/v2\/posts"}],"about":[{"href":"https:\/\/eltrabajo.cl\/portal\/wp-json\/wp\/v2\/types\/post"}],"author":[{"embeddable":true,"href":"https:\/\/eltrabajo.cl\/portal\/wp-json\/wp\/v2\/users\/482"}],"replies":[{"embeddable":true,"href":"https:\/\/eltrabajo.cl\/portal\/wp-json\/wp\/v2\/comments?post=103936"}],"version-history":[{"count":0,"href":"https:\/\/eltrabajo.cl\/portal\/wp-json\/wp\/v2\/posts\/103936\/revisions"}],"wp:featuredmedia":[{"embeddable":true,"href":"https:\/\/eltrabajo.cl\/portal\/wp-json\/wp\/v2\/media\/103937"}],"wp:attachment":[{"href":"https:\/\/eltrabajo.cl\/portal\/wp-json\/wp\/v2\/media?parent=103936"}],"wp:term":[{"taxonomy":"category","embeddable":true,"href":"https:\/\/eltrabajo.cl\/portal\/wp-json\/wp\/v2\/categories?post=103936"},{"taxonomy":"post_tag","embeddable":true,"href":"https:\/\/eltrabajo.cl\/portal\/wp-json\/wp\/v2\/tags?post=103936"}],"curies":[{"name":"wp","href":"https:\/\/api.w.org\/{rel}","templated":true}]}}