{"id":103965,"date":"2020-11-09T07:35:26","date_gmt":"2020-11-09T10:35:26","guid":{"rendered":"https:\/\/www.eltrabajo.cl\/portal\/?p=103965"},"modified":"2020-11-08T20:50:01","modified_gmt":"2020-11-08T23:50:01","slug":"union-san-felipe-se-toma-un-respiro-al-ganar-2-a-1-a-puerto-montt","status":"publish","type":"post","link":"https:\/\/eltrabajo.cl\/portal\/union-san-felipe-se-toma-un-respiro-al-ganar-2-a-1-a-puerto-montt\/","title":{"rendered":"Uni\u00f3n San Felipe se toma un respiro al ganar 2 a 1 a Puerto Montt"},"content":{"rendered":"<p style=\"text-align: justify;\">En un partido donde a base de mucho empuje y ganas logr\u00f3 sobreponerse a la desventaja que ten\u00eda en el marcador, el Un\u00ed Un\u00ed despu\u00e9s de cuatro jornadas se reencontr\u00f3 con la victoria al vencer 2 a 1 a Puerto Montt en el duelo jugado al mediod\u00eda de ayer en el Estadio Municipal de San Felipe.<\/p>\n<p style=\"text-align: justify;\">Si bien es cierto los aconcag\u00fcinos hicieron la diferencia en la primera mitad del encuentro, los primeros 45 minutos del pleito no le fueron favorables en lo futbol\u00edstico, a ra\u00edz que fueron dominados durante largos pasajes de ese lapso por los sure\u00f1os.<\/p>\n<p style=\"text-align: justify;\">Con <strong>Lucas Wilchez<\/strong> como enlace y cerebro, los de Dur\u00e1n buscaron crear jugadas de riesgo sobre la porter\u00eda forastera, y pese a que en el inicio el volante trasandino logr\u00f3 conectarse con <strong>Jimmy Cisterna<\/strong> y <strong>Pablo Vergara<\/strong>, poco a poco esa apuesta fue sucumbiendo ante la eficiente marca de los\u00a0 puertomontinos, que de no ser por dos tapadas extraordinarias de <strong>Andr\u00e9s Fern\u00e1ndez<\/strong> perfectamente pudieron haber abierto la cuenta mucho antes que en el 39\u2019, cuando un zapatazo de <strong>Byron Bustamante <\/strong>se col\u00f3 en un \u00e1ngulo del arco norte\u00a0 que signific\u00f3 su transitoria ventaja.<\/p>\n<p style=\"text-align: justify;\">El tanto sure\u00f1o hizo suponer que esta ser\u00eda otra jornada negra para los sanfelipe\u00f1os, que s\u00f3lo mostraban actitud y muchas ganas, pero nulas ideas para nivelar. Felizmente en esta oportunidad el Un\u00ed Un\u00ed explor\u00f3 como alternativa el remate de distancia para intentar llegar al gol, y para su buena fortuna los jugadores que se aventuraron en este expediente sacaron cuentas alegres, porque primero <strong>Juan M\u00e9ndez<\/strong> (44\u2019) y despu\u00e9s <strong>Daniel Opazo<\/strong> (45+2\u2019) lograron que sus remates besaran la red y con ello hacer el desnivel.<\/p>\n<p style=\"text-align: justify;\">La segunda fue distinta a la predecesora porque Puerto Montt sinti\u00f3 desde lo psicol\u00f3gico los dos golpes aconcag\u00fcinos, a lo que se adicion\u00f3 que el fuerte calor le pas\u00f3 la cuenta. Por su parte San Felipe opt\u00f3 por la calma y una estrategia conservadora en la que le entregaba el campo de juego al rival para que se desgastara en su af\u00e1n de llegar al empate.<\/p>\n<p style=\"text-align: justify;\">Los sanfelipe\u00f1o no tuvieron mayores contratiempos para conservar la ventaja, y si bien es cierto no brillaron al menos pudieron volver a celebrar, adem\u00e1s de poner fin a una racha negativa, con lo que nuevamente volvieron a posicionarse en la parte alta de la tabla.<\/p>\n<p style=\"text-align: justify;\"><strong>Ficha T\u00e9cnica<\/strong><\/p>\n<p style=\"text-align: justify;\">Fecha 18\u00aa<\/p>\n<p style=\"text-align: justify;\">Torneo Oficial Primera B.<\/p>\n<p style=\"text-align: justify;\">Uni\u00f3n San Felipe (2): Andr\u00e9s Fern\u00e1ndez; Francisco Salinas (Torres), Jes\u00fas Pino, Gonzalo Villegas, Nicol\u00e1s D\u00edaz; Enzo Orme\u00f1o, Juan M\u00e9ndez, Lucas Wilchez(Silva), Jimmy Cisterna(Castro), Pablo Vergara, Daniel Opazo(Mes\u00edas). DT: Erwin Dur\u00e1n.<\/p>\n<p style=\"text-align: justify;\">Puerto Montt (1): <strong>Daniel Castillo<\/strong>; <strong>Diego Opazo<\/strong>, <strong>Fernando Cornejo<\/strong>, <strong>Yonathan Suazo<\/strong>, <strong>Byron Bustamante<\/strong>, <strong>Francisco Ayala<\/strong>, <strong>Jos\u00e9 Luis Silva<\/strong> (Lemmo), <strong>Cristian L\u00f3pez<\/strong>, <strong>Jerem\u00edas Asencio<\/strong> (Soto), <strong>Lionel Altamirano<\/strong>, <strong>Nicol\u00e1s Gauna<\/strong>. DT: <strong>Jorge Aravena<\/strong>.<\/p>\n<p style=\"text-align: justify;\">Goles: 0-1, 39\u2019 Byron Bustamante (PM), 1-1, 44\u2019 Juan M\u00e9ndez (USF)<\/p>\n<p style=\"text-align: justify;\">2-1, 47\u2019 Daniel Opazo (USF).<\/p>\n<figure id=\"attachment_103968\" aria-describedby=\"caption-attachment-103968\" style=\"width: 700px\" class=\"wp-caption alignnone\"><img data-recalc-dims=\"1\" loading=\"lazy\" decoding=\"async\" class=\"size-full wp-image-103968\" src=\"https:\/\/i0.wp.com\/eltrabajo.cl\/portal\/wp-content\/uploads\/2020\/11\/uni-mendez.jpg?resize=640%2C634&#038;ssl=1\" alt=\"Juan M\u00e9ndez sale a festejar euf\u00f3rico el gol del empate. (Foto: Jaime G\u00f3mez Corales) \" width=\"640\" height=\"634\" srcset=\"https:\/\/i0.wp.com\/eltrabajo.cl\/portal\/wp-content\/uploads\/2020\/11\/uni-mendez.jpg?w=700&amp;ssl=1 700w, https:\/\/i0.wp.com\/eltrabajo.cl\/portal\/wp-content\/uploads\/2020\/11\/uni-mendez.jpg?resize=300%2C297&amp;ssl=1 300w, https:\/\/i0.wp.com\/eltrabajo.cl\/portal\/wp-content\/uploads\/2020\/11\/uni-mendez.jpg?resize=152%2C150&amp;ssl=1 152w, https:\/\/i0.wp.com\/eltrabajo.cl\/portal\/wp-content\/uploads\/2020\/11\/uni-mendez.jpg?resize=696%2C689&amp;ssl=1 696w\" sizes=\"auto, (max-width: 640px) 100vw, 640px\" \/><figcaption id=\"caption-attachment-103968\" class=\"wp-caption-text\">Juan M\u00e9ndez sale a festejar euf\u00f3rico el gol del empate. (Foto: Jaime G\u00f3mez Corales)<\/figcaption><\/figure>\n<figure id=\"attachment_103967\" aria-describedby=\"caption-attachment-103967\" style=\"width: 700px\" class=\"wp-caption alignnone\"><img data-recalc-dims=\"1\" loading=\"lazy\" decoding=\"async\" class=\"size-full wp-image-103967\" src=\"https:\/\/i0.wp.com\/eltrabajo.cl\/portal\/wp-content\/uploads\/2020\/11\/uni-jimmy-cisterna.jpg?resize=640%2C647&#038;ssl=1\" alt=\"Jimmy Cisterna fue uno de los agentes ofensivos albirrojos en el juego contra Puerto Montt. (Foto: Jaime G\u00f3mez Corales)\" width=\"640\" height=\"647\" srcset=\"https:\/\/i0.wp.com\/eltrabajo.cl\/portal\/wp-content\/uploads\/2020\/11\/uni-jimmy-cisterna.jpg?w=700&amp;ssl=1 700w, https:\/\/i0.wp.com\/eltrabajo.cl\/portal\/wp-content\/uploads\/2020\/11\/uni-jimmy-cisterna.jpg?resize=297%2C300&amp;ssl=1 297w, https:\/\/i0.wp.com\/eltrabajo.cl\/portal\/wp-content\/uploads\/2020\/11\/uni-jimmy-cisterna.jpg?resize=148%2C150&amp;ssl=1 148w, https:\/\/i0.wp.com\/eltrabajo.cl\/portal\/wp-content\/uploads\/2020\/11\/uni-jimmy-cisterna.jpg?resize=696%2C704&amp;ssl=1 696w\" sizes=\"auto, (max-width: 640px) 100vw, 640px\" \/><figcaption id=\"caption-attachment-103967\" class=\"wp-caption-text\">Jimmy Cisterna fue uno de los agentes ofensivos albirrojos en el juego contra Puerto Montt. (Foto: Jaime G\u00f3mez Corales)<\/figcaption><\/figure>\n<figure id=\"attachment_103966\" aria-describedby=\"caption-attachment-103966\" style=\"width: 700px\" class=\"wp-caption alignnone\"><img data-recalc-dims=\"1\" loading=\"lazy\" decoding=\"async\" class=\"size-full wp-image-103966\" src=\"https:\/\/i0.wp.com\/eltrabajo.cl\/portal\/wp-content\/uploads\/2020\/11\/uni-vergara.jpg?resize=640%2C440&#038;ssl=1\" alt=\"El trasandino-chileno Pablo Vergara intenta zafar de la marca de un defensor sure\u00f1o. (Foto: Jaime G\u00f3mez Corales)\" width=\"640\" height=\"440\" srcset=\"https:\/\/i0.wp.com\/eltrabajo.cl\/portal\/wp-content\/uploads\/2020\/11\/uni-vergara.jpg?w=700&amp;ssl=1 700w, https:\/\/i0.wp.com\/eltrabajo.cl\/portal\/wp-content\/uploads\/2020\/11\/uni-vergara.jpg?resize=300%2C206&amp;ssl=1 300w, https:\/\/i0.wp.com\/eltrabajo.cl\/portal\/wp-content\/uploads\/2020\/11\/uni-vergara.jpg?resize=200%2C137&amp;ssl=1 200w, https:\/\/i0.wp.com\/eltrabajo.cl\/portal\/wp-content\/uploads\/2020\/11\/uni-vergara.jpg?resize=218%2C150&amp;ssl=1 218w, https:\/\/i0.wp.com\/eltrabajo.cl\/portal\/wp-content\/uploads\/2020\/11\/uni-vergara.jpg?resize=696%2C478&amp;ssl=1 696w\" sizes=\"auto, (max-width: 640px) 100vw, 640px\" \/><figcaption id=\"caption-attachment-103966\" class=\"wp-caption-text\">El trasandino-chileno Pablo Vergara intenta zafar de la marca de un defensor sure\u00f1o. (Foto: Jaime G\u00f3mez Corales)<\/figcaption><\/figure>\n","protected":false},"excerpt":{"rendered":"<p>En un partido donde a base de mucho empuje y ganas logr\u00f3 sobreponerse a la desventaja que ten\u00eda en el marcador, el Un\u00ed Un\u00ed despu\u00e9s de cuatro jornadas se reencontr\u00f3 con la&#8230;<\/p>\n","protected":false},"author":482,"featured_media":103966,"comment_status":"closed","ping_status":"open","sticky":false,"template":"","format":"standard","meta":{"advanced_seo_description":"","jetpack_seo_html_title":"","jetpack_seo_noindex":false,"_jetpack_memberships_contains_paid_content":false,"footnotes":""},"categories":[19],"tags":[],"class_list":["post-103965","post","type-post","status-publish","format-standard","has-post-thumbnail","hentry","category-deportes"],"jetpack_featured_media_url":"https:\/\/i0.wp.com\/eltrabajo.cl\/portal\/wp-content\/uploads\/2020\/11\/uni-vergara.jpg?fit=700%2C481&ssl=1","jetpack_sharing_enabled":true,"jetpack_likes_enabled":true,"jetpack-related-posts":[],"_links":{"self":[{"href":"https:\/\/eltrabajo.cl\/portal\/wp-json\/wp\/v2\/posts\/103965","targetHints":{"allow":["GET"]}}],"collection":[{"href":"https:\/\/eltrabajo.cl\/portal\/wp-json\/wp\/v2\/posts"}],"about":[{"href":"https:\/\/eltrabajo.cl\/portal\/wp-json\/wp\/v2\/types\/post"}],"author":[{"embeddable":true,"href":"https:\/\/eltrabajo.cl\/portal\/wp-json\/wp\/v2\/users\/482"}],"replies":[{"embeddable":true,"href":"https:\/\/eltrabajo.cl\/portal\/wp-json\/wp\/v2\/comments?post=103965"}],"version-history":[{"count":0,"href":"https:\/\/eltrabajo.cl\/portal\/wp-json\/wp\/v2\/posts\/103965\/revisions"}],"wp:featuredmedia":[{"embeddable":true,"href":"https:\/\/eltrabajo.cl\/portal\/wp-json\/wp\/v2\/media\/103966"}],"wp:attachment":[{"href":"https:\/\/eltrabajo.cl\/portal\/wp-json\/wp\/v2\/media?parent=103965"}],"wp:term":[{"taxonomy":"category","embeddable":true,"href":"https:\/\/eltrabajo.cl\/portal\/wp-json\/wp\/v2\/categories?post=103965"},{"taxonomy":"post_tag","embeddable":true,"href":"https:\/\/eltrabajo.cl\/portal\/wp-json\/wp\/v2\/tags?post=103965"}],"curies":[{"name":"wp","href":"https:\/\/api.w.org\/{rel}","templated":true}]}}