{"id":103993,"date":"2020-11-09T22:21:54","date_gmt":"2020-11-10T01:21:54","guid":{"rendered":"https:\/\/www.eltrabajo.cl\/portal\/?p=103993"},"modified":"2020-11-09T22:21:54","modified_gmt":"2020-11-10T01:21:54","slug":"gonzalo-alvarez-parte-al-audax-italiano","status":"publish","type":"post","link":"https:\/\/eltrabajo.cl\/portal\/gonzalo-alvarez-parte-al-audax-italiano\/","title":{"rendered":"Gonzalo \u00c1lvarez parte al Audax Italiano"},"content":{"rendered":"<p style=\"text-align: justify;\">Si bien es cierto ya el domingo se hab\u00eda hecho p\u00fablica la informaci\u00f3n, durante la jornada de hoy se ratific\u00f3 que el volante ofensivo <strong>Gonzalo \u00c1lvarez<\/strong> pasar\u00e1 a integrar el plantel de honor del Audax Italiano.<\/p>\n<p style=\"text-align: justify;\">La partida del goleador y figura del Un\u00ed Un\u00ed durante la actual temporada, representar\u00e1 sin lugar a dudas un duro golpe para los albirrojos.\u00a0 El jugador salido de las canteras del club sanfelipe\u00f1o ser\u00e1 un elemento dif\u00edcil de reemplazar, a ra\u00edz que suele desequilibrar con sus cambios de ritmo y constante coqueteo con el gol.<\/p>\n<p style=\"text-align: justify;\">A sus 23 a\u00f1os de edad <strong>\u2018El Gringo\u2019<\/strong> encontr\u00f3 su consolidaci\u00f3n definitiva este a\u00f1o, tras ya haber tenido un 2019 muy provechoso cuando el t\u00e9cnico <strong>Germ\u00e1n Corengia<\/strong> le dio su confianza al convertirlo en titular.<\/p>\n<p style=\"text-align: justify;\">Clave en la carrera de Gonzalo \u00c1lvarez, fue su paso de San Antonio, instituci\u00f3n de la Segunda Divisi\u00f3n donde temporadas atr\u00e1s fue a pr\u00e9stamo y en la que sum\u00f3 minutos y el bagaje necesario para convertirse en el jugador que es en la actualidad.<\/p>\n<p style=\"text-align: justify;\">Con esto son dos los jugadores que pierde Uni\u00f3n San Felipe para la segunda rueda del torneo, ya que semanas antes el delantero <strong>Lautaro Palacios<\/strong> parti\u00f3 con rumbo a la Cuarta regi\u00f3n para jugar en Coquimbo Unido.<\/p>\n<figure id=\"attachment_103994\" aria-describedby=\"caption-attachment-103994\" style=\"width: 699px\" class=\"wp-caption alignnone\"><img data-recalc-dims=\"1\" loading=\"lazy\" decoding=\"async\" class=\"size-full wp-image-103994\" src=\"https:\/\/i0.wp.com\/eltrabajo.cl\/portal\/wp-content\/uploads\/2020\/11\/alvarez-y-Palacios.jpg?resize=640%2C463&#038;ssl=1\" alt=\"Celebraci\u00f3n que no se volver\u00e1 a repetir.- Gonzalo \u00c1lvarez y Lautaro Palacios emigraron del Un\u00ed Un\u00ed a clubes de la Primera A.\" width=\"640\" height=\"463\" srcset=\"https:\/\/i0.wp.com\/eltrabajo.cl\/portal\/wp-content\/uploads\/2020\/11\/alvarez-y-Palacios.jpg?w=699&amp;ssl=1 699w, https:\/\/i0.wp.com\/eltrabajo.cl\/portal\/wp-content\/uploads\/2020\/11\/alvarez-y-Palacios.jpg?resize=300%2C217&amp;ssl=1 300w, https:\/\/i0.wp.com\/eltrabajo.cl\/portal\/wp-content\/uploads\/2020\/11\/alvarez-y-Palacios.jpg?resize=200%2C145&amp;ssl=1 200w, https:\/\/i0.wp.com\/eltrabajo.cl\/portal\/wp-content\/uploads\/2020\/11\/alvarez-y-Palacios.jpg?resize=696%2C504&amp;ssl=1 696w, https:\/\/i0.wp.com\/eltrabajo.cl\/portal\/wp-content\/uploads\/2020\/11\/alvarez-y-Palacios.jpg?resize=324%2C235&amp;ssl=1 324w\" sizes=\"auto, (max-width: 640px) 100vw, 640px\" \/><figcaption id=\"caption-attachment-103994\" class=\"wp-caption-text\">Celebraci\u00f3n que no se volver\u00e1 a repetir.- Gonzalo \u00c1lvarez y Lautaro Palacios emigraron del Un\u00ed Un\u00ed a clubes de la Primera A.<\/figcaption><\/figure>\n","protected":false},"excerpt":{"rendered":"<p>Si bien es cierto ya el domingo se hab\u00eda hecho p\u00fablica la informaci\u00f3n, durante la jornada de hoy se ratific\u00f3 que el volante ofensivo Gonzalo \u00c1lvarez pasar\u00e1 a integrar el plantel de&#8230;<\/p>\n","protected":false},"author":482,"featured_media":103994,"comment_status":"closed","ping_status":"open","sticky":false,"template":"","format":"standard","meta":{"advanced_seo_description":"","jetpack_seo_html_title":"","jetpack_seo_noindex":false,"_jetpack_memberships_contains_paid_content":false,"footnotes":""},"categories":[19],"tags":[],"class_list":["post-103993","post","type-post","status-publish","format-standard","has-post-thumbnail","hentry","category-deportes"],"jetpack_featured_media_url":"https:\/\/i0.wp.com\/eltrabajo.cl\/portal\/wp-content\/uploads\/2020\/11\/alvarez-y-Palacios.jpg?fit=699%2C506&ssl=1","jetpack_sharing_enabled":true,"jetpack_likes_enabled":true,"jetpack-related-posts":[],"_links":{"self":[{"href":"https:\/\/eltrabajo.cl\/portal\/wp-json\/wp\/v2\/posts\/103993","targetHints":{"allow":["GET"]}}],"collection":[{"href":"https:\/\/eltrabajo.cl\/portal\/wp-json\/wp\/v2\/posts"}],"about":[{"href":"https:\/\/eltrabajo.cl\/portal\/wp-json\/wp\/v2\/types\/post"}],"author":[{"embeddable":true,"href":"https:\/\/eltrabajo.cl\/portal\/wp-json\/wp\/v2\/users\/482"}],"replies":[{"embeddable":true,"href":"https:\/\/eltrabajo.cl\/portal\/wp-json\/wp\/v2\/comments?post=103993"}],"version-history":[{"count":0,"href":"https:\/\/eltrabajo.cl\/portal\/wp-json\/wp\/v2\/posts\/103993\/revisions"}],"wp:featuredmedia":[{"embeddable":true,"href":"https:\/\/eltrabajo.cl\/portal\/wp-json\/wp\/v2\/media\/103994"}],"wp:attachment":[{"href":"https:\/\/eltrabajo.cl\/portal\/wp-json\/wp\/v2\/media?parent=103993"}],"wp:term":[{"taxonomy":"category","embeddable":true,"href":"https:\/\/eltrabajo.cl\/portal\/wp-json\/wp\/v2\/categories?post=103993"},{"taxonomy":"post_tag","embeddable":true,"href":"https:\/\/eltrabajo.cl\/portal\/wp-json\/wp\/v2\/tags?post=103993"}],"curies":[{"name":"wp","href":"https:\/\/api.w.org\/{rel}","templated":true}]}}