{"id":103996,"date":"2020-11-09T22:20:40","date_gmt":"2020-11-10T01:20:40","guid":{"rendered":"https:\/\/www.eltrabajo.cl\/portal\/?p=103996"},"modified":"2020-11-09T22:33:28","modified_gmt":"2020-11-10T01:33:28","slug":"se-confirma-que-el-2021-habra-una-tercera-division-en-el-basquetbol-chileno","status":"publish","type":"post","link":"https:\/\/eltrabajo.cl\/portal\/se-confirma-que-el-2021-habra-una-tercera-division-en-el-basquetbol-chileno\/","title":{"rendered":"Se confirma que el 2021 habr\u00e1 una Tercera Divisi\u00f3n en el b\u00e1squetbol chileno"},"content":{"rendered":"<p style=\"text-align: left;\"><span style=\"color: #ff0000;\"><strong> Contar\u00eda con la presencia de varios equipos de la zona:<\/strong><\/span><\/p>\n<p style=\"text-align: justify;\">El presidente de la Asociaci\u00f3n de B\u00e1squetbol Alejandro Rivadeneira, y actual secretario de la Federaci\u00f3n Chilena (Febachile), <strong>Juan Carlos Acu\u00f1a<\/strong>, inform\u00f3 a <strong>El Trabajo Deportivo<\/strong> que posiblemente en marzo del pr\u00f3ximo a\u00f1o comience a jugarse el torneo de la Tercera Divisi\u00f3n chilena, lo que representar\u00e1 un enorme avance porque dar\u00e1 a los jugadores la posibilidad real de culminar su proceso de formaci\u00f3n en una competencia nacional y de calidad.<\/p>\n<p style=\"text-align: justify;\">La m\u00e1xima autoridad en los cestos locales indic\u00f3 que la divisi\u00f3n ser\u00e1 U23, y que en ella podr\u00e1n participar adem\u00e1s equipos filiales de clubes grandes, adem\u00e1s de contar con quintetos de todas las regiones del pa\u00eds, lo que permitir\u00e1 realizar un evento regionalizado o por zonas. <em>\u00abEstamos muy contentos por poder haber llegado a esto; sin lugar a dudas los m\u00e1s beneficiados ser\u00e1n los ni\u00f1os que sabr\u00e1n que en el alg\u00fan momento podr\u00e1n jugar a niveles superiores porque esta liga ser\u00e1 la culminaci\u00f3n de su formaci\u00f3n, y si algunos tienen las cualidades podr\u00e1n aspirar a jugar en Segunda o incluso el torneo m\u00e1s importante del b\u00e1squetbol nacional\u00bb,<\/em> declar\u00f3 el directivo.<\/p>\n<p style=\"text-align: justify;\">Juan Carlos Acu\u00f1a se\u00f1al\u00f3 que ya casi en un 100% est\u00e1 garantizada la participaci\u00f3n en el naciente campeonato de Liceo Mixto, San Felipe Basket, a los cuales podr\u00eda sumarse tambi\u00e9n Trasandino de Los Andes.<\/p>\n<figure id=\"attachment_103997\" aria-describedby=\"caption-attachment-103997\" style=\"width: 699px\" class=\"wp-caption alignnone\"><img data-recalc-dims=\"1\" loading=\"lazy\" decoding=\"async\" class=\"size-full wp-image-103997\" src=\"https:\/\/i0.wp.com\/eltrabajo.cl\/portal\/wp-content\/uploads\/2020\/11\/basquet.jpg?resize=640%2C513&#038;ssl=1\" alt=\"Los jugadores locales tendr\u00e1n la posibilidad de jugar el 2021 en la Tercera Divisi\u00f3n del b\u00e1squet chileno.\" width=\"640\" height=\"513\" srcset=\"https:\/\/i0.wp.com\/eltrabajo.cl\/portal\/wp-content\/uploads\/2020\/11\/basquet.jpg?w=699&amp;ssl=1 699w, https:\/\/i0.wp.com\/eltrabajo.cl\/portal\/wp-content\/uploads\/2020\/11\/basquet.jpg?resize=300%2C240&amp;ssl=1 300w, https:\/\/i0.wp.com\/eltrabajo.cl\/portal\/wp-content\/uploads\/2020\/11\/basquet.jpg?resize=187%2C150&amp;ssl=1 187w, https:\/\/i0.wp.com\/eltrabajo.cl\/portal\/wp-content\/uploads\/2020\/11\/basquet.jpg?resize=696%2C558&amp;ssl=1 696w\" sizes=\"auto, (max-width: 640px) 100vw, 640px\" \/><figcaption id=\"caption-attachment-103997\" class=\"wp-caption-text\">Los jugadores locales tendr\u00e1n la posibilidad de jugar el 2021 en la Tercera Divisi\u00f3n del b\u00e1squet chileno.<\/figcaption><\/figure>\n","protected":false},"excerpt":{"rendered":"<p>Contar\u00eda con la presencia de varios equipos de la zona: El presidente de la Asociaci\u00f3n de B\u00e1squetbol Alejandro Rivadeneira, y actual secretario de la Federaci\u00f3n Chilena (Febachile), Juan Carlos Acu\u00f1a, inform\u00f3 a&#8230;<\/p>\n","protected":false},"author":482,"featured_media":103997,"comment_status":"closed","ping_status":"open","sticky":false,"template":"","format":"standard","meta":{"advanced_seo_description":"","jetpack_seo_html_title":"","jetpack_seo_noindex":false,"_jetpack_memberships_contains_paid_content":false,"footnotes":""},"categories":[19],"tags":[],"class_list":["post-103996","post","type-post","status-publish","format-standard","has-post-thumbnail","hentry","category-deportes"],"jetpack_featured_media_url":"https:\/\/i0.wp.com\/eltrabajo.cl\/portal\/wp-content\/uploads\/2020\/11\/basquet.jpg?fit=699%2C560&ssl=1","jetpack_sharing_enabled":true,"jetpack_likes_enabled":true,"jetpack-related-posts":[],"_links":{"self":[{"href":"https:\/\/eltrabajo.cl\/portal\/wp-json\/wp\/v2\/posts\/103996","targetHints":{"allow":["GET"]}}],"collection":[{"href":"https:\/\/eltrabajo.cl\/portal\/wp-json\/wp\/v2\/posts"}],"about":[{"href":"https:\/\/eltrabajo.cl\/portal\/wp-json\/wp\/v2\/types\/post"}],"author":[{"embeddable":true,"href":"https:\/\/eltrabajo.cl\/portal\/wp-json\/wp\/v2\/users\/482"}],"replies":[{"embeddable":true,"href":"https:\/\/eltrabajo.cl\/portal\/wp-json\/wp\/v2\/comments?post=103996"}],"version-history":[{"count":0,"href":"https:\/\/eltrabajo.cl\/portal\/wp-json\/wp\/v2\/posts\/103996\/revisions"}],"wp:featuredmedia":[{"embeddable":true,"href":"https:\/\/eltrabajo.cl\/portal\/wp-json\/wp\/v2\/media\/103997"}],"wp:attachment":[{"href":"https:\/\/eltrabajo.cl\/portal\/wp-json\/wp\/v2\/media?parent=103996"}],"wp:term":[{"taxonomy":"category","embeddable":true,"href":"https:\/\/eltrabajo.cl\/portal\/wp-json\/wp\/v2\/categories?post=103996"},{"taxonomy":"post_tag","embeddable":true,"href":"https:\/\/eltrabajo.cl\/portal\/wp-json\/wp\/v2\/tags?post=103996"}],"curies":[{"name":"wp","href":"https:\/\/api.w.org\/{rel}","templated":true}]}}