{"id":104053,"date":"2020-11-12T07:30:15","date_gmt":"2020-11-12T10:30:15","guid":{"rendered":"https:\/\/www.eltrabajo.cl\/portal\/?p=104053"},"modified":"2020-11-11T22:11:04","modified_gmt":"2020-11-12T01:11:04","slug":"el-prat-seguira-en-la-serie-b-de-la-liga-nacional-de-basquetbol","status":"publish","type":"post","link":"https:\/\/eltrabajo.cl\/portal\/el-prat-seguira-en-la-serie-b-de-la-liga-nacional-de-basquetbol\/","title":{"rendered":"El Prat seguir\u00e1 en la serie B de la Liga Nacional de B\u00e1squetbol"},"content":{"rendered":"<p style=\"text-align: justify;\">Despu\u00e9s de largos meses en los cuales no exist\u00eda certeza de cu\u00e1l ser\u00eda el destino competitivo del equipo de honor perteneciente a la rama de b\u00e1squetbol del club Arturo Prat, en las \u00faltimas horas se confirm\u00f3 que su domicilio ser\u00e1 la Segunda Divisi\u00f3n de la Liga Nacional de B\u00e1squetbol, lo cual fue muy bien recibido en las huestes del club de la calle Santo Domingo que el a\u00f1o pr\u00f3ximo tendr\u00e1n la posibilidad de recibir en su renovado Fort\u00edn a equipos de calibre mayor y de una reconocida trayectoria en los cestos nacionales.<\/p>\n<p style=\"text-align: justify;\">Fue el directivo <strong>Mauro Bull<\/strong> quien confirm\u00f3 la informaci\u00f3n a <strong>El Trabajo Deportivo<\/strong>. <em>\u00abYa nos indicaron de la LNB que nos manten\u00edamos en Segunda Divisi\u00f3n, lo cual es una muy buena noticia porque en esa categor\u00eda no existe l\u00edmite de edad, como es el caso de la Tercera que es U23\u00bb,<\/em> se\u00f1al\u00f3.<\/p>\n<p style=\"text-align: justify;\">La fecha tentativa de partida de la temporada 2021 de la competencia cestera de car\u00e1cter nacional ser\u00eda el 27 de marzo.<\/p>\n<figure id=\"attachment_104054\" aria-describedby=\"caption-attachment-104054\" style=\"width: 699px\" class=\"wp-caption alignnone\"><img data-recalc-dims=\"1\" loading=\"lazy\" decoding=\"async\" class=\"size-full wp-image-104054\" src=\"https:\/\/i0.wp.com\/eltrabajo.cl\/portal\/wp-content\/uploads\/2020\/11\/prat.jpg?resize=640%2C427&#038;ssl=1\" alt=\"Ya es oficial que el Prat seguir\u00e1 integrando la serie B de la LNB.\" width=\"640\" height=\"427\" srcset=\"https:\/\/i0.wp.com\/eltrabajo.cl\/portal\/wp-content\/uploads\/2020\/11\/prat.jpg?w=699&amp;ssl=1 699w, https:\/\/i0.wp.com\/eltrabajo.cl\/portal\/wp-content\/uploads\/2020\/11\/prat.jpg?resize=300%2C200&amp;ssl=1 300w, https:\/\/i0.wp.com\/eltrabajo.cl\/portal\/wp-content\/uploads\/2020\/11\/prat.jpg?resize=200%2C133&amp;ssl=1 200w, https:\/\/i0.wp.com\/eltrabajo.cl\/portal\/wp-content\/uploads\/2020\/11\/prat.jpg?resize=696%2C464&amp;ssl=1 696w\" sizes=\"auto, (max-width: 640px) 100vw, 640px\" \/><figcaption id=\"caption-attachment-104054\" class=\"wp-caption-text\">Ya es oficial que el Prat seguir\u00e1 integrando la serie B de la LNB.<\/figcaption><\/figure>\n","protected":false},"excerpt":{"rendered":"<p>Despu\u00e9s de largos meses en los cuales no exist\u00eda certeza de cu\u00e1l ser\u00eda el destino competitivo del equipo de honor perteneciente a la rama de b\u00e1squetbol del club Arturo Prat, en las&#8230;<\/p>\n","protected":false},"author":482,"featured_media":104054,"comment_status":"closed","ping_status":"open","sticky":false,"template":"","format":"standard","meta":{"advanced_seo_description":"","jetpack_seo_html_title":"","jetpack_seo_noindex":false,"_jetpack_memberships_contains_paid_content":false,"footnotes":""},"categories":[19],"tags":[],"class_list":["post-104053","post","type-post","status-publish","format-standard","has-post-thumbnail","hentry","category-deportes"],"jetpack_featured_media_url":"https:\/\/i0.wp.com\/eltrabajo.cl\/portal\/wp-content\/uploads\/2020\/11\/prat.jpg?fit=699%2C466&ssl=1","jetpack_sharing_enabled":true,"jetpack_likes_enabled":true,"jetpack-related-posts":[],"_links":{"self":[{"href":"https:\/\/eltrabajo.cl\/portal\/wp-json\/wp\/v2\/posts\/104053","targetHints":{"allow":["GET"]}}],"collection":[{"href":"https:\/\/eltrabajo.cl\/portal\/wp-json\/wp\/v2\/posts"}],"about":[{"href":"https:\/\/eltrabajo.cl\/portal\/wp-json\/wp\/v2\/types\/post"}],"author":[{"embeddable":true,"href":"https:\/\/eltrabajo.cl\/portal\/wp-json\/wp\/v2\/users\/482"}],"replies":[{"embeddable":true,"href":"https:\/\/eltrabajo.cl\/portal\/wp-json\/wp\/v2\/comments?post=104053"}],"version-history":[{"count":0,"href":"https:\/\/eltrabajo.cl\/portal\/wp-json\/wp\/v2\/posts\/104053\/revisions"}],"wp:featuredmedia":[{"embeddable":true,"href":"https:\/\/eltrabajo.cl\/portal\/wp-json\/wp\/v2\/media\/104054"}],"wp:attachment":[{"href":"https:\/\/eltrabajo.cl\/portal\/wp-json\/wp\/v2\/media?parent=104053"}],"wp:term":[{"taxonomy":"category","embeddable":true,"href":"https:\/\/eltrabajo.cl\/portal\/wp-json\/wp\/v2\/categories?post=104053"},{"taxonomy":"post_tag","embeddable":true,"href":"https:\/\/eltrabajo.cl\/portal\/wp-json\/wp\/v2\/tags?post=104053"}],"curies":[{"name":"wp","href":"https:\/\/api.w.org\/{rel}","templated":true}]}}