{"id":104109,"date":"2020-11-13T07:50:20","date_gmt":"2020-11-13T10:50:20","guid":{"rendered":"https:\/\/www.eltrabajo.cl\/portal\/?p=104109"},"modified":"2020-11-12T22:15:52","modified_gmt":"2020-11-13T01:15:52","slug":"presentan-querella-contra-alcalde-beals-por-falsificacion-de-instrumento-publico","status":"publish","type":"post","link":"https:\/\/eltrabajo.cl\/portal\/presentan-querella-contra-alcalde-beals-por-falsificacion-de-instrumento-publico\/","title":{"rendered":"Presentan querella contra alcalde Beals por falsificaci\u00f3n de instrumento p\u00fablico"},"content":{"rendered":"<p style=\"text-align: left;\"><span style=\"color: #ff0000;\"><strong>Due\u00f1o de clausurada planta de \u00e1ridos Vargas:<\/strong><\/span><\/p>\n<p style=\"text-align: justify;\">Una querella por falsificaci\u00f3n de documento p\u00fablico o aut\u00e9ntico fue presentada contra el alcalde <strong>Christian Beals Campos<\/strong> por parte de <strong>Sergio Vargas<\/strong>, empresario dedicado al rubro de los \u00e1ridos.<\/p>\n<p style=\"text-align: justify;\">La acci\u00f3n judicial fue presentada en el Tribunal de Garant\u00eda de San Felipe y fue declarada admisible luego que cumpliera los requisitos pertinentes.<\/p>\n<p style=\"text-align: justify;\">Al respecto fue el abogado <strong>Fernando Casta\u00f1eda Magna<\/strong>, representante del querellante, quien se refiri\u00f3 p\u00fablicamente sobre esta acci\u00f3n, aclarando que era su deseo centrar esto en un debate estrictamente judicial; <em>\u00abno personal ni tampoco pol\u00edtico, ac\u00e1 hay una cosa que se llama fe p\u00fablica, que tiene que ver con un funcionario p\u00fablico que no puede faltar a la verdad en el otorgamiento de un acto. Ac\u00e1 en el fondo lo que yo estoy planteando es una cuesti\u00f3n seria, y en lo concreto, esto lo que persigue que vuelva el \u2018Imperio del Derecho\u2019, sobre todo en los tiempos que corren no puede ser y es peligroso que se falte a la verdad en el otorgamiento en un acto\u00bb,<\/em> dijo.<\/p>\n<p style=\"text-align: justify;\">Explic\u00f3 el abogado que todo esto surge a ra\u00edz que el concejal <strong>Mario Villanueva<\/strong> denuncia en una sesi\u00f3n del concejo municipal <em>\u00abque el se\u00f1or Vargas estaba extrayendo \u00e1ridos, cuesti\u00f3n que desde ya la niego y tal como lo ha establecido la propia contralor\u00eda\u00bb,<\/em> se\u00f1al\u00f3 Casta\u00f1eda.<\/p>\n<p style=\"text-align: justify;\">Por lo anterior se efectu\u00f3 una fiscalizaci\u00f3n por dos funcionarios municipales sobre extracci\u00f3n de \u00e1ridos en ese sector. El informe que va dirigido desde el departamento de fiscalizaci\u00f3n a <strong>Guillermo Orellana Castillo<\/strong>, director de Tr\u00e1nsito, indica que el motivo de la fiscalizaci\u00f3n a \u00e1ridos Vargas es por la solicitud del concejal Mario Villanueva Jorquera.<\/p>\n<p style=\"text-align: justify;\">El abogado entreg\u00f3 detalles del contenido del documento donde se se\u00f1ala lo siguiente: <em>\u00abInformamos a usted sobre visita inspectiva realizada hoy 22 del 10 de 2020 a las 15:00 horas en el sector de fundo La Pe\u00f1a, planta \u00c1ridos Vargas ubicada en el borde del r\u00edo Aconcagua, en bien nacional de uso p\u00fablico, por inspectores se\u00f1ores <strong>Edinson Tapia Aguirre<\/strong> y <strong>Julio Fredes Fern\u00e1ndez<\/strong>, en la camioneta Chevrolet Dimax patente JP TP-63. Al respecto se informa lo siguiente: que se recorri\u00f3 el lugar en toda su extensi\u00f3n por la ribera del r\u00edo Aconcagua, espec\u00edficamente la oficina de compra y venta de \u00e1ridos de propiedad de Sergio Vargas Huerta, Rut tanto, con domicilio en Parque Alameda, autorizada para funcionar con patente provisoria, la que se encuentra ubicada en el sector Estaci\u00f3n, no se vieron m\u00e1quinas trabajando en el lecho efectuando extracci\u00f3n de \u00e1ridos. Por otra parte al momento de la fiscalizaci\u00f3n de la planta, esta se encuentra operativa desarrollando actividad industrial con maquinaria instalada en el lugar para la selecci\u00f3n de material p\u00e9treo, no posee patente para este tipo de faenas y a la vista procesando material acopiado en el lugar sin patente para el desarrollo de esa actividad. A esa actividad se refieren al seleccionamiento de \u00e1ridos, que es una cuesti\u00f3n totalmente discutible y que el mismo alcalde Beals ha se\u00f1alado en la ordenanza 5 y 6 son totalmente contradictorias\u00bb,<\/em> se\u00f1ala Casta\u00f1eda.<\/p>\n<p style=\"text-align: justify;\">Prosigue reflexionando que <em>\u00absi toda la vida estos planteros han funcionado con una patente que hist\u00f3ricamente le ha otorgado la municipalidad, ahora se discute por una situaci\u00f3n de la Contralor\u00eda si requieren o no una patente industrial. Como te digo es discutible, eso es discutible, pero ese no es el fondo del asunto, el fondo es que el se\u00f1or alcalde hace referencia a ese informe que tiene fecha 22 de octubre del 2020, y lo cita como que ese informe se\u00f1al\u00f3 que estaban extrayendo \u00e1ridos, he ah\u00ed la falsedad ideol\u00f3gica, yo no lo puedo atribuir a unas personas que intervienen en un acto situaciones diferentes a las que han dicho\u00bb,<\/em> indica el abogado.<\/p>\n<p style=\"text-align: justify;\">En esa l\u00ednea el abogado Casta\u00f1eda indic\u00f3 que se est\u00e1 faltando a la verdad porque en el informe no aparece que se est\u00e9 extrayendo \u00e1ridos; <em>\u00abesto es equivalente a que un fiscal le diga al juez o que el juez emita una orden de detenci\u00f3n con informe de la polic\u00eda que s\u00ed acredite que cometi\u00f3 el delito, o m\u00e1s bien dice que no cometi\u00f3 el delito y el juez diga, ya lo voy a mandar detenido porque usted cometi\u00f3 este delito\u00bb,<\/em> se\u00f1al\u00f3.<\/p>\n<figure id=\"attachment_104110\" aria-describedby=\"caption-attachment-104110\" style=\"width: 699px\" class=\"wp-caption alignnone\"><img data-recalc-dims=\"1\" loading=\"lazy\" decoding=\"async\" class=\"size-full wp-image-104110\" src=\"https:\/\/i0.wp.com\/www.eltrabajo.cl\/portal\/wp-content\/uploads\/2020\/11\/Fernando-Castaneda-1.jpg?resize=640%2C490&#038;ssl=1\" alt=\"Fernando Casta\u00f1eda Magna, abogado del querellante.\" width=\"640\" height=\"490\" srcset=\"https:\/\/i0.wp.com\/eltrabajo.cl\/portal\/wp-content\/uploads\/2020\/11\/Fernando-Castaneda-1.jpg?w=699&amp;ssl=1 699w, https:\/\/i0.wp.com\/eltrabajo.cl\/portal\/wp-content\/uploads\/2020\/11\/Fernando-Castaneda-1.jpg?resize=300%2C230&amp;ssl=1 300w, https:\/\/i0.wp.com\/eltrabajo.cl\/portal\/wp-content\/uploads\/2020\/11\/Fernando-Castaneda-1.jpg?resize=196%2C150&amp;ssl=1 196w, https:\/\/i0.wp.com\/eltrabajo.cl\/portal\/wp-content\/uploads\/2020\/11\/Fernando-Castaneda-1.jpg?resize=696%2C533&amp;ssl=1 696w\" sizes=\"auto, (max-width: 640px) 100vw, 640px\" \/><figcaption id=\"caption-attachment-104110\" class=\"wp-caption-text\">Fernando Casta\u00f1eda Magna, abogado del querellante.<\/figcaption><\/figure>\n","protected":false},"excerpt":{"rendered":"<p>Due\u00f1o de clausurada planta de \u00e1ridos Vargas: Una querella por falsificaci\u00f3n de documento p\u00fablico o aut\u00e9ntico fue presentada contra el alcalde Christian Beals Campos por parte de Sergio Vargas, empresario dedicado al&#8230;<\/p>\n","protected":false},"author":482,"featured_media":104110,"comment_status":"closed","ping_status":"open","sticky":false,"template":"","format":"standard","meta":{"advanced_seo_description":"","jetpack_seo_html_title":"","jetpack_seo_noindex":false,"_jetpack_memberships_contains_paid_content":false,"footnotes":""},"categories":[97],"tags":[],"class_list":["post-104109","post","type-post","status-publish","format-standard","has-post-thumbnail","hentry","category-tribunales"],"jetpack_featured_media_url":"https:\/\/i0.wp.com\/eltrabajo.cl\/portal\/wp-content\/uploads\/2020\/11\/Fernando-Castaneda-1.jpg?fit=699%2C535&ssl=1","jetpack_sharing_enabled":true,"jetpack_likes_enabled":true,"jetpack-related-posts":[],"_links":{"self":[{"href":"https:\/\/eltrabajo.cl\/portal\/wp-json\/wp\/v2\/posts\/104109","targetHints":{"allow":["GET"]}}],"collection":[{"href":"https:\/\/eltrabajo.cl\/portal\/wp-json\/wp\/v2\/posts"}],"about":[{"href":"https:\/\/eltrabajo.cl\/portal\/wp-json\/wp\/v2\/types\/post"}],"author":[{"embeddable":true,"href":"https:\/\/eltrabajo.cl\/portal\/wp-json\/wp\/v2\/users\/482"}],"replies":[{"embeddable":true,"href":"https:\/\/eltrabajo.cl\/portal\/wp-json\/wp\/v2\/comments?post=104109"}],"version-history":[{"count":0,"href":"https:\/\/eltrabajo.cl\/portal\/wp-json\/wp\/v2\/posts\/104109\/revisions"}],"wp:featuredmedia":[{"embeddable":true,"href":"https:\/\/eltrabajo.cl\/portal\/wp-json\/wp\/v2\/media\/104110"}],"wp:attachment":[{"href":"https:\/\/eltrabajo.cl\/portal\/wp-json\/wp\/v2\/media?parent=104109"}],"wp:term":[{"taxonomy":"category","embeddable":true,"href":"https:\/\/eltrabajo.cl\/portal\/wp-json\/wp\/v2\/categories?post=104109"},{"taxonomy":"post_tag","embeddable":true,"href":"https:\/\/eltrabajo.cl\/portal\/wp-json\/wp\/v2\/tags?post=104109"}],"curies":[{"name":"wp","href":"https:\/\/api.w.org\/{rel}","templated":true}]}}