{"id":104112,"date":"2020-11-13T07:55:18","date_gmt":"2020-11-13T10:55:18","guid":{"rendered":"https:\/\/www.eltrabajo.cl\/portal\/?p=104112"},"modified":"2020-11-12T22:18:10","modified_gmt":"2020-11-13T01:18:10","slug":"esperan-resultados-de-adn-para-determinar-si-hubo-o-no-trata-de-personas","status":"publish","type":"post","link":"https:\/\/eltrabajo.cl\/portal\/esperan-resultados-de-adn-para-determinar-si-hubo-o-no-trata-de-personas\/","title":{"rendered":"Esperan resultados de ADN para determinar si hubo\u00a0 o no trata de personas"},"content":{"rendered":"<p style=\"text-align: left;\"><span style=\"color: #ff0000;\"><strong>Caso de ni\u00f1a iraqu\u00ed:<\/strong><\/span><\/p>\n<ul style=\"text-align: justify;\">\n<li style=\"text-align: left;\"><strong>Si se establece que los supuestos padres en realidad no lo son, se abrir\u00edan diversas aristas legales de mayor gravedad a\u00fan, lo que implicar\u00eda incluso una investigaci\u00f3n m\u00e1s all\u00e1 de las fronteras de Chile al tratarse de un programa de refugiados palestinos de Naciones Unidas.<\/strong><\/li>\n<\/ul>\n<p style=\"text-align: justify;\">Hace unas dos semanas que el abogado <strong>Mario Fuentes<\/strong> tiene en su poder la carpeta con los antecedentes sobre el caso de la ni\u00f1a iraqu\u00ed. En este caso son hechos por abuso sexual. Junto con ello est\u00e1 a la espera de los resultados del examen de ADN para saber qui\u00e9nes son en definitiva los padres biol\u00f3gicos de la menor.<\/p>\n<p style=\"text-align: justify;\">\u00ab<em>Ya tengo en mis manos por lo menos una a dos semanas aproximadamente, la carpeta investigativa acerca de una segunda arista relacionada con este caso que es la de abuso sexual. Es una carpeta que contiene una serie de pruebas de cargo en contra de estos supuestos padres, digo supuestos porque todav\u00eda no se ha comprobado quienes son los padres de mi representada, y que con las pruebas que all\u00ed existen me permiten a m\u00ed en un plazo muy acotado, de aqu\u00ed a una semana m\u00e1s, presentar ya una querella por el delito de abuso sexual reiterado. Estamos tambi\u00e9n a la espera desde hace una semana se practicaron los ex\u00e1menes de ADN para corroborar la duda que hemos tenido desde el inicio del caso, corroborar si los supuestos padres son o no los padres de la ni\u00f1a, porque de no serlo abre una serie de otras aristas legales y que revisten a\u00fan mayor gravedad. Ese examen ya se hizo y es muy probable que la pr\u00f3xima semana se tengan los resultados de esos ex\u00e1menes\u00bb,<\/em> se\u00f1al\u00f3 el abogado Mario Fuentes.<\/p>\n<p style=\"text-align: justify;\">En cuanto al delito de trata de personas que se pidi\u00f3, dijo que esa causa la lleva la curadora de la menor, que tambi\u00e9n es abogada y est\u00e1 a cargo de esa investigaci\u00f3n.<\/p>\n<p style=\"text-align: justify;\">Dijo que en el caso que se compruebe que no son los padres biol\u00f3gicos de la menor, <em>\u00abcon mayor raz\u00f3n se podr\u00e1 comprobar el delito de trata de personas, que no es lo mismo que tr\u00e1fico de migrantes, siempre hay una confusi\u00f3n con esos delitos; el tr\u00e1fico de migrantes es muy sencillo, es cuando alguien motivado por un af\u00e1n econ\u00f3mico, pasa ilegalmente a un extranjero a otro pa\u00eds, eso en resumen, a diferencia la trata de personas es cuando se trae a una persona a un pa\u00eds extra\u00f1o enga\u00f1ada por un supuesto trabajo, por ejemplo, y cuando llega a Chile es sometida a por ejemplo prestaciones sexuales, a lo que vimos a\u00f1os atr\u00e1s que pas\u00f3 en la zona sur de Chile, en un fundo, una especie de esclavitud en el siglo 21, personas que eran obligadas a prestar servicio en una zona rural sin pago alguno y todas hacinadas en un gal\u00f3n, lo recuerdo perfectamente, eso lo recuerdo, trata de personas\u00bb,<\/em> indic\u00f3 Fuentes.<\/p>\n<p style=\"text-align: justify;\">Ellos como defensa piensan que la ni\u00f1a que hoy tiene 15 a\u00f1os, entr\u00f3 a Chile a los 2 a\u00f1os de edad. Por eso las dudas de c\u00f3mo ingres\u00f3 a nuestro pa\u00eds. \u00bfD\u00f3nde est\u00e1n sus padres biol\u00f3gicos? \u00bfQu\u00e9 sucedi\u00f3?, <em>\u00abentonces eso abre otro tipo de hip\u00f3tesis que va a implicar una investigaci\u00f3n m\u00e1s all\u00e1 de las fronteras de Chile, porque este fue un programa de la ONU\u00bb,<\/em>\u00a0 indic\u00f3 el abogado.<\/p>\n<p style=\"text-align: justify;\">Fuentes reiter\u00f3 sus dudas sobre el ingreso a Chile con dos extra\u00f1os en el caso que el ADN no sea concordante con la ni\u00f1a. Este antecedente servir\u00eda para avanzar en la investigaci\u00f3n de trata de personas, <em>\u00abpero tiene que sumarse a otros, como lo indicaba reci\u00e9n va a implicar investigaciones no solo en Chile, porque este fue un programa de Naciones Unidas de refugiados palestinos y Naciones Unidas son los que hicieron los primeros filtros para el ingreso de estas personas al pa\u00eds, entonces ellos debiesen tener mayor informaci\u00f3n que hoy d\u00eda en Chile no hay\u00bb,<\/em> manifest\u00f3 el abogado.<\/p>\n<p style=\"text-align: justify;\">Mencion\u00f3 nuevamente que est\u00e1n a la espera del resultado de los ex\u00e1menes de ADN porque la menor s\u00f3lo quiere tener una identidad.<\/p>\n<figure id=\"attachment_104113\" aria-describedby=\"caption-attachment-104113\" style=\"width: 699px\" class=\"wp-caption alignnone\"><img data-recalc-dims=\"1\" loading=\"lazy\" decoding=\"async\" class=\"size-full wp-image-104113\" src=\"https:\/\/i0.wp.com\/www.eltrabajo.cl\/portal\/wp-content\/uploads\/2020\/11\/Mario-Fuentes-Romero.jpg?resize=640%2C657&#038;ssl=1\" alt=\"Mario Fuentes, abogado de la menor.\" width=\"640\" height=\"657\" srcset=\"https:\/\/i0.wp.com\/eltrabajo.cl\/portal\/wp-content\/uploads\/2020\/11\/Mario-Fuentes-Romero.jpg?w=699&amp;ssl=1 699w, https:\/\/i0.wp.com\/eltrabajo.cl\/portal\/wp-content\/uploads\/2020\/11\/Mario-Fuentes-Romero.jpg?resize=292%2C300&amp;ssl=1 292w, https:\/\/i0.wp.com\/eltrabajo.cl\/portal\/wp-content\/uploads\/2020\/11\/Mario-Fuentes-Romero.jpg?resize=146%2C150&amp;ssl=1 146w, https:\/\/i0.wp.com\/eltrabajo.cl\/portal\/wp-content\/uploads\/2020\/11\/Mario-Fuentes-Romero.jpg?resize=696%2C715&amp;ssl=1 696w\" sizes=\"auto, (max-width: 640px) 100vw, 640px\" \/><figcaption id=\"caption-attachment-104113\" class=\"wp-caption-text\">Mario Fuentes, abogado de la menor.<\/figcaption><\/figure>\n","protected":false},"excerpt":{"rendered":"<p>Caso de ni\u00f1a iraqu\u00ed: Si se establece que los supuestos padres en realidad no lo son, se abrir\u00edan diversas aristas legales de mayor gravedad a\u00fan, lo que implicar\u00eda incluso una investigaci\u00f3n m\u00e1s&#8230;<\/p>\n","protected":false},"author":482,"featured_media":104113,"comment_status":"closed","ping_status":"open","sticky":false,"template":"","format":"standard","meta":{"advanced_seo_description":"","jetpack_seo_html_title":"","jetpack_seo_noindex":false,"_jetpack_memberships_contains_paid_content":false,"footnotes":""},"categories":[97],"tags":[],"class_list":["post-104112","post","type-post","status-publish","format-standard","has-post-thumbnail","hentry","category-tribunales"],"jetpack_featured_media_url":"https:\/\/i0.wp.com\/eltrabajo.cl\/portal\/wp-content\/uploads\/2020\/11\/Mario-Fuentes-Romero.jpg?fit=699%2C718&ssl=1","jetpack_sharing_enabled":true,"jetpack_likes_enabled":true,"jetpack-related-posts":[],"_links":{"self":[{"href":"https:\/\/eltrabajo.cl\/portal\/wp-json\/wp\/v2\/posts\/104112","targetHints":{"allow":["GET"]}}],"collection":[{"href":"https:\/\/eltrabajo.cl\/portal\/wp-json\/wp\/v2\/posts"}],"about":[{"href":"https:\/\/eltrabajo.cl\/portal\/wp-json\/wp\/v2\/types\/post"}],"author":[{"embeddable":true,"href":"https:\/\/eltrabajo.cl\/portal\/wp-json\/wp\/v2\/users\/482"}],"replies":[{"embeddable":true,"href":"https:\/\/eltrabajo.cl\/portal\/wp-json\/wp\/v2\/comments?post=104112"}],"version-history":[{"count":0,"href":"https:\/\/eltrabajo.cl\/portal\/wp-json\/wp\/v2\/posts\/104112\/revisions"}],"wp:featuredmedia":[{"embeddable":true,"href":"https:\/\/eltrabajo.cl\/portal\/wp-json\/wp\/v2\/media\/104113"}],"wp:attachment":[{"href":"https:\/\/eltrabajo.cl\/portal\/wp-json\/wp\/v2\/media?parent=104112"}],"wp:term":[{"taxonomy":"category","embeddable":true,"href":"https:\/\/eltrabajo.cl\/portal\/wp-json\/wp\/v2\/categories?post=104112"},{"taxonomy":"post_tag","embeddable":true,"href":"https:\/\/eltrabajo.cl\/portal\/wp-json\/wp\/v2\/tags?post=104112"}],"curies":[{"name":"wp","href":"https:\/\/api.w.org\/{rel}","templated":true}]}}