{"id":104130,"date":"2020-11-16T07:45:33","date_gmt":"2020-11-16T10:45:33","guid":{"rendered":"https:\/\/www.eltrabajo.cl\/portal\/?p=104130"},"modified":"2020-11-15T21:15:24","modified_gmt":"2020-11-16T00:15:24","slug":"se-suspendio-el-partido-entre-union-san-felipe-y-deportes-valdivia","status":"publish","type":"post","link":"https:\/\/eltrabajo.cl\/portal\/se-suspendio-el-partido-entre-union-san-felipe-y-deportes-valdivia\/","title":{"rendered":"Se suspendi\u00f3 el partido entre Uni\u00f3n San Felipe y Deportes Valdivia"},"content":{"rendered":"<p style=\"text-align: left;\"><span style=\"color: #ff0000;\"><strong>Por Cuarentena del conjunto lacustre:<\/strong><\/span><\/p>\n<p style=\"text-align: justify;\">La pandemia del Covid-19 sigue demostrando que es un factor a tener en cuenta en el normal desarrollo de los torneos de la ANFP. D\u00edas atr\u00e1s, se hizo p\u00fablica la informaci\u00f3n relativa a que Deportes Valdivia ten\u00eda a varios elementos de su plantel contagiados con el Coronavirus, lo que signific\u00f3 que la ANFP de inmediato determinara suspender los partidos del cuadro sure\u00f1o, que en la actualidad se encuentra cumpliendo una cuarentena sanitaria para evitar la propagaci\u00f3n de la enfermedad.<\/p>\n<p style=\"text-align: justify;\">Por este motivo el encuentro correspondiente a la fecha 20\u00ba del campeonato de la Primera B que estaba programado para las once de la ma\u00f1ana de hoy en el estadio Municipal fue suspendido y deber\u00e1 ser reprogramado para m\u00e1s adelante.<\/p>\n<p style=\"text-align: justify;\">Suma un punto ante Magallanes<\/p>\n<p style=\"text-align: justify;\">El jueves de la semana pasada el cuadro aconcag\u00fcino sac\u00f3 delante de buena forma el partido ante Magallanes. El empate a 1 con finaliz\u00f3 dicho compromiso fue valorado por los albirrojos, aunque igual en la interna quedaron con un sabor agridulce porque entendieron que perfectamente pudieron haber capturado los tres puntos que hoy lo tendr\u00edan m\u00e1s arriba en la tabla.<\/p>\n<p style=\"text-align: justify;\">\u00ab<em>Tuvimos varias ocasiones de gol, una muy buena en el primer tiempo y otras cerca del final que no las aprovechamos; creo tambi\u00e9n no equivocarme que tampoco nos cobraron unos penales, y eso le reclam\u00e9 al \u00e1rbitro, que debi\u00f3 sancionarlos, independiente si ya nos hab\u00eda cobrado uno a favor<\/em>\u00bb, analiz\u00f3 el entrenador <strong>Erwin Dur\u00e1n<\/strong>.<\/p>\n<p style=\"text-align: justify;\">Para el estratega, Uni\u00f3n San Felipe evidenci\u00f3 progresos en el duelo que tuvo lugar en el Estadio Municipal de San Bernardo, y as\u00ed lo hizo saber el estratego. \u00ab<em>Hace pocos ellos nos hab\u00edan ganado; claramente el equipo mejor\u00f3 en relaci\u00f3n a ese duelo. De a poco vamos retomando el f\u00fatbol y el orden, por lo que tengo mucha fe en que seguir\u00e1n los progresos. Salvo el gol de ellos que fue por una desaplicaci\u00f3n nuestra<\/em> (en la g\u00e9nesis de la jugada), <strong><em>Andr\u00e9s Fern\u00e1ndez<\/em><\/strong><em> no tuvo mayor trabajo, porque no hubo acciones de riesgo real sobre su porter\u00eda. Eso es reflejo del trabajo t\u00e1ctico que realizamos durante la semana, donde pusimos el \u00e9nfasis en cortar las l\u00edneas de pase para impedir los circuitos creativos de ellos<\/em>\u00bb, analiz\u00f3 el profesor Dur\u00e1n.<\/p>\n<figure id=\"attachment_104131\" aria-describedby=\"caption-attachment-104131\" style=\"width: 699px\" class=\"wp-caption alignnone\"><img data-recalc-dims=\"1\" loading=\"lazy\" decoding=\"async\" class=\"size-full wp-image-104131\" src=\"https:\/\/i0.wp.com\/www.eltrabajo.cl\/portal\/wp-content\/uploads\/2020\/11\/partido-trabado.jpg?resize=640%2C731&#038;ssl=1\" alt=\"En la interna sanfelipe\u00f1a quedaron con la sensaci\u00f3n que perfectamente pudieron traerse los tres puntos desde San Bernardo.\" width=\"640\" height=\"731\" srcset=\"https:\/\/i0.wp.com\/eltrabajo.cl\/portal\/wp-content\/uploads\/2020\/11\/partido-trabado.jpg?w=699&amp;ssl=1 699w, https:\/\/i0.wp.com\/eltrabajo.cl\/portal\/wp-content\/uploads\/2020\/11\/partido-trabado.jpg?resize=263%2C300&amp;ssl=1 263w, https:\/\/i0.wp.com\/eltrabajo.cl\/portal\/wp-content\/uploads\/2020\/11\/partido-trabado.jpg?resize=131%2C150&amp;ssl=1 131w, https:\/\/i0.wp.com\/eltrabajo.cl\/portal\/wp-content\/uploads\/2020\/11\/partido-trabado.jpg?resize=696%2C795&amp;ssl=1 696w\" sizes=\"auto, (max-width: 640px) 100vw, 640px\" \/><figcaption id=\"caption-attachment-104131\" class=\"wp-caption-text\">En la interna sanfelipe\u00f1a quedaron con la sensaci\u00f3n que perfectamente pudieron traerse los tres puntos desde San Bernardo.<\/figcaption><\/figure>\n<figure id=\"attachment_104132\" aria-describedby=\"caption-attachment-104132\" style=\"width: 699px\" class=\"wp-caption alignnone\"><img data-recalc-dims=\"1\" loading=\"lazy\" decoding=\"async\" class=\"size-full wp-image-104132\" src=\"https:\/\/i0.wp.com\/www.eltrabajo.cl\/portal\/wp-content\/uploads\/2020\/11\/wilchez-1.jpg?resize=640%2C694&#038;ssl=1\" alt=\"REFUERZO EN ACCI\u00d3N. - Lucas Wilchez ya comienza a convertirse en el jugador m\u00e1s importante en el andamiaje ofensivo albirrojo. \" width=\"640\" height=\"694\" srcset=\"https:\/\/i0.wp.com\/eltrabajo.cl\/portal\/wp-content\/uploads\/2020\/11\/wilchez-1.jpg?w=699&amp;ssl=1 699w, https:\/\/i0.wp.com\/eltrabajo.cl\/portal\/wp-content\/uploads\/2020\/11\/wilchez-1.jpg?resize=277%2C300&amp;ssl=1 277w, https:\/\/i0.wp.com\/eltrabajo.cl\/portal\/wp-content\/uploads\/2020\/11\/wilchez-1.jpg?resize=138%2C150&amp;ssl=1 138w, https:\/\/i0.wp.com\/eltrabajo.cl\/portal\/wp-content\/uploads\/2020\/11\/wilchez-1.jpg?resize=696%2C755&amp;ssl=1 696w\" sizes=\"auto, (max-width: 640px) 100vw, 640px\" \/><figcaption id=\"caption-attachment-104132\" class=\"wp-caption-text\">REFUERZO EN ACCI\u00d3N. &#8211; Lucas Wilchez ya comienza a convertirse en el jugador m\u00e1s importante en el andamiaje ofensivo albirrojo.<\/figcaption><\/figure>\n","protected":false},"excerpt":{"rendered":"<p>Por Cuarentena del conjunto lacustre: La pandemia del Covid-19 sigue demostrando que es un factor a tener en cuenta en el normal desarrollo de los torneos de la ANFP. D\u00edas atr\u00e1s, se&#8230;<\/p>\n","protected":false},"author":482,"featured_media":104132,"comment_status":"closed","ping_status":"open","sticky":false,"template":"","format":"standard","meta":{"advanced_seo_description":"","jetpack_seo_html_title":"","jetpack_seo_noindex":false,"_jetpack_memberships_contains_paid_content":false,"footnotes":""},"categories":[19],"tags":[],"class_list":["post-104130","post","type-post","status-publish","format-standard","has-post-thumbnail","hentry","category-deportes"],"jetpack_featured_media_url":"https:\/\/i0.wp.com\/eltrabajo.cl\/portal\/wp-content\/uploads\/2020\/11\/wilchez-1.jpg?fit=699%2C758&ssl=1","jetpack_sharing_enabled":true,"jetpack_likes_enabled":true,"jetpack-related-posts":[],"_links":{"self":[{"href":"https:\/\/eltrabajo.cl\/portal\/wp-json\/wp\/v2\/posts\/104130","targetHints":{"allow":["GET"]}}],"collection":[{"href":"https:\/\/eltrabajo.cl\/portal\/wp-json\/wp\/v2\/posts"}],"about":[{"href":"https:\/\/eltrabajo.cl\/portal\/wp-json\/wp\/v2\/types\/post"}],"author":[{"embeddable":true,"href":"https:\/\/eltrabajo.cl\/portal\/wp-json\/wp\/v2\/users\/482"}],"replies":[{"embeddable":true,"href":"https:\/\/eltrabajo.cl\/portal\/wp-json\/wp\/v2\/comments?post=104130"}],"version-history":[{"count":0,"href":"https:\/\/eltrabajo.cl\/portal\/wp-json\/wp\/v2\/posts\/104130\/revisions"}],"wp:featuredmedia":[{"embeddable":true,"href":"https:\/\/eltrabajo.cl\/portal\/wp-json\/wp\/v2\/media\/104132"}],"wp:attachment":[{"href":"https:\/\/eltrabajo.cl\/portal\/wp-json\/wp\/v2\/media?parent=104130"}],"wp:term":[{"taxonomy":"category","embeddable":true,"href":"https:\/\/eltrabajo.cl\/portal\/wp-json\/wp\/v2\/categories?post=104130"},{"taxonomy":"post_tag","embeddable":true,"href":"https:\/\/eltrabajo.cl\/portal\/wp-json\/wp\/v2\/tags?post=104130"}],"curies":[{"name":"wp","href":"https:\/\/api.w.org\/{rel}","templated":true}]}}