{"id":104193,"date":"2020-11-18T07:50:15","date_gmt":"2020-11-18T10:50:15","guid":{"rendered":"https:\/\/www.eltrabajo.cl\/portal\/?p=104193"},"modified":"2020-11-17T23:11:48","modified_gmt":"2020-11-18T02:11:48","slug":"aconcaguina-nominada-a-seleccion-chilena-de-rugby-para-sudamericano-adulto","status":"publish","type":"post","link":"https:\/\/eltrabajo.cl\/portal\/aconcaguina-nominada-a-seleccion-chilena-de-rugby-para-sudamericano-adulto\/","title":{"rendered":"Aconcag\u00fcina nominada a selecci\u00f3n chilena de Rugby para Sudamericano adulto"},"content":{"rendered":"<p style=\"text-align: justify;\">En horas de hoy quedar\u00e1 concentrada junto al resto del plantel nacional, la joven deportista aconcag\u00fcina <strong>Joaquina Ignacia Herrera Olivares<\/strong>, quien ser\u00e1 parte de la selecci\u00f3n chilena femenina de rugby que intervendr\u00e1 en el torneo Sudamericano de Uruguay.<\/p>\n<p style=\"text-align: justify;\">Nacida un 6 de diciembre del a\u00f1o 2001, la deportista oriunda de la comuna de Catemu est\u00e1 muy ilusionada con este gran desaf\u00edo en su carrera deportiva. <em>\u00abEl sudamericano es un torneo anual que nos permitir\u00e1 tomar roce al ser un evento de mucha importancia\u00bb,<\/em> dijo a <strong>El Trabajo Deportivo<\/strong> la seleccionada chilena.<\/p>\n<p style=\"text-align: justify;\">Esta no ser\u00e1 la primera experiencia con la \u2018Roja de Todos\u2019 ya que anteriormente hab\u00eda sido parte de una selecciona juvenil (M18). <em>\u00abEl a\u00f1o pasado estuve en un cuadrangular en Santiago donde vinieron Argentina, Brasil y Paraguay\u00bb,<\/em> cont\u00f3.<\/p>\n<p style=\"text-align: justify;\">La agenda de Joaquina y el resto del combinado chileno es muy ajustado y exigente, ya que hoy quedar\u00e1n concentradas en un hotel del sector oriente de la capital, desde donde saldr\u00e1n a los entrenamientos diarios, para el viernes emprender vuelo a las tierras charr\u00faas.<\/p>\n<p style=\"text-align: justify;\">\n<figure id=\"attachment_104194\" aria-describedby=\"caption-attachment-104194\" style=\"width: 699px\" class=\"wp-caption alignnone\"><img data-recalc-dims=\"1\" loading=\"lazy\" decoding=\"async\" class=\"size-full wp-image-104194\" src=\"https:\/\/i0.wp.com\/www.eltrabajo.cl\/portal\/wp-content\/uploads\/2020\/11\/joquina.jpg?resize=640%2C622&#038;ssl=1\" alt=\"La catemina Joaquina Herrera Olivares hoy se concentra junto a la selecci\u00f3n chilena femenina total para competir en el Sudamericano de Uruguay.\" width=\"640\" height=\"622\" srcset=\"https:\/\/i0.wp.com\/eltrabajo.cl\/portal\/wp-content\/uploads\/2020\/11\/joquina.jpg?w=699&amp;ssl=1 699w, https:\/\/i0.wp.com\/eltrabajo.cl\/portal\/wp-content\/uploads\/2020\/11\/joquina.jpg?resize=300%2C291&amp;ssl=1 300w, https:\/\/i0.wp.com\/eltrabajo.cl\/portal\/wp-content\/uploads\/2020\/11\/joquina.jpg?resize=154%2C150&amp;ssl=1 154w, https:\/\/i0.wp.com\/eltrabajo.cl\/portal\/wp-content\/uploads\/2020\/11\/joquina.jpg?resize=696%2C676&amp;ssl=1 696w\" sizes=\"auto, (max-width: 640px) 100vw, 640px\" \/><figcaption id=\"caption-attachment-104194\" class=\"wp-caption-text\">La catemina Joaquina Herrera Olivares hoy se concentra junto a la selecci\u00f3n chilena femenina total para competir en el Sudamericano de Uruguay.<\/figcaption><\/figure>\n","protected":false},"excerpt":{"rendered":"<p>En horas de hoy quedar\u00e1 concentrada junto al resto del plantel nacional, la joven deportista aconcag\u00fcina Joaquina Ignacia Herrera Olivares, quien ser\u00e1 parte de la selecci\u00f3n chilena femenina de rugby que intervendr\u00e1&#8230;<\/p>\n","protected":false},"author":482,"featured_media":104194,"comment_status":"closed","ping_status":"open","sticky":false,"template":"","format":"standard","meta":{"advanced_seo_description":"","jetpack_seo_html_title":"","jetpack_seo_noindex":false,"_jetpack_memberships_contains_paid_content":false,"footnotes":""},"categories":[19],"tags":[],"class_list":["post-104193","post","type-post","status-publish","format-standard","has-post-thumbnail","hentry","category-deportes"],"jetpack_featured_media_url":"https:\/\/i0.wp.com\/eltrabajo.cl\/portal\/wp-content\/uploads\/2020\/11\/joquina.jpg?fit=699%2C679&ssl=1","jetpack_sharing_enabled":true,"jetpack_likes_enabled":true,"jetpack-related-posts":[],"_links":{"self":[{"href":"https:\/\/eltrabajo.cl\/portal\/wp-json\/wp\/v2\/posts\/104193","targetHints":{"allow":["GET"]}}],"collection":[{"href":"https:\/\/eltrabajo.cl\/portal\/wp-json\/wp\/v2\/posts"}],"about":[{"href":"https:\/\/eltrabajo.cl\/portal\/wp-json\/wp\/v2\/types\/post"}],"author":[{"embeddable":true,"href":"https:\/\/eltrabajo.cl\/portal\/wp-json\/wp\/v2\/users\/482"}],"replies":[{"embeddable":true,"href":"https:\/\/eltrabajo.cl\/portal\/wp-json\/wp\/v2\/comments?post=104193"}],"version-history":[{"count":0,"href":"https:\/\/eltrabajo.cl\/portal\/wp-json\/wp\/v2\/posts\/104193\/revisions"}],"wp:featuredmedia":[{"embeddable":true,"href":"https:\/\/eltrabajo.cl\/portal\/wp-json\/wp\/v2\/media\/104194"}],"wp:attachment":[{"href":"https:\/\/eltrabajo.cl\/portal\/wp-json\/wp\/v2\/media?parent=104193"}],"wp:term":[{"taxonomy":"category","embeddable":true,"href":"https:\/\/eltrabajo.cl\/portal\/wp-json\/wp\/v2\/categories?post=104193"},{"taxonomy":"post_tag","embeddable":true,"href":"https:\/\/eltrabajo.cl\/portal\/wp-json\/wp\/v2\/tags?post=104193"}],"curies":[{"name":"wp","href":"https:\/\/api.w.org\/{rel}","templated":true}]}}