{"id":104199,"date":"2020-11-18T08:00:13","date_gmt":"2020-11-18T11:00:13","guid":{"rendered":"https:\/\/www.eltrabajo.cl\/portal\/?p=104199"},"modified":"2020-11-17T23:18:34","modified_gmt":"2020-11-18T02:18:34","slug":"protestas-velatones-y-mil-muestras-de-carino-brindan-a-sandra-pizarro","status":"publish","type":"post","link":"https:\/\/eltrabajo.cl\/portal\/protestas-velatones-y-mil-muestras-de-carino-brindan-a-sandra-pizarro\/","title":{"rendered":"Protestas, velatones y mil muestras de cari\u00f1o brindan a Sandra Pizarro"},"content":{"rendered":"<p style=\"text-align: left;\"><span style=\"color: #ff0000;\"><strong>Profesora con muerte cerebral en el San Camilo<\/strong><\/span><\/p>\n<p style=\"text-align: justify;\">Con gran fuerza y vigor durante varias horas este martes, frente a la entrada principal de visitas del Hospital San Camilo, se desarroll\u00f3 una fuerte manifestaci\u00f3n de solidaridad con la profesora de educaci\u00f3n b\u00e1sica, <strong>Sandra Carolina Pizarro Jeria<\/strong>, de 45 a\u00f1os de edad y funcionaria del Liceo San Felipe, quien fue hallada inconsciente y muy golpeada en su apartamento ubicado en Condominio Aires del Valle el pasado viernes 13 del presente mes.<\/p>\n<p style=\"text-align: justify;\">\n<p style=\"text-align: justify;\"><span style=\"color: #ff0000;\"><strong>MUCHA IMPOTENCIA<\/strong><\/span><\/p>\n<p style=\"text-align: justify;\">Entre los manifestantes estaban profesores, amistades y familiares de la educadora, quienes encendieron varias velas y exhibieron pancartas con mensajes en protesta del supuesto agresor y tambi\u00e9n en apoyo a quien a\u00fan se encuentra con muerte cerebral, sin poder despertar para se\u00f1alar a su agresor.<\/p>\n<p style=\"text-align: justify;\"><strong>Diario El Trabajo<\/strong> pudo hablar con el hermano menor de Sandra, <strong>Felipe Pizarro<\/strong>, quien nos facilit\u00f3 las fotograf\u00edas que hoy publicamos de la v\u00edctima y a su vez nos brind\u00f3 las siguientes declaraciones:<\/p>\n<p style=\"text-align: justify;\">\u00ab<em>Somos tres hermanos, <strong>Leyla<\/strong> la mayor, <strong>Sandra<\/strong> y yo. Todos estamos estremecidos con lo ocurrido, esta manifestaci\u00f3n es para mi hermana Sandra, estamos todos unidos, tenemos harta fe de que ella podr\u00e1 salir adelante, los pron\u00f3sticos no son buenos, pero uno nunca sabe, est\u00e1 llegando mucha gente y todos para dar apoyo a mi hermana, que es una profesora muy querida ac\u00e1 en San Felipe<\/em>\u00bb, dijo Felipe a nuestro medio.<\/p>\n<p style=\"text-align: justify;\">&#8211; <strong>\u00bfNos puedes relatar la versi\u00f3n que ustedes como familia manejan de los hechos?<\/strong><\/p>\n<p style=\"text-align: justify;\">&#8211; Al parecer su expareja la golpe\u00f3 brutalmente hasta dejarla inconsciente y ahora ella est\u00e1 con derrame cerebral, o sea posibilidades de vida tiene muy pocas, pero no perdemos las esperanzas. A ella la encontraron inconsciente el viernes 13 en su departamento, en uno de los condominios detr\u00e1s del Tottus.<\/p>\n<p style=\"text-align: justify;\">&#8211; <strong>\u00bfC\u00f3mo fue el hallazgo de su hermana?<\/strong><\/p>\n<p style=\"text-align: justify;\">&#8211; Hac\u00eda tres d\u00edas que no ten\u00edamos se\u00f1ales de ella, as\u00ed que mi hermana Leyla y pap\u00e1 que tienen copia de llaves, fueron al departamento a verla y la encontraron ah\u00ed en el suelo, golpeada, orinada, al parecer estuvo as\u00ed unos dos d\u00edas, pero no sabemos con certeza porque est\u00e1n revisando las c\u00e1maras de seguridad del condominio, y todo indica que esta persona fue (su expareja), y de quien siquiera pronunciar\u00e9 su nombre.<\/p>\n<p style=\"text-align: justify;\">&#8211; <strong>\u00bfHan presentado ustedes las denuncias correspondientes?<\/strong><\/p>\n<p style=\"text-align: justify;\">&#8211; Ya est\u00e1 todo puesto en la PDI, solamente estamos esperando el arresto.<\/p>\n<p style=\"text-align: justify;\">&#8211; <strong>\u00bfElla viv\u00eda sola o con alguna otra persona?<\/strong><\/p>\n<p style=\"text-align: justify;\">&#8211; Ella estaba viviendo sola desde hace m\u00e1s de un a\u00f1o en ese departamento, mi hermana trabaja en los liceos de ac\u00e1 de San Felipe desde hace mucho tiempo, yo la vi hace dos semanas cuando vine de vacaciones, pues yo vivo en San Pedro de Atacama, en el norte. Compart\u00ed con ella, estuve en su departamento, pero la sent\u00eda rara, la sent\u00ed con miedo, no s\u00e9, pero nunca me quiso decir nada, lo hablamos y todo, pero no s\u00e9, algo sent\u00eda yo en mi coraz\u00f3n que me dec\u00eda que ella estaba mal, ella estaba triste.<\/p>\n<p style=\"text-align: justify;\">&#8211; <strong>\u00bfEste supuesto agresor, su expareja, ten\u00eda llaves o acceso a su departamento?<\/strong><\/p>\n<p style=\"text-align: justify;\">&#8211; Al parecer ellos todav\u00eda se hablaban porque ten\u00edan un perrito en com\u00fan y eso parece ser el nexo para que este hombre entrara a su departamento.<\/p>\n<p style=\"text-align: justify;\">&#8211; <strong>\u00bfEs la primera vez que ustedes saben de un cap\u00edtulo de violencia en el que se ve involucrada la expareja de su hermana?<\/strong><\/p>\n<p style=\"text-align: justify;\">&#8211; Ahora nos estamos enterando que otras exparejas de \u00e9l ya hab\u00edan sido golpeadas por esta persona, en el caso de mi hermana yo al menos nunca supe que la hubiese golpeado antes ni nadie de nuestra familia ten\u00edamos idea.<\/p>\n<p style=\"text-align: justify;\">&#8211; <strong>\u00bfQu\u00e9 palabras tienes para nuestros lectores?<\/strong><\/p>\n<p style=\"text-align: justify;\">&#8211; Que nada justifica la violencia, ese es el problema, nada justifica la violencia. Imag\u00ednate una mujer joven, llena de vida; una profesora con gran vocaci\u00f3n de servicio, excelente, tiene cinco t\u00edtulos de profesora y estaba sacando otro mag\u00edster, entonces le truncaron la vida, le cortaron sus alas, y para m\u00ed eso es terrible, ojala esto no le pase nunca a otra persona.<\/p>\n<p style=\"text-align: justify;\">&#8211; <strong>\u00bfQu\u00e9 piensan hacer en estos d\u00edas de espera por lo que pase con su hermana?<\/strong><\/p>\n<p style=\"text-align: justify;\">&#8211; Este es el inicio de algo m\u00e1s grande, ojala que mucha gente se una con nosotros. Estamos agradecidos de todas las muestras de amor en redes sociales, muchas llamadas telef\u00f3nicas a nosotros, sus familiares. La idea nuestra es seguir ac\u00e1 con velatones y lo que sea necesario por ella.<\/p>\n<p style=\"text-align: justify;\">&#8211; <strong>\u00bfTiene hijos su hermana?<\/strong><\/p>\n<p style=\"text-align: justify;\">&#8211; Sandra tiene dos hijos, uno de 23 y una ni\u00f1as de 13 a\u00f1os de edad. Ninguno de los dos vive con ella, pero la visitaban con mucha frecuencia, la idea nuestra es seguir ac\u00e1 con velatones y lo que sea necesario por ella.<\/p>\n<p style=\"text-align: justify;\">\n<p style=\"text-align: justify;\"><span style=\"color: #ff0000;\"><strong>EN INVESTIGACI\u00d3N<\/strong><\/span><\/p>\n<p style=\"text-align: justify;\"><strong>Diario El Trabajo<\/strong> tambi\u00e9n habl\u00f3 con el Fiscal de Delitos Sexuales, <strong>Andr\u00e9s Gallardo Cerda<\/strong>, quien sobre este caso inform\u00f3 lo siguiente: <em>\u00abEste 13 de noviembre se recibi\u00f3 una denuncia donde se se\u00f1ala que se encontr\u00f3 a la v\u00edctima tendida semi-inconsciente al interior de su departamento donde viv\u00eda sola. La persona que la encontr\u00f3 fue su hermana en compa\u00f1\u00eda de otros familiares. El Fiscal de Turno se contact\u00f3 inmediatamente con la Brigada de Homicidios, que realiz\u00f3 las primeras diligencias, como la incautaci\u00f3n de especies, videos, tel\u00e9fonos, documentos y toma de declaraciones. A su vez el Fiscal tuvo contacto telef\u00f3nico inmediatamente ese mismo d\u00eda <\/em>(viernes) <em>con la hermana de la v\u00edctima y con el m\u00e9dico que atendi\u00f3 a \u00e9sta al momento de llegar al hospital, en donde se le diagnostic\u00f3 un infarto cerebro-vascular. Los familiares de la v\u00edctima tienen sospechas del exconviviente de la v\u00edctima, por lo tanto la Fiscal\u00eda, en aras del principio de objetividad, est\u00e1 indagando esa l\u00ednea de investigaci\u00f3n como tambi\u00e9n otras; al d\u00eda de hoy no podemos descartar ni afirmar la participaci\u00f3n de esta persona o de otros en el cometimiento de los hechos<\/em>\u00bb, dijo Gallardo.<\/p>\n<p style=\"text-align: justify;\">Tambi\u00e9n por parte de la Brigada de Homicidios de la PDI Los Andes se nos confirm\u00f3 que el caso lo maneja esa unidad policial y que ya entrevistaron al sospechoso. La sanfelipe\u00f1a se encuentra en la UCI del Hospital San Camilo.<\/p>\n<p style=\"text-align: justify;\"><strong>Roberto Gonz\u00e1lez Short<\/strong><\/p>\n<figure id=\"attachment_104200\" aria-describedby=\"caption-attachment-104200\" style=\"width: 698px\" class=\"wp-caption alignnone\"><img data-recalc-dims=\"1\" loading=\"lazy\" decoding=\"async\" class=\"size-full wp-image-104200\" src=\"https:\/\/i0.wp.com\/www.eltrabajo.cl\/portal\/wp-content\/uploads\/2020\/11\/Profesora_justicia-para-sandra.jpg?resize=640%2C360&#038;ssl=1\" alt=\"VELAT\u00d3N POR SANDRA.- Anoche decenas de personas y familiares se reunieron pidiendo a Dios por la recuperaci\u00f3n de la docente y exigiendo la captura del principal sospechoso del ataque que, hoy por hoy, tiene con muerte cerebral a Sandra.\" width=\"640\" height=\"360\" srcset=\"https:\/\/i0.wp.com\/eltrabajo.cl\/portal\/wp-content\/uploads\/2020\/11\/Profesora_justicia-para-sandra.jpg?w=698&amp;ssl=1 698w, https:\/\/i0.wp.com\/eltrabajo.cl\/portal\/wp-content\/uploads\/2020\/11\/Profesora_justicia-para-sandra.jpg?resize=300%2C169&amp;ssl=1 300w, https:\/\/i0.wp.com\/eltrabajo.cl\/portal\/wp-content\/uploads\/2020\/11\/Profesora_justicia-para-sandra.jpg?resize=200%2C113&amp;ssl=1 200w, https:\/\/i0.wp.com\/eltrabajo.cl\/portal\/wp-content\/uploads\/2020\/11\/Profesora_justicia-para-sandra.jpg?resize=696%2C392&amp;ssl=1 696w\" sizes=\"auto, (max-width: 640px) 100vw, 640px\" \/><figcaption id=\"caption-attachment-104200\" class=\"wp-caption-text\">VELAT\u00d3N POR SANDRA.- Anoche decenas de personas y familiares se reunieron pidiendo a Dios por la recuperaci\u00f3n de la docente y exigiendo la captura del principal sospechoso del ataque que, hoy por hoy, tiene con muerte cerebral a Sandra.<\/figcaption><\/figure>\n<figure id=\"attachment_104202\" aria-describedby=\"caption-attachment-104202\" style=\"width: 699px\" class=\"wp-caption alignnone\"><img data-recalc-dims=\"1\" loading=\"lazy\" decoding=\"async\" class=\"size-full wp-image-104202\" src=\"https:\/\/i0.wp.com\/www.eltrabajo.cl\/portal\/wp-content\/uploads\/2020\/11\/Profesora1.jpg?resize=640%2C395&#038;ssl=1\" alt=\"APOYO TOTAL.- Decenas de personas se manifestaron frente al Hospital San Camilo para apoyar a la profesora Sandra Pizarro. Anoche hubo una Velat\u00f3n.\" width=\"640\" height=\"395\" srcset=\"https:\/\/i0.wp.com\/eltrabajo.cl\/portal\/wp-content\/uploads\/2020\/11\/Profesora1.jpg?w=699&amp;ssl=1 699w, https:\/\/i0.wp.com\/eltrabajo.cl\/portal\/wp-content\/uploads\/2020\/11\/Profesora1.jpg?resize=300%2C185&amp;ssl=1 300w, https:\/\/i0.wp.com\/eltrabajo.cl\/portal\/wp-content\/uploads\/2020\/11\/Profesora1.jpg?resize=200%2C123&amp;ssl=1 200w, https:\/\/i0.wp.com\/eltrabajo.cl\/portal\/wp-content\/uploads\/2020\/11\/Profesora1.jpg?resize=696%2C429&amp;ssl=1 696w\" sizes=\"auto, (max-width: 640px) 100vw, 640px\" \/><figcaption id=\"caption-attachment-104202\" class=\"wp-caption-text\">APOYO TOTAL.- Decenas de personas se manifestaron frente al Hospital San Camilo para apoyar a la profesora Sandra Pizarro. Anoche hubo una Velat\u00f3n.<\/figcaption><\/figure>\n<figure id=\"attachment_104204\" aria-describedby=\"caption-attachment-104204\" style=\"width: 698px\" class=\"wp-caption alignnone\"><img data-recalc-dims=\"1\" loading=\"lazy\" decoding=\"async\" class=\"size-full wp-image-104204\" src=\"https:\/\/i0.wp.com\/www.eltrabajo.cl\/portal\/wp-content\/uploads\/2020\/11\/Profesora3.jpg?resize=640%2C421&#038;ssl=1\" alt=\"RABIA EN LAS CALLES.- Sus amigas personales y colegas gritan de la rabia e impotencia, al ver que Sandra no despierta.\" width=\"640\" height=\"421\" srcset=\"https:\/\/i0.wp.com\/eltrabajo.cl\/portal\/wp-content\/uploads\/2020\/11\/Profesora3.jpg?w=698&amp;ssl=1 698w, https:\/\/i0.wp.com\/eltrabajo.cl\/portal\/wp-content\/uploads\/2020\/11\/Profesora3.jpg?resize=300%2C197&amp;ssl=1 300w, https:\/\/i0.wp.com\/eltrabajo.cl\/portal\/wp-content\/uploads\/2020\/11\/Profesora3.jpg?resize=200%2C132&amp;ssl=1 200w, https:\/\/i0.wp.com\/eltrabajo.cl\/portal\/wp-content\/uploads\/2020\/11\/Profesora3.jpg?resize=696%2C458&amp;ssl=1 696w\" sizes=\"auto, (max-width: 640px) 100vw, 640px\" \/><figcaption id=\"caption-attachment-104204\" class=\"wp-caption-text\">RABIA EN LAS CALLES.- Sus amigas personales y colegas gritan de la rabia e impotencia, al ver que Sandra no despierta.<\/figcaption><\/figure>\n<figure id=\"attachment_104203\" aria-describedby=\"caption-attachment-104203\" style=\"width: 699px\" class=\"wp-caption alignnone\"><img data-recalc-dims=\"1\" loading=\"lazy\" decoding=\"async\" class=\"size-full wp-image-104203\" src=\"https:\/\/i0.wp.com\/www.eltrabajo.cl\/portal\/wp-content\/uploads\/2020\/11\/Profesora2.jpg?resize=640%2C838&#038;ssl=1\" alt=\"Fe y esperanza.- Las velas encendidas frente al Hospital San Camilo son la muestra de apoyo hacia una educadora de B\u00e1sica, quien permanece con muerte cerebral en la UCI.\" width=\"640\" height=\"838\" srcset=\"https:\/\/i0.wp.com\/eltrabajo.cl\/portal\/wp-content\/uploads\/2020\/11\/Profesora2.jpg?w=699&amp;ssl=1 699w, https:\/\/i0.wp.com\/eltrabajo.cl\/portal\/wp-content\/uploads\/2020\/11\/Profesora2.jpg?resize=229%2C300&amp;ssl=1 229w, https:\/\/i0.wp.com\/eltrabajo.cl\/portal\/wp-content\/uploads\/2020\/11\/Profesora2.jpg?resize=115%2C150&amp;ssl=1 115w, https:\/\/i0.wp.com\/eltrabajo.cl\/portal\/wp-content\/uploads\/2020\/11\/Profesora2.jpg?resize=696%2C911&amp;ssl=1 696w\" sizes=\"auto, (max-width: 640px) 100vw, 640px\" \/><figcaption id=\"caption-attachment-104203\" class=\"wp-caption-text\">Fe y esperanza.- Las velas encendidas frente al Hospital San Camilo son la muestra de apoyo hacia una educadora de B\u00e1sica, quien permanece con muerte cerebral en la UCI.<\/figcaption><\/figure>\n<figure id=\"attachment_104205\" aria-describedby=\"caption-attachment-104205\" style=\"width: 699px\" class=\"wp-caption alignnone\"><img data-recalc-dims=\"1\" loading=\"lazy\" decoding=\"async\" class=\"size-full wp-image-104205\" src=\"https:\/\/i0.wp.com\/www.eltrabajo.cl\/portal\/wp-content\/uploads\/2020\/11\/Profesora_Andres-Gallardo-Cerda.jpg?resize=640%2C683&#038;ssl=1\" alt=\"Fiscal de Delitos Sexuales, Andr\u00e9s Gallardo Cerda.\" width=\"640\" height=\"683\" srcset=\"https:\/\/i0.wp.com\/eltrabajo.cl\/portal\/wp-content\/uploads\/2020\/11\/Profesora_Andres-Gallardo-Cerda.jpg?w=699&amp;ssl=1 699w, https:\/\/i0.wp.com\/eltrabajo.cl\/portal\/wp-content\/uploads\/2020\/11\/Profesora_Andres-Gallardo-Cerda.jpg?resize=281%2C300&amp;ssl=1 281w, https:\/\/i0.wp.com\/eltrabajo.cl\/portal\/wp-content\/uploads\/2020\/11\/Profesora_Andres-Gallardo-Cerda.jpg?resize=141%2C150&amp;ssl=1 141w, https:\/\/i0.wp.com\/eltrabajo.cl\/portal\/wp-content\/uploads\/2020\/11\/Profesora_Andres-Gallardo-Cerda.jpg?resize=696%2C743&amp;ssl=1 696w\" sizes=\"auto, (max-width: 640px) 100vw, 640px\" \/><figcaption id=\"caption-attachment-104205\" class=\"wp-caption-text\">Fiscal de Delitos Sexuales, Andr\u00e9s Gallardo Cerda.<\/figcaption><\/figure>\n<figure id=\"attachment_104206\" aria-describedby=\"caption-attachment-104206\" style=\"width: 699px\" class=\"wp-caption alignnone\"><img data-recalc-dims=\"1\" loading=\"lazy\" decoding=\"async\" class=\"size-full wp-image-104206\" src=\"https:\/\/i0.wp.com\/www.eltrabajo.cl\/portal\/wp-content\/uploads\/2020\/11\/Profesora_Felipe-Pizarro.jpg?resize=640%2C637&#038;ssl=1\" alt=\"Felipe Pizarro, hermano menor de Sandra.\" width=\"640\" height=\"637\" srcset=\"https:\/\/i0.wp.com\/eltrabajo.cl\/portal\/wp-content\/uploads\/2020\/11\/Profesora_Felipe-Pizarro.jpg?w=699&amp;ssl=1 699w, https:\/\/i0.wp.com\/eltrabajo.cl\/portal\/wp-content\/uploads\/2020\/11\/Profesora_Felipe-Pizarro.jpg?resize=300%2C300&amp;ssl=1 300w, https:\/\/i0.wp.com\/eltrabajo.cl\/portal\/wp-content\/uploads\/2020\/11\/Profesora_Felipe-Pizarro.jpg?resize=151%2C150&amp;ssl=1 151w, https:\/\/i0.wp.com\/eltrabajo.cl\/portal\/wp-content\/uploads\/2020\/11\/Profesora_Felipe-Pizarro.jpg?resize=696%2C693&amp;ssl=1 696w\" sizes=\"auto, (max-width: 640px) 100vw, 640px\" \/><figcaption id=\"caption-attachment-104206\" class=\"wp-caption-text\">Felipe Pizarro, hermano menor de Sandra.<\/figcaption><\/figure>\n<figure id=\"attachment_104201\" aria-describedby=\"caption-attachment-104201\" style=\"width: 699px\" class=\"wp-caption alignnone\"><img data-recalc-dims=\"1\" loading=\"lazy\" decoding=\"async\" class=\"size-full wp-image-104201\" src=\"https:\/\/i0.wp.com\/www.eltrabajo.cl\/portal\/wp-content\/uploads\/2020\/11\/Profesora_Sandra-Pizarro.jpg?resize=640%2C627&#038;ssl=1\" alt=\"La v\u00edctima.- Sandra Carolina Pizarro Jeria, de 45 a\u00f1os de edad y funcionaria del Liceo San Felipe.\" width=\"640\" height=\"627\" srcset=\"https:\/\/i0.wp.com\/eltrabajo.cl\/portal\/wp-content\/uploads\/2020\/11\/Profesora_Sandra-Pizarro.jpg?w=699&amp;ssl=1 699w, https:\/\/i0.wp.com\/eltrabajo.cl\/portal\/wp-content\/uploads\/2020\/11\/Profesora_Sandra-Pizarro.jpg?resize=300%2C294&amp;ssl=1 300w, https:\/\/i0.wp.com\/eltrabajo.cl\/portal\/wp-content\/uploads\/2020\/11\/Profesora_Sandra-Pizarro.jpg?resize=153%2C150&amp;ssl=1 153w, https:\/\/i0.wp.com\/eltrabajo.cl\/portal\/wp-content\/uploads\/2020\/11\/Profesora_Sandra-Pizarro.jpg?resize=696%2C682&amp;ssl=1 696w\" sizes=\"auto, (max-width: 640px) 100vw, 640px\" \/><figcaption id=\"caption-attachment-104201\" class=\"wp-caption-text\">La v\u00edctima.- Sandra Carolina Pizarro Jeria, de 45 a\u00f1os de edad y funcionaria del Liceo San Felipe.<\/figcaption><\/figure>\n","protected":false},"excerpt":{"rendered":"<p>Profesora con muerte cerebral en el San Camilo Con gran fuerza y vigor durante varias horas este martes, frente a la entrada principal de visitas del Hospital San Camilo, se desarroll\u00f3 una&#8230;<\/p>\n","protected":false},"author":482,"featured_media":104201,"comment_status":"closed","ping_status":"open","sticky":false,"template":"","format":"standard","meta":{"advanced_seo_description":"","jetpack_seo_html_title":"","jetpack_seo_noindex":false,"_jetpack_memberships_contains_paid_content":false,"footnotes":""},"categories":[15],"tags":[],"class_list":["post-104199","post","type-post","status-publish","format-standard","has-post-thumbnail","hentry","category-comunidad"],"jetpack_featured_media_url":"https:\/\/i0.wp.com\/eltrabajo.cl\/portal\/wp-content\/uploads\/2020\/11\/Profesora_Sandra-Pizarro.jpg?fit=699%2C685&ssl=1","jetpack_sharing_enabled":true,"jetpack_likes_enabled":true,"jetpack-related-posts":[],"_links":{"self":[{"href":"https:\/\/eltrabajo.cl\/portal\/wp-json\/wp\/v2\/posts\/104199","targetHints":{"allow":["GET"]}}],"collection":[{"href":"https:\/\/eltrabajo.cl\/portal\/wp-json\/wp\/v2\/posts"}],"about":[{"href":"https:\/\/eltrabajo.cl\/portal\/wp-json\/wp\/v2\/types\/post"}],"author":[{"embeddable":true,"href":"https:\/\/eltrabajo.cl\/portal\/wp-json\/wp\/v2\/users\/482"}],"replies":[{"embeddable":true,"href":"https:\/\/eltrabajo.cl\/portal\/wp-json\/wp\/v2\/comments?post=104199"}],"version-history":[{"count":0,"href":"https:\/\/eltrabajo.cl\/portal\/wp-json\/wp\/v2\/posts\/104199\/revisions"}],"wp:featuredmedia":[{"embeddable":true,"href":"https:\/\/eltrabajo.cl\/portal\/wp-json\/wp\/v2\/media\/104201"}],"wp:attachment":[{"href":"https:\/\/eltrabajo.cl\/portal\/wp-json\/wp\/v2\/media?parent=104199"}],"wp:term":[{"taxonomy":"category","embeddable":true,"href":"https:\/\/eltrabajo.cl\/portal\/wp-json\/wp\/v2\/categories?post=104199"},{"taxonomy":"post_tag","embeddable":true,"href":"https:\/\/eltrabajo.cl\/portal\/wp-json\/wp\/v2\/tags?post=104199"}],"curies":[{"name":"wp","href":"https:\/\/api.w.org\/{rel}","templated":true}]}}