{"id":104214,"date":"2020-11-19T07:35:45","date_gmt":"2020-11-19T10:35:45","guid":{"rendered":"https:\/\/www.eltrabajo.cl\/portal\/?p=104214"},"modified":"2020-11-18T22:32:12","modified_gmt":"2020-11-19T01:32:12","slug":"listo-el-calendario-para-la-etapa-final-de-la-copa-de-campeones-de-mujeres","status":"publish","type":"post","link":"https:\/\/eltrabajo.cl\/portal\/listo-el-calendario-para-la-etapa-final-de-la-copa-de-campeones-de-mujeres\/","title":{"rendered":"Listo el calendario para la etapa final de la Copa de Campeones de mujeres"},"content":{"rendered":"<p style=\"text-align: left;\"><span style=\"color: #ff0000;\"><strong>La comuna de Santa Mar\u00eda ser\u00e1 la sede.<\/strong><\/span><\/p>\n<p style=\"text-align: justify;\">Fuentes altamente confiables y muy bien informadas se\u00f1alaron a nuestro medio que la fase final de la Copa de Campeones de mujeres comenzar\u00e1 a jugarse el s\u00e1bado 12 y domingo 13 de diciembre en el estadio Municipal de Santa Mar\u00eda, comuna que ya fue designada oficialmente como sede de esa competencia.<\/p>\n<p style=\"text-align: justify;\">La determinaci\u00f3n habr\u00eda sido comunicada por el directorio de la ARFA Quinta Regi\u00f3n a los presidentes de los ocho clubes que siguen en carrera por \u2018La Orejona\u2019. El cronograma establecido por el ente rector del balompi\u00e9 aficionado regional depender\u00e1 que el valle de Aconcagua avance a la fase 4 del plan Paso a Paso, que permite que se hagan actividades deportivas de manera m\u00e1s masiva.<\/p>\n<p style=\"text-align: justify;\">La realizaci\u00f3n de la parte final del torneo se programar\u00eda para el s\u00e1bado 19 y domingo 20 del mismo mes, y al igual que su antecesora tendr\u00e1 una serie de restricciones ya que por ejemplo no se permitir\u00e1 el ingreso de espectadores al que se dice es el mejor estadio del f\u00fatbol amateur de la toda la regi\u00f3n.<\/p>\n<p style=\"text-align: justify;\">Los clubes participantes deber\u00e1n cumplir con un estricto protocolo sanitario en el que se exigir\u00e1 un examen negativo de PCR actualizado a cada jugadora y miembro del cuerpo t\u00e9cnico, para poder establecer con seguridad la \u2018burbuja sanitaria\u2019 en esa comuna aconcag\u00fcina.<\/p>\n<p style=\"text-align: justify;\">Si todo va de acuerdo a lo presupuestado, este ser\u00eda el cronograma dispuesto por la ARFA Quinta:<\/p>\n<p style=\"text-align: justify;\">Cuartos de finales: S\u00e1bado 12 y Domingo 13 de diciembre<\/p>\n<p style=\"text-align: justify;\">Semifinales: S\u00e1bado 19 de diciembre<\/p>\n<p style=\"text-align: justify;\">Final: Domingo 20 de diciembre<\/p>\n<p style=\"text-align: justify;\">Los equipos que est\u00e1n en la lucha por el principal torneo femenino son:<\/p>\n<p style=\"text-align: justify;\">Mario Inostroza (San Felipe), Valle Alegre (Calle Larga), Alianza de Curim\u00f3n (San Felipe), Glorias Navales, Parroquial, Pedro Cabrera, Ritoque y Mina Claudia.<\/p>\n<figure id=\"attachment_104215\" aria-describedby=\"caption-attachment-104215\" style=\"width: 698px\" class=\"wp-caption alignnone\"><img data-recalc-dims=\"1\" loading=\"lazy\" decoding=\"async\" class=\"size-full wp-image-104215\" src=\"https:\/\/i0.wp.com\/www.eltrabajo.cl\/portal\/wp-content\/uploads\/2020\/11\/alianza-curimon.jpg?resize=640%2C328&#038;ssl=1\" alt=\"Alianza Curim\u00f3n es uno de los equipos aconcag\u00fcinos que siguen en carrera en la Copa de Campeones de mujeres.\" width=\"640\" height=\"328\" srcset=\"https:\/\/i0.wp.com\/eltrabajo.cl\/portal\/wp-content\/uploads\/2020\/11\/alianza-curimon.jpg?w=698&amp;ssl=1 698w, https:\/\/i0.wp.com\/eltrabajo.cl\/portal\/wp-content\/uploads\/2020\/11\/alianza-curimon.jpg?resize=300%2C154&amp;ssl=1 300w, https:\/\/i0.wp.com\/eltrabajo.cl\/portal\/wp-content\/uploads\/2020\/11\/alianza-curimon.jpg?resize=200%2C103&amp;ssl=1 200w, https:\/\/i0.wp.com\/eltrabajo.cl\/portal\/wp-content\/uploads\/2020\/11\/alianza-curimon.jpg?resize=696%2C357&amp;ssl=1 696w\" sizes=\"auto, (max-width: 640px) 100vw, 640px\" \/><figcaption id=\"caption-attachment-104215\" class=\"wp-caption-text\">Alianza Curim\u00f3n es uno de los equipos aconcag\u00fcinos que siguen en carrera en la Copa de Campeones de mujeres.<\/figcaption><\/figure>\n","protected":false},"excerpt":{"rendered":"<p>La comuna de Santa Mar\u00eda ser\u00e1 la sede. Fuentes altamente confiables y muy bien informadas se\u00f1alaron a nuestro medio que la fase final de la Copa de Campeones de mujeres comenzar\u00e1 a&#8230;<\/p>\n","protected":false},"author":482,"featured_media":104215,"comment_status":"closed","ping_status":"open","sticky":false,"template":"","format":"standard","meta":{"advanced_seo_description":"","jetpack_seo_html_title":"","jetpack_seo_noindex":false,"_jetpack_memberships_contains_paid_content":false,"footnotes":""},"categories":[19],"tags":[],"class_list":["post-104214","post","type-post","status-publish","format-standard","has-post-thumbnail","hentry","category-deportes"],"jetpack_featured_media_url":"https:\/\/i0.wp.com\/eltrabajo.cl\/portal\/wp-content\/uploads\/2020\/11\/alianza-curimon.jpg?fit=698%2C358&ssl=1","jetpack_sharing_enabled":true,"jetpack_likes_enabled":true,"jetpack-related-posts":[],"_links":{"self":[{"href":"https:\/\/eltrabajo.cl\/portal\/wp-json\/wp\/v2\/posts\/104214","targetHints":{"allow":["GET"]}}],"collection":[{"href":"https:\/\/eltrabajo.cl\/portal\/wp-json\/wp\/v2\/posts"}],"about":[{"href":"https:\/\/eltrabajo.cl\/portal\/wp-json\/wp\/v2\/types\/post"}],"author":[{"embeddable":true,"href":"https:\/\/eltrabajo.cl\/portal\/wp-json\/wp\/v2\/users\/482"}],"replies":[{"embeddable":true,"href":"https:\/\/eltrabajo.cl\/portal\/wp-json\/wp\/v2\/comments?post=104214"}],"version-history":[{"count":0,"href":"https:\/\/eltrabajo.cl\/portal\/wp-json\/wp\/v2\/posts\/104214\/revisions"}],"wp:featuredmedia":[{"embeddable":true,"href":"https:\/\/eltrabajo.cl\/portal\/wp-json\/wp\/v2\/media\/104215"}],"wp:attachment":[{"href":"https:\/\/eltrabajo.cl\/portal\/wp-json\/wp\/v2\/media?parent=104214"}],"wp:term":[{"taxonomy":"category","embeddable":true,"href":"https:\/\/eltrabajo.cl\/portal\/wp-json\/wp\/v2\/categories?post=104214"},{"taxonomy":"post_tag","embeddable":true,"href":"https:\/\/eltrabajo.cl\/portal\/wp-json\/wp\/v2\/tags?post=104214"}],"curies":[{"name":"wp","href":"https:\/\/api.w.org\/{rel}","templated":true}]}}