{"id":104237,"date":"2020-11-19T07:55:03","date_gmt":"2020-11-19T10:55:03","guid":{"rendered":"https:\/\/www.eltrabajo.cl\/portal\/?p=104237"},"modified":"2020-11-19T11:25:50","modified_gmt":"2020-11-19T14:25:50","slug":"yo-la-encontre-y-mi-amiga-estaba-agredida-estaba-golpeada-y-queremos-saber-si-el-tuvo-participacion-o-no","status":"publish","type":"post","link":"https:\/\/eltrabajo.cl\/portal\/yo-la-encontre-y-mi-amiga-estaba-agredida-estaba-golpeada-y-queremos-saber-si-el-tuvo-participacion-o-no\/","title":{"rendered":"\u00abYo la encontr\u00e9 y mi amiga estaba agredida, estaba golpeada, y queremos saber si \u00e9l tuvo participaci\u00f3n o no\u00bb"},"content":{"rendered":"<p style=\"text-align: left;\"><span style=\"color: #ff0000;\"><strong>Erika Gallardo, mejor amiga de la profesora:<\/strong><\/span><\/p>\n<p style=\"text-align: justify;\">Ayer se realiz\u00f3 una manifestaci\u00f3n pac\u00edfica en la alameda Yungay para pedir justicia por la profesora <strong>Sandra Pizarro Jeria<\/strong>, donde participaron varias mujeres, entre ellas la mejor amiga de la docente, <strong>Erika Gallardo<\/strong>, quien al conversar con nuestro medio dijo que estaban reunidas ah\u00ed para hacer presi\u00f3n para <em>\u00abque las autoridades pongan m\u00e1s energ\u00edas porque esto est\u00e1 muy lento, queremos saber la verdad. Bueno yo la encontr\u00e9 y mi amiga estaba agredida, estaba golpeada, y queremos saber si \u00e9l tuvo participaci\u00f3n o no, por eso estamos marchando pac\u00edficamente, porque queremos que las cosas se apuren. Yo no entiendo por qu\u00e9 todo es tan lento, \u00bfqu\u00e9 est\u00e1n esperando, que mi amiga fallezca para que la cosa se apure?. Eso estamos exigiendo, que se haga justicia por todas las mujeres que puedan venir m\u00e1s adelante, y cuando una mujer haga un reporte de violencia, aunque ella lo vaya a sacar, que haya una ley que eso no se saque, que quede ah\u00ed, porque ella ya hab\u00eda sacado esas denuncias y lo ideal es que no las puedan sacar, que exista una ley que no se puedan sacar esas denuncias\u00bb,<\/em> se\u00f1al\u00f3.<\/p>\n<p style=\"text-align: justify;\">&#8211; <strong>Usted ten\u00eda las llaves del departamento de Sandra. \u00bfC\u00f3mo se recuerda ese momento?<\/strong><\/p>\n<p style=\"text-align: justify;\">&#8211; Fue atroz, cuando sub\u00ed la escalera para abrir la puerta, mi coraz\u00f3n lat\u00eda a mil, ten\u00eda un nudo en mi est\u00f3mago porque no sab\u00eda con qu\u00e9 escena me iba a encontrar, porque yo sab\u00eda que no era algo bueno, y cuando logro entrar y veo a mi amiga tirada en el suelo en su pieza, para m\u00ed fue muy chocante, salt\u00e9 arriba de mi amiga para tocarla si estaba viva. Mi amiga efectivamente estaba viva, estaba bien, o sea no hablaba, pero abr\u00eda los ojos. La toqu\u00e9, la abrac\u00e9 y le dije: \u2018Negrita, \u00bfalguien te hizo algo? Mi amiga solamente balbuceaba, no pod\u00eda hablar y ella toc\u00eda mucho, no s\u00e9 por qu\u00e9. Yo la toqu\u00e9 por todos lados y no ten\u00eda m\u00e1s heridas\u00a0 que se puedan ver a simple vista, porque no le sacamos la ropa para ver si ten\u00eda contusiones o algo m\u00e1s, y se la llevaron inmediatamente al hospital. En el hospital verificaron que ten\u00eda m\u00e1s heridas en sus piernas parece.<\/p>\n<p style=\"text-align: justify;\">&#8211; <strong>\u00bfEl velador estaba movido algo as\u00ed?<\/strong><\/p>\n<p style=\"text-align: justify;\">&#8211; El \u00fanico desorden en el departamento era un velador que estaba en el suelo, nada m\u00e1s, no hab\u00eda ning\u00fan tipo de desorden, ni siquiera que hab\u00edan entrado a robar, no nada de eso.<\/p>\n<p style=\"text-align: justify;\">&#8211; <strong>\u00bfLa chapa de la puerta forzada?<\/strong><\/p>\n<p style=\"text-align: justify;\">&#8211; Nada de eso, e incluso estaba con llave, yo cuando met\u00ed la llave para abrir estaba con llave.<\/p>\n<p style=\"text-align: justify;\">&#8211; <strong>\u00bfQu\u00e9 se sabe del estado de salud a esta hora, 11 de la ma\u00f1ana (de ayer), cu\u00e1l es la posibilidad de evoluci\u00f3n?<\/strong><\/p>\n<p style=\"text-align: justify;\">&#8211; Yo reci\u00e9n habl\u00e9 con su hermana Leyla y me dijo que a las once el doctor la iba a examinar, la iba a ver e iba a dar el reporte m\u00e9dico para ver si hab\u00eda un avance o segu\u00eda en las mismas condiciones. Despu\u00e9s de las 11 vamos a saber c\u00f3mo sigue, hasta el momento estamos ah\u00ed, a la espera.<\/p>\n<p style=\"text-align: justify;\">&#8211; <strong>\u00bfQu\u00e9 piensa usted que pas\u00f3?<\/strong><\/p>\n<p style=\"text-align: justify;\">&#8211; Yo pienso que \u00e9l le peg\u00f3, yo no puedo acusar, yo no tengo las pruebas, pero lo que yo creo en mi coraz\u00f3n fue \u00e9l que le peg\u00f3 y se le pas\u00f3 la mano.<\/p>\n<p style=\"text-align: justify;\">&#8211; <strong>Como mejor amiga, \u00bfqu\u00e9 le dec\u00eda?, porque hay tres denuncias, ayer su hermana Leyla dijo que ellos le dec\u00edan que lo dejara, que conversaba con usted porque a veces se tiene m\u00e1s confianza con una amiga que con la propia familia.<\/strong><\/p>\n<p style=\"text-align: justify;\">&#8211; Bueno yo habl\u00e9 con ella, le dije: Negra, qu\u00e9 est\u00e1s esperando si este \u2018gallo\u2019 no te mat\u00f3 esa vez, en el paseo que hicieron a la playa, para la otra no la vas a contar. Yo no quiero verte salir en la tele que eres una m\u00e1s, entiende por favor, ese \u2018gallo\u2019, es loco no te conviene. \u00abPero es que amiga -me dec\u00eda- es que hay sentimientos\u00bb. S\u00ed, yo entiendo, pero nadie se muere de amor amiga, nadie, es tu vida, entiende Negra, le dec\u00eda yo. Y cuando yo habl\u00e9 con ella el mi\u00e9rcoles, ella me confirm\u00f3 que el martes el \u2018gallo\u2019 estuvo en la casa, es m\u00e1s, ese d\u00eda cuando encontramos a mi amiga, yo le habl\u00e9 a la vecina de ella y le dije: Vecina, \u00bfc\u00f3mo no escuch\u00f3 nada usted?. \u00abNoo -dijo la vecina- yo escuch\u00e9 mi\u00e9rcoles para jueves de madrugada escuch\u00e9 la voz de un hombre que le dec\u00eda \u00a1c\u00e1llate!&#8230;\u00a1c\u00e1llate d\u00e9jame dormir!, escuch\u00f3 un\u00a0 gemido y que la se\u00f1ora mand\u00f3 a buscar al guardia y que \u00e9l golpe\u00f3 la puerta, al ver que no sali\u00f3 nadie el caballero se fue y qued\u00f3 ah\u00ed eso, la vecina confirm\u00f3 que escuch\u00f3 la voz.<\/p>\n<p style=\"text-align: justify;\">&#8211; <strong>Penosa la situaci\u00f3n, si le hubiera hecho caso a usted de dejarlo, pero eso porque la hermana dec\u00eda que la seduc\u00eda.<\/strong><\/p>\n<p style=\"text-align: justify;\">&#8211; S\u00ed, la seduc\u00eda, le dec\u00eda que nunca m\u00e1s (&#8230;) Que ellos se quer\u00edan, que no pod\u00edan terminar una cosa as\u00ed, pero c\u00f3mo, yo le dec\u00eda: amiga, el amor no duele, el amor no da\u00f1a, entiende eso no es amor.<\/p>\n<p style=\"text-align: justify;\">&#8211; <strong>Quiz\u00e1s de repente ella no hizo caso porque estaba muy enamorada.<\/strong><\/p>\n<p style=\"text-align: justify;\">&#8211; Yo creo que s\u00ed, era como un amor medio t\u00f3xico, un amor medio extra\u00f1o\u2026 no s\u00e9.<\/p>\n<p style=\"text-align: justify;\">&#8211; <strong>\u00bfTerminaban, volv\u00edan?<\/strong><\/p>\n<p style=\"text-align: justify;\">&#8211; S\u00ed, s\u00ed, pero todav\u00eda el \u2018gallo\u2019 iba, hasta el martes fue, o sea todav\u00eda se ve\u00edan.<\/p>\n<p style=\"text-align: justify;\">&#8211; <strong>\u00bfHay esperanzas, Erika?<\/strong><\/p>\n<p style=\"text-align: justify;\">&#8211; Yo tengo todas las esperanzas del mundo que mi amiga vuelva, yo no quiero que mi amiga me deje, no quiero, tengo toda la esperanza en Dios que ella salga de toda esta pesadilla, de este mal sue\u00f1o, que se haga justicia, o sea yo como su mejor amiga,\u00a0 espero eso.<\/p>\n<p style=\"text-align: justify;\">Importante se\u00f1alar que el estado de salud de la profesora no ha variado, sigue grave conectada a ventilaci\u00f3n mec\u00e1nica y con da\u00f1o cerebral de un 43 por ciento.<\/p>\n<figure id=\"attachment_104238\" aria-describedby=\"caption-attachment-104238\" style=\"width: 699px\" class=\"wp-caption alignnone\"><img data-recalc-dims=\"1\" loading=\"lazy\" decoding=\"async\" class=\"size-full wp-image-104238\" src=\"https:\/\/i0.wp.com\/www.eltrabajo.cl\/portal\/wp-content\/uploads\/2020\/11\/Ericka-Gallardo.jpg?resize=640%2C678&#038;ssl=1\" alt=\"Erika Gallardo, mejor amiga de la docente Sandra Pizarro Jeria.\" width=\"640\" height=\"678\" srcset=\"https:\/\/i0.wp.com\/eltrabajo.cl\/portal\/wp-content\/uploads\/2020\/11\/Ericka-Gallardo.jpg?w=699&amp;ssl=1 699w, https:\/\/i0.wp.com\/eltrabajo.cl\/portal\/wp-content\/uploads\/2020\/11\/Ericka-Gallardo.jpg?resize=283%2C300&amp;ssl=1 283w, https:\/\/i0.wp.com\/eltrabajo.cl\/portal\/wp-content\/uploads\/2020\/11\/Ericka-Gallardo.jpg?resize=141%2C150&amp;ssl=1 141w, https:\/\/i0.wp.com\/eltrabajo.cl\/portal\/wp-content\/uploads\/2020\/11\/Ericka-Gallardo.jpg?resize=696%2C738&amp;ssl=1 696w\" sizes=\"auto, (max-width: 640px) 100vw, 640px\" \/><figcaption id=\"caption-attachment-104238\" class=\"wp-caption-text\">Erika Gallardo, mejor amiga de la docente Sandra Pizarro Jeria.<\/figcaption><\/figure>\n","protected":false},"excerpt":{"rendered":"<p>Erika Gallardo, mejor amiga de la profesora: Ayer se realiz\u00f3 una manifestaci\u00f3n pac\u00edfica en la alameda Yungay para pedir justicia por la profesora Sandra Pizarro Jeria, donde participaron varias mujeres, entre ellas&#8230;<\/p>\n","protected":false},"author":482,"featured_media":104238,"comment_status":"closed","ping_status":"open","sticky":false,"template":"","format":"standard","meta":{"advanced_seo_description":"","jetpack_seo_html_title":"","jetpack_seo_noindex":false,"_jetpack_memberships_contains_paid_content":false,"footnotes":""},"categories":[15],"tags":[],"class_list":["post-104237","post","type-post","status-publish","format-standard","has-post-thumbnail","hentry","category-comunidad"],"jetpack_featured_media_url":"https:\/\/i0.wp.com\/eltrabajo.cl\/portal\/wp-content\/uploads\/2020\/11\/Ericka-Gallardo.jpg?fit=699%2C741&ssl=1","jetpack_sharing_enabled":true,"jetpack_likes_enabled":true,"jetpack-related-posts":[],"_links":{"self":[{"href":"https:\/\/eltrabajo.cl\/portal\/wp-json\/wp\/v2\/posts\/104237","targetHints":{"allow":["GET"]}}],"collection":[{"href":"https:\/\/eltrabajo.cl\/portal\/wp-json\/wp\/v2\/posts"}],"about":[{"href":"https:\/\/eltrabajo.cl\/portal\/wp-json\/wp\/v2\/types\/post"}],"author":[{"embeddable":true,"href":"https:\/\/eltrabajo.cl\/portal\/wp-json\/wp\/v2\/users\/482"}],"replies":[{"embeddable":true,"href":"https:\/\/eltrabajo.cl\/portal\/wp-json\/wp\/v2\/comments?post=104237"}],"version-history":[{"count":0,"href":"https:\/\/eltrabajo.cl\/portal\/wp-json\/wp\/v2\/posts\/104237\/revisions"}],"wp:featuredmedia":[{"embeddable":true,"href":"https:\/\/eltrabajo.cl\/portal\/wp-json\/wp\/v2\/media\/104238"}],"wp:attachment":[{"href":"https:\/\/eltrabajo.cl\/portal\/wp-json\/wp\/v2\/media?parent=104237"}],"wp:term":[{"taxonomy":"category","embeddable":true,"href":"https:\/\/eltrabajo.cl\/portal\/wp-json\/wp\/v2\/categories?post=104237"},{"taxonomy":"post_tag","embeddable":true,"href":"https:\/\/eltrabajo.cl\/portal\/wp-json\/wp\/v2\/tags?post=104237"}],"curies":[{"name":"wp","href":"https:\/\/api.w.org\/{rel}","templated":true}]}}