{"id":104248,"date":"2020-11-20T07:40:01","date_gmt":"2020-11-20T10:40:01","guid":{"rendered":"https:\/\/www.eltrabajo.cl\/portal\/?p=104248"},"modified":"2020-11-19T20:50:31","modified_gmt":"2020-11-19T23:50:31","slug":"el-uni-uni-jugara-esta-manana-con-un-aproblemado-deportes-temuco","status":"publish","type":"post","link":"https:\/\/eltrabajo.cl\/portal\/el-uni-uni-jugara-esta-manana-con-un-aproblemado-deportes-temuco\/","title":{"rendered":"El Un\u00ed Un\u00ed jugar\u00e1 esta ma\u00f1ana con un aproblemado Deportes Temuco"},"content":{"rendered":"<p style=\"text-align: justify;\">En un horario poco habitual y adem\u00e1s extra\u00f1o para el f\u00fatbol profesional, a las 10:30 horas de hoy, Uni\u00f3n San Felipe intentar\u00e1 allegar nuevos puntos ante un aproblemado equipo de Deportes Temuco, que en la actualidad ocupa el antepen\u00faltimo lugar de la tabla de colocaciones.<\/p>\n<p style=\"text-align: justify;\">El cotejo contra el cuadro sure\u00f1o ser\u00e1 el encargado de abrir la vig\u00e9simo primera fecha del torneo de la Primera Divisi\u00f3n B, jornada en la cual tambi\u00e9n sobresale el enfrentamiento entre Puerto Montt y el l\u00edder de la competencia, \u00d1ublense.<\/p>\n<p style=\"text-align: justify;\">\n<p style=\"text-align: justify;\"><span style=\"color: #ff0000;\"><strong>Programaci\u00f3n fecha 21\u00aa<\/strong><\/span><\/p>\n<p style=\"text-align: justify;\"><strong>Viernes 20 <\/strong><\/p>\n<p style=\"text-align: justify;\">10:30 horas: Deportes Temuco \u2013 Uni\u00f3n San Felipe<\/p>\n<p style=\"text-align: justify;\">10:30 horas: Magallanes \u2013 Deportes Copiap\u00f3<\/p>\n<p style=\"text-align: justify;\">17:00 horas: Puerto Montt \u2013 \u00d1ublense<\/p>\n<p style=\"text-align: justify;\">18:00 horas: Santiago Morning \u2013 Santa Cruz<\/p>\n<p style=\"text-align: justify;\">19:15 horas: Rangers \u2013 Melipilla<\/p>\n<p style=\"text-align: justify;\">S\u00e1bado 21<\/p>\n<p style=\"text-align: justify;\">10:00 horas: Cobreloa \u2013 Barnechea<\/p>\n<p style=\"text-align: justify;\">Suspendido: Valdivia \u2013 San Marcos<\/p>\n<p style=\"text-align: justify;\">\n<p style=\"text-align: justify;\"><span style=\"color: #ff0000;\"><strong>Tabla de Posiciones<\/strong><\/span><\/p>\n<p style=\"text-align: justify;\">Lugar\u00a0\u00a0\u00a0\u00a0\u00a0\u00a0\u00a0 Ptos.<\/p>\n<p style=\"text-align: justify;\">\u00d1ublense 36<\/p>\n<p style=\"text-align: justify;\">Rangers 30<\/p>\n<p style=\"text-align: justify;\">Magallanes 30<\/p>\n<p style=\"text-align: justify;\">Melipilla 30<\/p>\n<p style=\"text-align: justify;\"><strong>Uni\u00f3n San Felipe 28<\/strong><\/p>\n<p style=\"text-align: justify;\">Copiap\u00f3 25<\/p>\n<p style=\"text-align: justify;\">Puerto Montt 24<\/p>\n<p style=\"text-align: justify;\">San Marcos 24<\/p>\n<p style=\"text-align: justify;\">Cobreloa 22<\/p>\n<p style=\"text-align: justify;\">Santiago Morning 20<\/p>\n<p style=\"text-align: justify;\">Valdivia 19<\/p>\n<p style=\"text-align: justify;\">San Luis 19<\/p>\n<p style=\"text-align: justify;\">Barnechea 19<\/p>\n<p style=\"text-align: justify;\">Temuco 18<\/p>\n<p style=\"text-align: justify;\">Santa Cruz 15<\/p>\n<figure id=\"attachment_104249\" aria-describedby=\"caption-attachment-104249\" style=\"width: 699px\" class=\"wp-caption alignnone\"><img data-recalc-dims=\"1\" loading=\"lazy\" decoding=\"async\" class=\"size-full wp-image-104249\" src=\"https:\/\/i0.wp.com\/www.eltrabajo.cl\/portal\/wp-content\/uploads\/2020\/11\/uni-uni-1.jpg?resize=640%2C710&#038;ssl=1\" alt=\"El equipo sanfelipe\u00f1o intentar\u00e1 sacar partido del mal momento por el que atraviesa \u2018El Pije\u2019.\" width=\"640\" height=\"710\" srcset=\"https:\/\/i0.wp.com\/eltrabajo.cl\/portal\/wp-content\/uploads\/2020\/11\/uni-uni-1.jpg?w=699&amp;ssl=1 699w, https:\/\/i0.wp.com\/eltrabajo.cl\/portal\/wp-content\/uploads\/2020\/11\/uni-uni-1.jpg?resize=271%2C300&amp;ssl=1 271w, https:\/\/i0.wp.com\/eltrabajo.cl\/portal\/wp-content\/uploads\/2020\/11\/uni-uni-1.jpg?resize=135%2C150&amp;ssl=1 135w, https:\/\/i0.wp.com\/eltrabajo.cl\/portal\/wp-content\/uploads\/2020\/11\/uni-uni-1.jpg?resize=696%2C772&amp;ssl=1 696w\" sizes=\"auto, (max-width: 640px) 100vw, 640px\" \/><figcaption id=\"caption-attachment-104249\" class=\"wp-caption-text\">El equipo sanfelipe\u00f1o intentar\u00e1 sacar partido del mal momento por el que atraviesa \u2018El Pije\u2019.<\/figcaption><\/figure>\n","protected":false},"excerpt":{"rendered":"<p>En un horario poco habitual y adem\u00e1s extra\u00f1o para el f\u00fatbol profesional, a las 10:30 horas de hoy, Uni\u00f3n San Felipe intentar\u00e1 allegar nuevos puntos ante un aproblemado equipo de Deportes Temuco,&#8230;<\/p>\n","protected":false},"author":482,"featured_media":104249,"comment_status":"closed","ping_status":"open","sticky":false,"template":"","format":"standard","meta":{"advanced_seo_description":"","jetpack_seo_html_title":"","jetpack_seo_noindex":false,"_jetpack_memberships_contains_paid_content":false,"footnotes":""},"categories":[19],"tags":[],"class_list":["post-104248","post","type-post","status-publish","format-standard","has-post-thumbnail","hentry","category-deportes"],"jetpack_featured_media_url":"https:\/\/i0.wp.com\/eltrabajo.cl\/portal\/wp-content\/uploads\/2020\/11\/uni-uni-1.jpg?fit=699%2C775&ssl=1","jetpack_sharing_enabled":true,"jetpack_likes_enabled":true,"jetpack-related-posts":[],"_links":{"self":[{"href":"https:\/\/eltrabajo.cl\/portal\/wp-json\/wp\/v2\/posts\/104248","targetHints":{"allow":["GET"]}}],"collection":[{"href":"https:\/\/eltrabajo.cl\/portal\/wp-json\/wp\/v2\/posts"}],"about":[{"href":"https:\/\/eltrabajo.cl\/portal\/wp-json\/wp\/v2\/types\/post"}],"author":[{"embeddable":true,"href":"https:\/\/eltrabajo.cl\/portal\/wp-json\/wp\/v2\/users\/482"}],"replies":[{"embeddable":true,"href":"https:\/\/eltrabajo.cl\/portal\/wp-json\/wp\/v2\/comments?post=104248"}],"version-history":[{"count":0,"href":"https:\/\/eltrabajo.cl\/portal\/wp-json\/wp\/v2\/posts\/104248\/revisions"}],"wp:featuredmedia":[{"embeddable":true,"href":"https:\/\/eltrabajo.cl\/portal\/wp-json\/wp\/v2\/media\/104249"}],"wp:attachment":[{"href":"https:\/\/eltrabajo.cl\/portal\/wp-json\/wp\/v2\/media?parent=104248"}],"wp:term":[{"taxonomy":"category","embeddable":true,"href":"https:\/\/eltrabajo.cl\/portal\/wp-json\/wp\/v2\/categories?post=104248"},{"taxonomy":"post_tag","embeddable":true,"href":"https:\/\/eltrabajo.cl\/portal\/wp-json\/wp\/v2\/tags?post=104248"}],"curies":[{"name":"wp","href":"https:\/\/api.w.org\/{rel}","templated":true}]}}