{"id":104269,"date":"2020-11-23T07:35:19","date_gmt":"2020-11-23T10:35:19","guid":{"rendered":"https:\/\/www.eltrabajo.cl\/portal\/?p=104269"},"modified":"2020-11-22T21:03:15","modified_gmt":"2020-11-23T00:03:15","slug":"erwin-duran-y-todo-su-cuerpo-tecnico-fueron-desvinculados-del-uni","status":"publish","type":"post","link":"https:\/\/eltrabajo.cl\/portal\/erwin-duran-y-todo-su-cuerpo-tecnico-fueron-desvinculados-del-uni\/","title":{"rendered":"Erwin Dur\u00e1n y todo su cuerpo t\u00e9cnico fueron desvinculados del Un\u00ed"},"content":{"rendered":"<p style=\"text-align: justify;\">La derrota por la cuenta m\u00ednima del viernes pasado ante Deportes Temuco (ver nota aparte), trajo coletazos de marca mayor en Uni\u00f3n San Felipe. Pocas horas despu\u00e9s de consumarse el traspi\u00e9 en la capital de la Regi\u00f3n de La Araucan\u00eda, la dirigencia albirroja por medio de un comunicado inform\u00f3 a la opini\u00f3n p\u00fablica e hinchada del Un\u00ed Un\u00ed del despido del entrenador <strong>Erwin Dur\u00e1n<\/strong> y todo su cuerpo t\u00e9cnico.<\/p>\n<p style=\"text-align: justify;\">Si bien es cierto la escuadra sanfelipe\u00f1a parec\u00eda haber perdido el rumbo, igual no dej\u00f3 de provocar sorpresa la salida de Dur\u00e1n, b\u00e1sicamente porque el equipo sigue encaramado en la zona alta de la tabla de posiciones.<\/p>\n<p style=\"text-align: justify;\">En la parte final del texto entregado por la tienda sanfelipe\u00f1a se agradecen los servicios de Erwin Dur\u00e1n y asistentes, adem\u00e1s de desearles \u00e9xito profesional en el futuro. \u00ab<em>Agradecemos profundamente, la dedicaci\u00f3n y entrega al club de demostraron en su trabajo y el aprecio demostrado a la instituci\u00f3n, y estamos seguros que el \u00e9xito los acompa\u00f1ar\u00e1 en sus futuros desaf\u00edos<\/em>\u00bb, dice la misiva.<\/p>\n<p style=\"text-align: justify;\">\n<p style=\"text-align: left;\"><span style=\"color: #ff0000;\"><strong>H\u00e9ctor Roco Lucero asumi\u00f3 de manera interina la conducci\u00f3n t\u00e9cnica albirroja<\/strong><\/span><\/p>\n<p style=\"text-align: justify;\">El joven entrenador <strong>H\u00e9ctor Roco Lucero<\/strong>, en compa\u00f1\u00eda de su padre <strong>H\u00e9ctor Roco Leiva<\/strong>, fueron los hombres elegidos por la dirigencia de los aconcag\u00fcinos para hacerse cargo de manera interina del plantel de honor albirrojo en lo que resta de temporada.<\/p>\n<p style=\"text-align: justify;\">Hace ya algunos a\u00f1os Roco Lucero es miembro del staff t\u00e9cnico de las series inferiores de Uni\u00f3n San Felipe, donde ha estado a cargo de varias series. A su lado estar\u00e1 su pap\u00e1 H\u00e9ctor Roco Lucero quien es uno de los m\u00e1ximos referentes unionistas en el \u00faltimo tiempo. A la dupla Roco se sumar\u00e1 como preparador f\u00edsico el ex jugador sanfelipe\u00f1o Patricio Rivera, a los que se agregar\u00e1n como colaboradores Jorge Acu\u00f1a y <strong>Nicol\u00e1s Suarez<\/strong>.<\/p>\n<figure id=\"attachment_104270\" aria-describedby=\"caption-attachment-104270\" style=\"width: 700px\" class=\"wp-caption alignnone\"><img data-recalc-dims=\"1\" loading=\"lazy\" decoding=\"async\" class=\"size-full wp-image-104270\" src=\"https:\/\/i0.wp.com\/www.eltrabajo.cl\/portal\/wp-content\/uploads\/2020\/11\/uni-erwin-duran.jpg?resize=640%2C480&#038;ssl=1\" alt=\"En el encuentro con Deportes Temuco (imagen) fue la \u00faltima vez Erwin Dur\u00e1n dirigi\u00f3 al Un\u00ed Un\u00ed. \" width=\"640\" height=\"480\" srcset=\"https:\/\/i0.wp.com\/eltrabajo.cl\/portal\/wp-content\/uploads\/2020\/11\/uni-erwin-duran.jpg?w=700&amp;ssl=1 700w, https:\/\/i0.wp.com\/eltrabajo.cl\/portal\/wp-content\/uploads\/2020\/11\/uni-erwin-duran.jpg?resize=300%2C225&amp;ssl=1 300w, https:\/\/i0.wp.com\/eltrabajo.cl\/portal\/wp-content\/uploads\/2020\/11\/uni-erwin-duran.jpg?resize=200%2C150&amp;ssl=1 200w, https:\/\/i0.wp.com\/eltrabajo.cl\/portal\/wp-content\/uploads\/2020\/11\/uni-erwin-duran.jpg?resize=696%2C522&amp;ssl=1 696w\" sizes=\"auto, (max-width: 640px) 100vw, 640px\" \/><figcaption id=\"caption-attachment-104270\" class=\"wp-caption-text\">En el encuentro con Deportes Temuco (imagen) fue la \u00faltima vez Erwin Dur\u00e1n dirigi\u00f3 al Un\u00ed Un\u00ed.<\/figcaption><\/figure>\n<figure id=\"attachment_104272\" aria-describedby=\"caption-attachment-104272\" style=\"width: 700px\" class=\"wp-caption alignnone\"><img data-recalc-dims=\"1\" loading=\"lazy\" decoding=\"async\" class=\"size-full wp-image-104272\" src=\"https:\/\/i0.wp.com\/www.eltrabajo.cl\/portal\/wp-content\/uploads\/2020\/11\/uni-roco-lucero.jpg?resize=640%2C640&#038;ssl=1\" alt=\"H\u00e9ctor Roco Lucero dirigir\u00e1 al Un\u00ed Un\u00ed hasta el t\u00e9rmino de la temporada.\" width=\"640\" height=\"640\" srcset=\"https:\/\/i0.wp.com\/eltrabajo.cl\/portal\/wp-content\/uploads\/2020\/11\/uni-roco-lucero.jpg?w=700&amp;ssl=1 700w, https:\/\/i0.wp.com\/eltrabajo.cl\/portal\/wp-content\/uploads\/2020\/11\/uni-roco-lucero.jpg?resize=300%2C300&amp;ssl=1 300w, https:\/\/i0.wp.com\/eltrabajo.cl\/portal\/wp-content\/uploads\/2020\/11\/uni-roco-lucero.jpg?resize=150%2C150&amp;ssl=1 150w, https:\/\/i0.wp.com\/eltrabajo.cl\/portal\/wp-content\/uploads\/2020\/11\/uni-roco-lucero.jpg?resize=696%2C696&amp;ssl=1 696w\" sizes=\"auto, (max-width: 640px) 100vw, 640px\" \/><figcaption id=\"caption-attachment-104272\" class=\"wp-caption-text\">H\u00e9ctor Roco Lucero dirigir\u00e1 al Un\u00ed Un\u00ed hasta el t\u00e9rmino de la temporada.<\/figcaption><\/figure>\n<figure id=\"attachment_104271\" aria-describedby=\"caption-attachment-104271\" style=\"width: 699px\" class=\"wp-caption alignnone\"><img data-recalc-dims=\"1\" loading=\"lazy\" decoding=\"async\" class=\"size-full wp-image-104271\" src=\"https:\/\/i0.wp.com\/www.eltrabajo.cl\/portal\/wp-content\/uploads\/2020\/11\/uni-primer-entrenamiento.jpg?resize=640%2C427&#038;ssl=1\" alt=\"El nuevo cuerpo t\u00e9cnico en su primera charla con la totalidad del plantel de honor. \" width=\"640\" height=\"427\" srcset=\"https:\/\/i0.wp.com\/eltrabajo.cl\/portal\/wp-content\/uploads\/2020\/11\/uni-primer-entrenamiento.jpg?w=699&amp;ssl=1 699w, https:\/\/i0.wp.com\/eltrabajo.cl\/portal\/wp-content\/uploads\/2020\/11\/uni-primer-entrenamiento.jpg?resize=300%2C200&amp;ssl=1 300w, https:\/\/i0.wp.com\/eltrabajo.cl\/portal\/wp-content\/uploads\/2020\/11\/uni-primer-entrenamiento.jpg?resize=200%2C133&amp;ssl=1 200w, https:\/\/i0.wp.com\/eltrabajo.cl\/portal\/wp-content\/uploads\/2020\/11\/uni-primer-entrenamiento.jpg?resize=696%2C464&amp;ssl=1 696w\" sizes=\"auto, (max-width: 640px) 100vw, 640px\" \/><figcaption id=\"caption-attachment-104271\" class=\"wp-caption-text\">El nuevo cuerpo t\u00e9cnico en su primera charla con la totalidad del plantel de honor.<\/figcaption><\/figure>\n","protected":false},"excerpt":{"rendered":"<p>La derrota por la cuenta m\u00ednima del viernes pasado ante Deportes Temuco (ver nota aparte), trajo coletazos de marca mayor en Uni\u00f3n San Felipe. Pocas horas despu\u00e9s de consumarse el traspi\u00e9 en&#8230;<\/p>\n","protected":false},"author":482,"featured_media":0,"comment_status":"closed","ping_status":"open","sticky":false,"template":"","format":"standard","meta":{"advanced_seo_description":"","jetpack_seo_html_title":"","jetpack_seo_noindex":false,"_jetpack_memberships_contains_paid_content":false,"footnotes":""},"categories":[19],"tags":[],"class_list":["post-104269","post","type-post","status-publish","format-standard","hentry","category-deportes"],"jetpack_featured_media_url":"","jetpack_sharing_enabled":true,"jetpack_likes_enabled":true,"jetpack-related-posts":[],"_links":{"self":[{"href":"https:\/\/eltrabajo.cl\/portal\/wp-json\/wp\/v2\/posts\/104269","targetHints":{"allow":["GET"]}}],"collection":[{"href":"https:\/\/eltrabajo.cl\/portal\/wp-json\/wp\/v2\/posts"}],"about":[{"href":"https:\/\/eltrabajo.cl\/portal\/wp-json\/wp\/v2\/types\/post"}],"author":[{"embeddable":true,"href":"https:\/\/eltrabajo.cl\/portal\/wp-json\/wp\/v2\/users\/482"}],"replies":[{"embeddable":true,"href":"https:\/\/eltrabajo.cl\/portal\/wp-json\/wp\/v2\/comments?post=104269"}],"version-history":[{"count":0,"href":"https:\/\/eltrabajo.cl\/portal\/wp-json\/wp\/v2\/posts\/104269\/revisions"}],"wp:attachment":[{"href":"https:\/\/eltrabajo.cl\/portal\/wp-json\/wp\/v2\/media?parent=104269"}],"wp:term":[{"taxonomy":"category","embeddable":true,"href":"https:\/\/eltrabajo.cl\/portal\/wp-json\/wp\/v2\/categories?post=104269"},{"taxonomy":"post_tag","embeddable":true,"href":"https:\/\/eltrabajo.cl\/portal\/wp-json\/wp\/v2\/tags?post=104269"}],"curies":[{"name":"wp","href":"https:\/\/api.w.org\/{rel}","templated":true}]}}