{"id":104307,"date":"2020-11-24T07:30:34","date_gmt":"2020-11-24T10:30:34","guid":{"rendered":"https:\/\/www.eltrabajo.cl\/portal\/?p=104307"},"modified":"2020-11-23T20:59:58","modified_gmt":"2020-11-23T23:59:58","slug":"ya-es-definitivo-el-prat-no-participara-en-el-domani-2021","status":"publish","type":"post","link":"https:\/\/eltrabajo.cl\/portal\/ya-es-definitivo-el-prat-no-participara-en-el-domani-2021\/","title":{"rendered":"Ya es definitivo el Prat no participar\u00e1 en el Domani 2021"},"content":{"rendered":"<p style=\"text-align: justify;\">La rama de b\u00e1squetbol del club Arturo Prat de San Felipe, notific\u00f3 a la comisi\u00f3n organizadora del torneo Campioni Del Domani, su decisi\u00f3n de no participar en la edici\u00f3n del pr\u00f3ximo a\u00f1o del principal evento cestero juvenil del pa\u00eds.<\/p>\n<p style=\"text-align: justify;\">Los pratinos esgrimieron como argumento para no ser parte de la cita deportiva, el gran costo econ\u00f3mico que significar\u00e1 ser parte de la \u2018Burbuja Sanitaria\u2019 que obligar\u00e1 a los 12 equipos participantes a alojar durante toda una semana en la regi\u00f3n Metropolitana (comuna de Las Condes), adem\u00e1s que dentro de su plantel juvenil hay jugadores con enfermedades de base. <em>\u00abNo \u00edbamos a poner en riesgo a nuestros muchachos, adem\u00e1s si decid\u00edamos ir con menos jugadores tendr\u00edamos un plantel muy corto, y en un torneo tan desgastante como el Domani eso no se puede hacer\u00bb,<\/em> declar\u00f3 a <strong>El Trabajo Deportivo<\/strong>, el presidente de los cestos del Prat, <strong>Exequiel Carvallo<\/strong>.<\/p>\n<p style=\"text-align: justify;\">Al igual que otros clubes de renombre como lo son, por ejemplo: \u00c1rabe de Valpara\u00edso, Espa\u00f1ol de Talca y Las \u00c1nimas de Valdivia, el Prat solicit\u00f3 que se les considere para el 2022, petici\u00f3n que tiene su sustento en las buenas campa\u00f1as que han cumplido en el Domani, donde incluso el 2016 ganaron el t\u00edtulo.<\/p>\n<p style=\"text-align: justify;\">La pr\u00f3xima versi\u00f3n del Campioni Del Domani tendr\u00e1 una duraci\u00f3n de una semana, desarroll\u00e1ndose entre el 24 y 31 de enero del a\u00f1o 2021.<\/p>\n<figure id=\"attachment_104308\" aria-describedby=\"caption-attachment-104308\" style=\"width: 699px\" class=\"wp-caption alignnone\"><img data-recalc-dims=\"1\" loading=\"lazy\" decoding=\"async\" class=\"size-full wp-image-104308\" src=\"https:\/\/i0.wp.com\/www.eltrabajo.cl\/portal\/wp-content\/uploads\/2020\/11\/prat-en-domani.jpg?resize=640%2C427&#038;ssl=1\" alt=\"El Prat no ser\u00e1 parte del Campioni del Domani 2021.\" width=\"640\" height=\"427\" srcset=\"https:\/\/i0.wp.com\/eltrabajo.cl\/portal\/wp-content\/uploads\/2020\/11\/prat-en-domani.jpg?w=699&amp;ssl=1 699w, https:\/\/i0.wp.com\/eltrabajo.cl\/portal\/wp-content\/uploads\/2020\/11\/prat-en-domani.jpg?resize=300%2C200&amp;ssl=1 300w, https:\/\/i0.wp.com\/eltrabajo.cl\/portal\/wp-content\/uploads\/2020\/11\/prat-en-domani.jpg?resize=200%2C133&amp;ssl=1 200w, https:\/\/i0.wp.com\/eltrabajo.cl\/portal\/wp-content\/uploads\/2020\/11\/prat-en-domani.jpg?resize=696%2C464&amp;ssl=1 696w\" sizes=\"auto, (max-width: 640px) 100vw, 640px\" \/><figcaption id=\"caption-attachment-104308\" class=\"wp-caption-text\">El Prat no ser\u00e1 parte del Campioni del Domani 2021.<\/figcaption><\/figure>\n","protected":false},"excerpt":{"rendered":"<p>La rama de b\u00e1squetbol del club Arturo Prat de San Felipe, notific\u00f3 a la comisi\u00f3n organizadora del torneo Campioni Del Domani, su decisi\u00f3n de no participar en la edici\u00f3n del pr\u00f3ximo a\u00f1o&#8230;<\/p>\n","protected":false},"author":482,"featured_media":104308,"comment_status":"closed","ping_status":"open","sticky":false,"template":"","format":"standard","meta":{"advanced_seo_description":"","jetpack_seo_html_title":"","jetpack_seo_noindex":false,"_jetpack_memberships_contains_paid_content":false,"footnotes":""},"categories":[19],"tags":[],"class_list":["post-104307","post","type-post","status-publish","format-standard","has-post-thumbnail","hentry","category-deportes"],"jetpack_featured_media_url":"https:\/\/i0.wp.com\/eltrabajo.cl\/portal\/wp-content\/uploads\/2020\/11\/prat-en-domani.jpg?fit=699%2C466&ssl=1","jetpack_sharing_enabled":true,"jetpack_likes_enabled":true,"jetpack-related-posts":[],"_links":{"self":[{"href":"https:\/\/eltrabajo.cl\/portal\/wp-json\/wp\/v2\/posts\/104307","targetHints":{"allow":["GET"]}}],"collection":[{"href":"https:\/\/eltrabajo.cl\/portal\/wp-json\/wp\/v2\/posts"}],"about":[{"href":"https:\/\/eltrabajo.cl\/portal\/wp-json\/wp\/v2\/types\/post"}],"author":[{"embeddable":true,"href":"https:\/\/eltrabajo.cl\/portal\/wp-json\/wp\/v2\/users\/482"}],"replies":[{"embeddable":true,"href":"https:\/\/eltrabajo.cl\/portal\/wp-json\/wp\/v2\/comments?post=104307"}],"version-history":[{"count":0,"href":"https:\/\/eltrabajo.cl\/portal\/wp-json\/wp\/v2\/posts\/104307\/revisions"}],"wp:featuredmedia":[{"embeddable":true,"href":"https:\/\/eltrabajo.cl\/portal\/wp-json\/wp\/v2\/media\/104308"}],"wp:attachment":[{"href":"https:\/\/eltrabajo.cl\/portal\/wp-json\/wp\/v2\/media?parent=104307"}],"wp:term":[{"taxonomy":"category","embeddable":true,"href":"https:\/\/eltrabajo.cl\/portal\/wp-json\/wp\/v2\/categories?post=104307"},{"taxonomy":"post_tag","embeddable":true,"href":"https:\/\/eltrabajo.cl\/portal\/wp-json\/wp\/v2\/tags?post=104307"}],"curies":[{"name":"wp","href":"https:\/\/api.w.org\/{rel}","templated":true}]}}