{"id":104353,"date":"2020-11-25T07:40:01","date_gmt":"2020-11-25T10:40:01","guid":{"rendered":"https:\/\/www.eltrabajo.cl\/portal\/?p=104353"},"modified":"2020-11-24T23:30:52","modified_gmt":"2020-11-25T02:30:52","slug":"san-felipe-basquet-sera-parte-del-domani-2021","status":"publish","type":"post","link":"https:\/\/eltrabajo.cl\/portal\/san-felipe-basquet-sera-parte-del-domani-2021\/","title":{"rendered":"San Felipe B\u00e1squet ser\u00e1 parte del Domani 2021"},"content":{"rendered":"<p style=\"text-align: justify;\">Confiados en que podr\u00e1n conseguir los recursos econ\u00f3micos, y conscientes que los jugadores tendr\u00e1n una gran oportunidad en su etapa final formativa, el club <strong>San Felipe B\u00e1squet<\/strong> se aventurar\u00e1 en la pr\u00f3xima edici\u00f3n del torneo <strong>Campioni Del Domani<\/strong>.<\/p>\n<p style=\"text-align: justify;\">Fue durante las \u00faltimas horas en que la instituci\u00f3n deportiva sanfelipe\u00f1a recibi\u00f3 la confirmaci\u00f3n por parte de la comisi\u00f3n organizadora que hab\u00edan sido aceptados para jugar el Domani que el 2021 vivir\u00e1 su versi\u00f3n n\u00famero 48.<\/p>\n<p style=\"text-align: justify;\">Esta ser\u00e1 la primera experiencia de San Felipe B\u00e1squet en el principal evento cestero juvenil del pa\u00eds, situaci\u00f3n que tiene muy contentos a todos sus estamentos que desde ya se comprometieron a trabajar para poder solventar la que ser\u00e1 la empresa competitiva m\u00e1s importante de toda su historia.<\/p>\n<p style=\"text-align: justify;\">Los clubes que participar\u00e1n en el Domani del pr\u00f3ximo a\u00f1o son:<\/p>\n<p style=\"text-align: justify;\">Sportiva Italiana de Valpara\u00edso; Universidad de Chile, Ferm\u00edn Osorio, Universidad Cat\u00f3lica, Club Providencia, Sergio Ceppi, Deportivo Social y Cultural Puerto Varas, Alem\u00e1n de Concepci\u00f3n, Club Manquehue, Brisas, Stadio Italiano y San Felipe B\u00e1squet.<\/p>\n<figure id=\"attachment_104354\" aria-describedby=\"caption-attachment-104354\" style=\"width: 698px\" class=\"wp-caption alignnone\"><img data-recalc-dims=\"1\" loading=\"lazy\" decoding=\"async\" class=\"size-full wp-image-104354\" src=\"https:\/\/i0.wp.com\/www.eltrabajo.cl\/portal\/wp-content\/uploads\/2020\/11\/san-felipe-basquet.jpg?resize=640%2C457&#038;ssl=1\" alt=\"Por primera vez en su historia San Felipe B\u00e1squet competir\u00e1 en el Campioni Del Domani.\" width=\"640\" height=\"457\" srcset=\"https:\/\/i0.wp.com\/eltrabajo.cl\/portal\/wp-content\/uploads\/2020\/11\/san-felipe-basquet.jpg?w=698&amp;ssl=1 698w, https:\/\/i0.wp.com\/eltrabajo.cl\/portal\/wp-content\/uploads\/2020\/11\/san-felipe-basquet.jpg?resize=300%2C214&amp;ssl=1 300w, https:\/\/i0.wp.com\/eltrabajo.cl\/portal\/wp-content\/uploads\/2020\/11\/san-felipe-basquet.jpg?resize=200%2C143&amp;ssl=1 200w, https:\/\/i0.wp.com\/eltrabajo.cl\/portal\/wp-content\/uploads\/2020\/11\/san-felipe-basquet.jpg?resize=696%2C497&amp;ssl=1 696w\" sizes=\"auto, (max-width: 640px) 100vw, 640px\" \/><figcaption id=\"caption-attachment-104354\" class=\"wp-caption-text\">Por primera vez en su historia San Felipe B\u00e1squet competir\u00e1 en el Campioni Del Domani.<\/figcaption><\/figure>\n","protected":false},"excerpt":{"rendered":"<p>Confiados en que podr\u00e1n conseguir los recursos econ\u00f3micos, y conscientes que los jugadores tendr\u00e1n una gran oportunidad en su etapa final formativa, el club San Felipe B\u00e1squet se aventurar\u00e1 en la pr\u00f3xima&#8230;<\/p>\n","protected":false},"author":482,"featured_media":104354,"comment_status":"closed","ping_status":"open","sticky":false,"template":"","format":"standard","meta":{"advanced_seo_description":"","jetpack_seo_html_title":"","jetpack_seo_noindex":false,"_jetpack_memberships_contains_paid_content":false,"footnotes":""},"categories":[19],"tags":[],"class_list":["post-104353","post","type-post","status-publish","format-standard","has-post-thumbnail","hentry","category-deportes"],"jetpack_featured_media_url":"https:\/\/i0.wp.com\/eltrabajo.cl\/portal\/wp-content\/uploads\/2020\/11\/san-felipe-basquet.jpg?fit=698%2C498&ssl=1","jetpack_sharing_enabled":true,"jetpack_likes_enabled":true,"jetpack-related-posts":[],"_links":{"self":[{"href":"https:\/\/eltrabajo.cl\/portal\/wp-json\/wp\/v2\/posts\/104353","targetHints":{"allow":["GET"]}}],"collection":[{"href":"https:\/\/eltrabajo.cl\/portal\/wp-json\/wp\/v2\/posts"}],"about":[{"href":"https:\/\/eltrabajo.cl\/portal\/wp-json\/wp\/v2\/types\/post"}],"author":[{"embeddable":true,"href":"https:\/\/eltrabajo.cl\/portal\/wp-json\/wp\/v2\/users\/482"}],"replies":[{"embeddable":true,"href":"https:\/\/eltrabajo.cl\/portal\/wp-json\/wp\/v2\/comments?post=104353"}],"version-history":[{"count":0,"href":"https:\/\/eltrabajo.cl\/portal\/wp-json\/wp\/v2\/posts\/104353\/revisions"}],"wp:featuredmedia":[{"embeddable":true,"href":"https:\/\/eltrabajo.cl\/portal\/wp-json\/wp\/v2\/media\/104354"}],"wp:attachment":[{"href":"https:\/\/eltrabajo.cl\/portal\/wp-json\/wp\/v2\/media?parent=104353"}],"wp:term":[{"taxonomy":"category","embeddable":true,"href":"https:\/\/eltrabajo.cl\/portal\/wp-json\/wp\/v2\/categories?post=104353"},{"taxonomy":"post_tag","embeddable":true,"href":"https:\/\/eltrabajo.cl\/portal\/wp-json\/wp\/v2\/tags?post=104353"}],"curies":[{"name":"wp","href":"https:\/\/api.w.org\/{rel}","templated":true}]}}