{"id":104420,"date":"2020-11-27T07:35:34","date_gmt":"2020-11-27T10:35:34","guid":{"rendered":"https:\/\/www.eltrabajo.cl\/portal\/?p=104420"},"modified":"2020-11-26T22:20:05","modified_gmt":"2020-11-27T01:20:05","slug":"trasandino-debuta-manana-frente-a-provincial-ovalle","status":"publish","type":"post","link":"https:\/\/eltrabajo.cl\/portal\/trasandino-debuta-manana-frente-a-provincial-ovalle\/","title":{"rendered":"Trasandino debuta ma\u00f1ana frente a Provincial Ovalle"},"content":{"rendered":"<p style=\"text-align: justify;\">Luego de un receso que pareci\u00f3 eterno, a las seis de la tarde de ma\u00f1ana s\u00e1bado, <strong>Trasandino<\/strong> de Los Andes har\u00e1 su estreno en el torneo 2020 de la Tercera Divisi\u00f3n A. El conjunto andino recibir\u00e1 en el estadio Municipal de San Felipe a Provincial Ovalle, en el que ser\u00e1 un desaf\u00edo que deber\u00e1n sacarlo adelante debido a que, al ser la primera parte del campeonato en grupos, se reduce el margen de error.<\/p>\n<p style=\"text-align: justify;\">Como se sabe Trasandino es parte del grupo norte que adem\u00e1s integran Limache, Quintero Unido y el Provincial Ovalle.<\/p>\n<p style=\"text-align: justify;\">Debido a que por la pandemia del Covid\u201319 los partidos ser\u00e1n sin p\u00fablico, los adeptos al \u2018C\u00f3ndor\u2019 tendr\u00e1n la posibilidad de ver el encuentro v\u00eda streaming, y para hacerlo deben adquirir su tiket en movilticket.cl.<\/p>\n<figure id=\"attachment_104421\" aria-describedby=\"caption-attachment-104421\" style=\"width: 699px\" class=\"wp-caption alignnone\"><img data-recalc-dims=\"1\" loading=\"lazy\" decoding=\"async\" class=\"size-full wp-image-104421\" src=\"https:\/\/i0.wp.com\/www.eltrabajo.cl\/portal\/wp-content\/uploads\/2020\/11\/entrenamiento-trasandino.jpg?resize=640%2C633&#038;ssl=1\" alt=\"El equipo andino en uno de los entrenamientos en el estadio Municipal de San Felipe donde deber\u00e1 hacer de local.\" width=\"640\" height=\"633\" srcset=\"https:\/\/i0.wp.com\/eltrabajo.cl\/portal\/wp-content\/uploads\/2020\/11\/entrenamiento-trasandino.jpg?w=699&amp;ssl=1 699w, https:\/\/i0.wp.com\/eltrabajo.cl\/portal\/wp-content\/uploads\/2020\/11\/entrenamiento-trasandino.jpg?resize=300%2C297&amp;ssl=1 300w, https:\/\/i0.wp.com\/eltrabajo.cl\/portal\/wp-content\/uploads\/2020\/11\/entrenamiento-trasandino.jpg?resize=152%2C150&amp;ssl=1 152w, https:\/\/i0.wp.com\/eltrabajo.cl\/portal\/wp-content\/uploads\/2020\/11\/entrenamiento-trasandino.jpg?resize=696%2C688&amp;ssl=1 696w\" sizes=\"auto, (max-width: 640px) 100vw, 640px\" \/><figcaption id=\"caption-attachment-104421\" class=\"wp-caption-text\">El equipo andino en uno de los entrenamientos en el estadio Municipal de San Felipe donde deber\u00e1 hacer de local.<\/figcaption><\/figure>\n","protected":false},"excerpt":{"rendered":"<p>Luego de un receso que pareci\u00f3 eterno, a las seis de la tarde de ma\u00f1ana s\u00e1bado, Trasandino de Los Andes har\u00e1 su estreno en el torneo 2020 de la Tercera Divisi\u00f3n A&#8230;.<\/p>\n","protected":false},"author":482,"featured_media":104421,"comment_status":"closed","ping_status":"open","sticky":false,"template":"","format":"standard","meta":{"advanced_seo_description":"","jetpack_seo_html_title":"","jetpack_seo_noindex":false,"_jetpack_memberships_contains_paid_content":false,"footnotes":""},"categories":[19],"tags":[],"class_list":["post-104420","post","type-post","status-publish","format-standard","has-post-thumbnail","hentry","category-deportes"],"jetpack_featured_media_url":"https:\/\/i0.wp.com\/eltrabajo.cl\/portal\/wp-content\/uploads\/2020\/11\/entrenamiento-trasandino.jpg?fit=699%2C691&ssl=1","jetpack_sharing_enabled":true,"jetpack_likes_enabled":true,"jetpack-related-posts":[],"_links":{"self":[{"href":"https:\/\/eltrabajo.cl\/portal\/wp-json\/wp\/v2\/posts\/104420","targetHints":{"allow":["GET"]}}],"collection":[{"href":"https:\/\/eltrabajo.cl\/portal\/wp-json\/wp\/v2\/posts"}],"about":[{"href":"https:\/\/eltrabajo.cl\/portal\/wp-json\/wp\/v2\/types\/post"}],"author":[{"embeddable":true,"href":"https:\/\/eltrabajo.cl\/portal\/wp-json\/wp\/v2\/users\/482"}],"replies":[{"embeddable":true,"href":"https:\/\/eltrabajo.cl\/portal\/wp-json\/wp\/v2\/comments?post=104420"}],"version-history":[{"count":0,"href":"https:\/\/eltrabajo.cl\/portal\/wp-json\/wp\/v2\/posts\/104420\/revisions"}],"wp:featuredmedia":[{"embeddable":true,"href":"https:\/\/eltrabajo.cl\/portal\/wp-json\/wp\/v2\/media\/104421"}],"wp:attachment":[{"href":"https:\/\/eltrabajo.cl\/portal\/wp-json\/wp\/v2\/media?parent=104420"}],"wp:term":[{"taxonomy":"category","embeddable":true,"href":"https:\/\/eltrabajo.cl\/portal\/wp-json\/wp\/v2\/categories?post=104420"},{"taxonomy":"post_tag","embeddable":true,"href":"https:\/\/eltrabajo.cl\/portal\/wp-json\/wp\/v2\/tags?post=104420"}],"curies":[{"name":"wp","href":"https:\/\/api.w.org\/{rel}","templated":true}]}}