{"id":104423,"date":"2020-11-27T07:40:45","date_gmt":"2020-11-27T10:40:45","guid":{"rendered":"https:\/\/www.eltrabajo.cl\/portal\/?p=104423"},"modified":"2020-11-26T22:22:38","modified_gmt":"2020-11-27T01:22:38","slug":"el-alberto-pentzke-cumplio-95-anos-de-existencia","status":"publish","type":"post","link":"https:\/\/eltrabajo.cl\/portal\/el-alberto-pentzke-cumplio-95-anos-de-existencia\/","title":{"rendered":"El Alberto Pentzke cumpli\u00f3 95 a\u00f1os de existencia"},"content":{"rendered":"<p style=\"text-align: justify;\">El mi\u00e9rcoles 25 de noviembre reci\u00e9n pasado fue una jornada especial. Ese d\u00eda el club sanfelipe\u00f1o <strong>Alberto Pentzke<\/strong> celebr\u00f3 sus 95 a\u00f1os de existencia, algo no menor porque el club del \u2018barrio matadero\u2019 es el m\u00e1s antiguo y de mayor tradici\u00f3n de San Felipe.<\/p>\n<p style=\"text-align: justify;\">La festividad tuvo amplia repercusi\u00f3n en las redes sociales, donde fueron muchos los saludos que recibi\u00f3 la instituci\u00f3n que hoy lucha por reverdecer laureles y devolverla a lo m\u00e1s alto del deporte sanfelipe\u00f1o.<\/p>\n<p style=\"text-align: justify;\">No es aventurado decir que el Pentzke es el club m\u00e1s conocido y reconocido en la ciudad, ya que si bien es cierto hay otras instituciones que son m\u00e1s fuertes en lo deportivo e institucional, el Alberto Pentzke es una verdadera marca registrada que todos conocen y respetan.<\/p>\n<p style=\"text-align: justify;\">Los actuales encargados de conducir al club son:<\/p>\n<p style=\"text-align: justify;\">Presidente: Francisco Bucarey Arag\u00f3n<\/p>\n<p style=\"text-align: justify;\">Secretario: Jonathan Aguilera Rocha<\/p>\n<p style=\"text-align: justify;\">Tesorero: Leopoldo Toledo Celed\u00f3n<\/p>\n<p style=\"text-align: justify;\">Directores: Ren\u00e9 Silva y Leonardo Silva<\/p>\n<figure id=\"attachment_104424\" aria-describedby=\"caption-attachment-104424\" style=\"width: 699px\" class=\"wp-caption alignnone\"><img data-recalc-dims=\"1\" loading=\"lazy\" decoding=\"async\" class=\"size-full wp-image-104424\" src=\"https:\/\/i0.wp.com\/www.eltrabajo.cl\/portal\/wp-content\/uploads\/2020\/11\/pentzke-honor.jpg?resize=640%2C297&#038;ssl=1\" alt=\"El Pentzke es el club m\u00e1s antiguo de San Felipe. En la imagen su actual serie de Honor.\" width=\"640\" height=\"297\" srcset=\"https:\/\/i0.wp.com\/eltrabajo.cl\/portal\/wp-content\/uploads\/2020\/11\/pentzke-honor.jpg?w=699&amp;ssl=1 699w, https:\/\/i0.wp.com\/eltrabajo.cl\/portal\/wp-content\/uploads\/2020\/11\/pentzke-honor.jpg?resize=300%2C139&amp;ssl=1 300w, https:\/\/i0.wp.com\/eltrabajo.cl\/portal\/wp-content\/uploads\/2020\/11\/pentzke-honor.jpg?resize=200%2C93&amp;ssl=1 200w, https:\/\/i0.wp.com\/eltrabajo.cl\/portal\/wp-content\/uploads\/2020\/11\/pentzke-honor.jpg?resize=696%2C323&amp;ssl=1 696w\" sizes=\"auto, (max-width: 640px) 100vw, 640px\" \/><figcaption id=\"caption-attachment-104424\" class=\"wp-caption-text\">El Pentzke es el club m\u00e1s antiguo de San Felipe. En la imagen su actual serie de Honor.<\/figcaption><\/figure>\n<figure id=\"attachment_104425\" aria-describedby=\"caption-attachment-104425\" style=\"width: 698px\" class=\"wp-caption alignnone\"><img data-recalc-dims=\"1\" loading=\"lazy\" decoding=\"async\" class=\"size-full wp-image-104425\" src=\"https:\/\/i0.wp.com\/www.eltrabajo.cl\/portal\/wp-content\/uploads\/2020\/11\/pentzke-senior.jpg?resize=640%2C319&#038;ssl=1\" alt=\"La serie S\u00e9nior le dio una gran alegr\u00eda al club del \u2018barrio matadero\u2019 al coronarse campeona del torneo de San Felipe.\" width=\"640\" height=\"319\" srcset=\"https:\/\/i0.wp.com\/eltrabajo.cl\/portal\/wp-content\/uploads\/2020\/11\/pentzke-senior.jpg?w=698&amp;ssl=1 698w, https:\/\/i0.wp.com\/eltrabajo.cl\/portal\/wp-content\/uploads\/2020\/11\/pentzke-senior.jpg?resize=300%2C150&amp;ssl=1 300w, https:\/\/i0.wp.com\/eltrabajo.cl\/portal\/wp-content\/uploads\/2020\/11\/pentzke-senior.jpg?resize=200%2C100&amp;ssl=1 200w, https:\/\/i0.wp.com\/eltrabajo.cl\/portal\/wp-content\/uploads\/2020\/11\/pentzke-senior.jpg?resize=696%2C347&amp;ssl=1 696w\" sizes=\"auto, (max-width: 640px) 100vw, 640px\" \/><figcaption id=\"caption-attachment-104425\" class=\"wp-caption-text\">La serie S\u00e9nior le dio una gran alegr\u00eda al club del \u2018barrio matadero\u2019 al coronarse campeona del torneo de San Felipe.<\/figcaption><\/figure>\n","protected":false},"excerpt":{"rendered":"<p>El mi\u00e9rcoles 25 de noviembre reci\u00e9n pasado fue una jornada especial. Ese d\u00eda el club sanfelipe\u00f1o Alberto Pentzke celebr\u00f3 sus 95 a\u00f1os de existencia, algo no menor porque el club del \u2018barrio&#8230;<\/p>\n","protected":false},"author":482,"featured_media":104424,"comment_status":"closed","ping_status":"open","sticky":false,"template":"","format":"standard","meta":{"advanced_seo_description":"","jetpack_seo_html_title":"","jetpack_seo_noindex":false,"_jetpack_memberships_contains_paid_content":false,"footnotes":""},"categories":[19],"tags":[],"class_list":["post-104423","post","type-post","status-publish","format-standard","has-post-thumbnail","hentry","category-deportes"],"jetpack_featured_media_url":"https:\/\/i0.wp.com\/eltrabajo.cl\/portal\/wp-content\/uploads\/2020\/11\/pentzke-honor.jpg?fit=699%2C324&ssl=1","jetpack_sharing_enabled":true,"jetpack_likes_enabled":true,"jetpack-related-posts":[],"_links":{"self":[{"href":"https:\/\/eltrabajo.cl\/portal\/wp-json\/wp\/v2\/posts\/104423","targetHints":{"allow":["GET"]}}],"collection":[{"href":"https:\/\/eltrabajo.cl\/portal\/wp-json\/wp\/v2\/posts"}],"about":[{"href":"https:\/\/eltrabajo.cl\/portal\/wp-json\/wp\/v2\/types\/post"}],"author":[{"embeddable":true,"href":"https:\/\/eltrabajo.cl\/portal\/wp-json\/wp\/v2\/users\/482"}],"replies":[{"embeddable":true,"href":"https:\/\/eltrabajo.cl\/portal\/wp-json\/wp\/v2\/comments?post=104423"}],"version-history":[{"count":0,"href":"https:\/\/eltrabajo.cl\/portal\/wp-json\/wp\/v2\/posts\/104423\/revisions"}],"wp:featuredmedia":[{"embeddable":true,"href":"https:\/\/eltrabajo.cl\/portal\/wp-json\/wp\/v2\/media\/104424"}],"wp:attachment":[{"href":"https:\/\/eltrabajo.cl\/portal\/wp-json\/wp\/v2\/media?parent=104423"}],"wp:term":[{"taxonomy":"category","embeddable":true,"href":"https:\/\/eltrabajo.cl\/portal\/wp-json\/wp\/v2\/categories?post=104423"},{"taxonomy":"post_tag","embeddable":true,"href":"https:\/\/eltrabajo.cl\/portal\/wp-json\/wp\/v2\/tags?post=104423"}],"curies":[{"name":"wp","href":"https:\/\/api.w.org\/{rel}","templated":true}]}}