{"id":104438,"date":"2020-11-27T08:00:59","date_gmt":"2020-11-27T11:00:59","guid":{"rendered":"https:\/\/www.eltrabajo.cl\/portal\/?p=104438"},"modified":"2020-11-26T22:39:53","modified_gmt":"2020-11-27T01:39:53","slug":"en-operacion-4-villas-pdi-detiene-a-13-personas-incauta-drogas-y-armas","status":"publish","type":"post","link":"https:\/\/eltrabajo.cl\/portal\/en-operacion-4-villas-pdi-detiene-a-13-personas-incauta-drogas-y-armas\/","title":{"rendered":"En \u2018Operaci\u00f3n 4 Villas\u2019 PDI detiene a 13 personas, incauta drogas y armas"},"content":{"rendered":"<p style=\"text-align: left;\"><span style=\"color: #ff0000;\"><strong>Cobertura Exclusiva de Diario El Trabajo en Villa 250 A\u00f1os:<\/strong><\/span><\/p>\n<p style=\"text-align: justify;\">Mediante un espectacular despliegue policial por aire y tierra dirigido a desmantelar varios puntos activos del Microtr\u00e1fico en Villa 250 A\u00f1os, y con la participaci\u00f3n de al menos unos 80 agentes de la PDI fuertemente armados, la ma\u00f1ana de este jueves con gran Fuerza y Vigor fue ejecutada la \u2018<strong><em>Operaci\u00f3n 4 Villas<\/em><\/strong>\u2019, donde fueron tumbadas las puertas de trece casas de habitaci\u00f3n ligadas a la venta de drogas y otras actividades il\u00edcitas.<\/p>\n<p style=\"text-align: justify;\">Como resultado de lo anterior trece personas resultaron detenidas, m\u00e1s la incautaci\u00f3n de droga y armamento de fuego en este procedimiento policial.<\/p>\n<p style=\"text-align: justify;\">\n<p style=\"text-align: justify;\"><span style=\"color: #ff0000;\"><strong>FUEGO CRUZADO<\/strong><\/span><\/p>\n<p style=\"text-align: justify;\">De manera Exclusiva las c\u00e1maras de <strong>Diario El Trabajo<\/strong> dieron cobertura al accionar policial durante las detenciones y posterior enfrentamiento entre las fuerzas del orden y una minor\u00eda de vecinos, quienes hicieron llover piedras al contingente policial, afectando tambi\u00e9n la labor period\u00edstica de nuestro reportero <strong>Roberto Gonz\u00e1lez Short<\/strong>, quien qued\u00f3 atrapado en el fuego cruzado de los agentes judiciales y la turba enardecida.<\/p>\n<p style=\"text-align: justify;\">Luego que los detenidos fueron sacados de la poblaci\u00f3n y los efectivos realizaban otras pesquisas, las piedras y disparos de escopeta y gas lacrim\u00f3geno no se hicieron esperar, los agentes debieron correr, subir a sus autos y escapar del lugar, mientras que en el proceso brindaron protecci\u00f3n a nuestro reportero, quien logr\u00f3 gracias al resguardo policial salir con su conocida motocicleta entre los veh\u00edculos policiales.<\/p>\n<p style=\"text-align: justify;\">\n<p style=\"text-align: justify;\"><span style=\"color: #ff0000;\"><strong>REPORTE OFICIAL<\/strong><\/span><\/p>\n<p style=\"text-align: justify;\"><strong>Diario El Trabajo<\/strong> habl\u00f3 en Exclusiva con el subprefecto de la Bicrim San Felipe, <strong>Marco Le\u00f3n Aravena<\/strong>, quien nos explic\u00f3 que <em>\u00abante reiterados hechos de violencia incluso un homicidio que ocurri\u00f3 en la se\u00f1alada poblaci\u00f3n, adem\u00e1s de tener conocimiento de otras denuncias sobre tr\u00e1fico de drogas en la misma, se denunci\u00f3 al Ministerio P\u00fablico y el Ministerio P\u00fablico eman\u00f3 la orden de investigar ya hace varios meses atr\u00e1s. A trav\u00e9s de esa investigaci\u00f3n se designaron varios funcionarios, los que trabajaron en forma muy profesional durante varios meses, recabando antecedentes de d\u00f3nde estaban los blancos y puntos de venta de droga, y despu\u00e9s de esa acabada investigaci\u00f3n policial se le inform\u00f3 al fiscal y se logr\u00f3 una orden de entrada y registro del Juzgado de Garant\u00eda de San <\/em>Felipe (\u2026) <em>fueron detenidas estas trece personas dando cumplimiento a una orden judicial, junto con aquello se incaut\u00f3 droga tanto vegetal como en polvo, entendi\u00e9ndose que es marihuana y coca\u00edna, adem\u00e1s de dinero en efectivo y armas<\/em>\u00bb, dijo Le\u00f3n a nuestro medio.<\/p>\n<p style=\"text-align: justify;\">Destacar que los trece detenidos permanecen desde ayer en las celdas judiciales de la PDI San Felipe, y hoy viernes ser\u00e1n presentadas ante la Fiscal\u00eda para ser formalizados en su correspondiente participaci\u00f3n de los hechos que se les imputa.<\/p>\n<p style=\"text-align: justify;\">\n<p style=\"text-align: justify;\"><span style=\"color: #ff0000;\"><strong>AGRADECIMIENTO<\/strong><\/span><\/p>\n<p style=\"text-align: justify;\"><strong>Diario El Trabajo<\/strong> agradece a la Bicrim San Felipe por el resguardo brindado a nuestro reportero gr\u00e1fico durante la cobertura que \u00e9l desarroll\u00f3 en dicho escenario, protegiendo su integridad f\u00edsica y posibilitando de manera segura su salida del lugar, repeliendo a su vez los ataques de unos pocos.<\/p>\n<p style=\"text-align: justify;\"><strong>Fotos Roberto Gonz\u00e1lez Short<\/strong><\/p>\n<figure id=\"attachment_104439\" aria-describedby=\"caption-attachment-104439\" style=\"width: 699px\" class=\"wp-caption alignnone\"><img data-recalc-dims=\"1\" loading=\"lazy\" decoding=\"async\" class=\"size-full wp-image-104439\" src=\"https:\/\/i0.wp.com\/www.eltrabajo.cl\/portal\/wp-content\/uploads\/2020\/11\/Operacion1.jpg?resize=640%2C402&#038;ssl=1\" alt=\"VIOLENTA SALIDA.- En un momento determinado los efectivos de la PDI debieron retirarse del lugar, pues su labor de captura estaba realizada y algunos vecinos lanzaban piedras a los agentes.\" width=\"640\" height=\"402\" srcset=\"https:\/\/i0.wp.com\/eltrabajo.cl\/portal\/wp-content\/uploads\/2020\/11\/Operacion1.jpg?w=699&amp;ssl=1 699w, https:\/\/i0.wp.com\/eltrabajo.cl\/portal\/wp-content\/uploads\/2020\/11\/Operacion1.jpg?resize=300%2C188&amp;ssl=1 300w, https:\/\/i0.wp.com\/eltrabajo.cl\/portal\/wp-content\/uploads\/2020\/11\/Operacion1.jpg?resize=200%2C126&amp;ssl=1 200w, https:\/\/i0.wp.com\/eltrabajo.cl\/portal\/wp-content\/uploads\/2020\/11\/Operacion1.jpg?resize=696%2C437&amp;ssl=1 696w\" sizes=\"auto, (max-width: 640px) 100vw, 640px\" \/><figcaption id=\"caption-attachment-104439\" class=\"wp-caption-text\">VIOLENTA SALIDA.- En un momento determinado los efectivos de la PDI debieron retirarse del lugar, pues su labor de captura estaba realizada y algunos vecinos lanzaban piedras a los agentes.<\/figcaption><\/figure>\n<figure id=\"attachment_104440\" aria-describedby=\"caption-attachment-104440\" style=\"width: 698px\" class=\"wp-caption alignnone\"><img data-recalc-dims=\"1\" loading=\"lazy\" decoding=\"async\" class=\"size-full wp-image-104440\" src=\"https:\/\/i0.wp.com\/www.eltrabajo.cl\/portal\/wp-content\/uploads\/2020\/11\/Operacion2.jpg?resize=640%2C360&#038;ssl=1\" alt=\"MISI\u00d3N CUMPLIDA.- Las c\u00e1maras de Diario El Trabajo registran la prisa de los agentes por retirarse del lugar y ponerse a salvo.\" width=\"640\" height=\"360\" srcset=\"https:\/\/i0.wp.com\/eltrabajo.cl\/portal\/wp-content\/uploads\/2020\/11\/Operacion2.jpg?w=698&amp;ssl=1 698w, https:\/\/i0.wp.com\/eltrabajo.cl\/portal\/wp-content\/uploads\/2020\/11\/Operacion2.jpg?resize=300%2C169&amp;ssl=1 300w, https:\/\/i0.wp.com\/eltrabajo.cl\/portal\/wp-content\/uploads\/2020\/11\/Operacion2.jpg?resize=200%2C113&amp;ssl=1 200w, https:\/\/i0.wp.com\/eltrabajo.cl\/portal\/wp-content\/uploads\/2020\/11\/Operacion2.jpg?resize=696%2C392&amp;ssl=1 696w\" sizes=\"auto, (max-width: 640px) 100vw, 640px\" \/><figcaption id=\"caption-attachment-104440\" class=\"wp-caption-text\">MISI\u00d3N CUMPLIDA.- Las c\u00e1maras de Diario El Trabajo registran la prisa de los agentes por retirarse del lugar y ponerse a salvo.<\/figcaption><\/figure>\n<figure id=\"attachment_104441\" aria-describedby=\"caption-attachment-104441\" style=\"width: 698px\" class=\"wp-caption alignnone\"><img data-recalc-dims=\"1\" loading=\"lazy\" decoding=\"async\" class=\"size-full wp-image-104441\" src=\"https:\/\/i0.wp.com\/www.eltrabajo.cl\/portal\/wp-content\/uploads\/2020\/11\/Operacion3.jpg?resize=640%2C360&#038;ssl=1\" alt=\"FUEGO CRUZADO.- Aqu\u00ed los agentes de la Bicrim est\u00e1n respondiendo a escopetazos los ataques en su contra.\" width=\"640\" height=\"360\" srcset=\"https:\/\/i0.wp.com\/eltrabajo.cl\/portal\/wp-content\/uploads\/2020\/11\/Operacion3.jpg?w=698&amp;ssl=1 698w, https:\/\/i0.wp.com\/eltrabajo.cl\/portal\/wp-content\/uploads\/2020\/11\/Operacion3.jpg?resize=300%2C169&amp;ssl=1 300w, https:\/\/i0.wp.com\/eltrabajo.cl\/portal\/wp-content\/uploads\/2020\/11\/Operacion3.jpg?resize=200%2C113&amp;ssl=1 200w, https:\/\/i0.wp.com\/eltrabajo.cl\/portal\/wp-content\/uploads\/2020\/11\/Operacion3.jpg?resize=696%2C392&amp;ssl=1 696w\" sizes=\"auto, (max-width: 640px) 100vw, 640px\" \/><figcaption id=\"caption-attachment-104441\" class=\"wp-caption-text\">FUEGO CRUZADO.- Aqu\u00ed los agentes de la Bicrim est\u00e1n respondiendo a escopetazos los ataques en su contra.<\/figcaption><\/figure>\n<figure id=\"attachment_104442\" aria-describedby=\"caption-attachment-104442\" style=\"width: 699px\" class=\"wp-caption alignnone\"><img data-recalc-dims=\"1\" loading=\"lazy\" decoding=\"async\" class=\"size-full wp-image-104442\" src=\"https:\/\/i0.wp.com\/www.eltrabajo.cl\/portal\/wp-content\/uploads\/2020\/11\/Operacion4.jpg?resize=640%2C397&#038;ssl=1\" alt=\"EL LARGO BRAZO DE LA LEY.- Fue un trabajo planeado desde hace meses, al final del d\u00eda trece personas resultaron detenidas y mucha droga y armas fueron sacadas de las calles.\" width=\"640\" height=\"397\" srcset=\"https:\/\/i0.wp.com\/eltrabajo.cl\/portal\/wp-content\/uploads\/2020\/11\/Operacion4.jpg?w=699&amp;ssl=1 699w, https:\/\/i0.wp.com\/eltrabajo.cl\/portal\/wp-content\/uploads\/2020\/11\/Operacion4.jpg?resize=300%2C186&amp;ssl=1 300w, https:\/\/i0.wp.com\/eltrabajo.cl\/portal\/wp-content\/uploads\/2020\/11\/Operacion4.jpg?resize=200%2C124&amp;ssl=1 200w, https:\/\/i0.wp.com\/eltrabajo.cl\/portal\/wp-content\/uploads\/2020\/11\/Operacion4.jpg?resize=696%2C432&amp;ssl=1 696w\" sizes=\"auto, (max-width: 640px) 100vw, 640px\" \/><figcaption id=\"caption-attachment-104442\" class=\"wp-caption-text\">EL LARGO BRAZO DE LA LEY.- Fue un trabajo planeado desde hace meses, al final del d\u00eda trece personas resultaron detenidas y mucha droga y armas fueron sacadas de las calles.<\/figcaption><\/figure>\n<figure id=\"attachment_104443\" aria-describedby=\"caption-attachment-104443\" style=\"width: 698px\" class=\"wp-caption alignnone\"><img data-recalc-dims=\"1\" loading=\"lazy\" decoding=\"async\" class=\"size-full wp-image-104443\" src=\"https:\/\/i0.wp.com\/www.eltrabajo.cl\/portal\/wp-content\/uploads\/2020\/11\/Operacion5.jpg?resize=640%2C372&#038;ssl=1\" alt=\"\u2018OPERACI\u00d3N 4 VILLAS\u2019.- Un helic\u00f3ptero de la PDI Santiago tambi\u00e9n gui\u00f3 desde las alturas el lugar, para evitar fugas de los sospechosos.\" width=\"640\" height=\"372\" srcset=\"https:\/\/i0.wp.com\/eltrabajo.cl\/portal\/wp-content\/uploads\/2020\/11\/Operacion5.jpg?w=698&amp;ssl=1 698w, https:\/\/i0.wp.com\/eltrabajo.cl\/portal\/wp-content\/uploads\/2020\/11\/Operacion5.jpg?resize=300%2C174&amp;ssl=1 300w, https:\/\/i0.wp.com\/eltrabajo.cl\/portal\/wp-content\/uploads\/2020\/11\/Operacion5.jpg?resize=200%2C116&amp;ssl=1 200w, https:\/\/i0.wp.com\/eltrabajo.cl\/portal\/wp-content\/uploads\/2020\/11\/Operacion5.jpg?resize=696%2C405&amp;ssl=1 696w\" sizes=\"auto, (max-width: 640px) 100vw, 640px\" \/><figcaption id=\"caption-attachment-104443\" class=\"wp-caption-text\">\u2018OPERACI\u00d3N 4 VILLAS\u2019.- Un helic\u00f3ptero de la PDI Santiago tambi\u00e9n gui\u00f3 desde las alturas el lugar, para evitar fugas de los sospechosos.<\/figcaption><\/figure>\n<figure id=\"attachment_104444\" aria-describedby=\"caption-attachment-104444\" style=\"width: 698px\" class=\"wp-caption alignnone\"><img data-recalc-dims=\"1\" loading=\"lazy\" decoding=\"async\" class=\"size-full wp-image-104444\" src=\"https:\/\/i0.wp.com\/www.eltrabajo.cl\/portal\/wp-content\/uploads\/2020\/11\/Operacion6.jpg?resize=640%2C413&#038;ssl=1\" alt=\"EL LARGO BRAZO DE LA LEY.- Fue un trabajo planeado desde hace meses, al final del d\u00eda trece personas resultaron detenidas y mucha droga y armas fueron sacadas de las calles.\" width=\"640\" height=\"413\" srcset=\"https:\/\/i0.wp.com\/eltrabajo.cl\/portal\/wp-content\/uploads\/2020\/11\/Operacion6.jpg?w=698&amp;ssl=1 698w, https:\/\/i0.wp.com\/eltrabajo.cl\/portal\/wp-content\/uploads\/2020\/11\/Operacion6.jpg?resize=300%2C193&amp;ssl=1 300w, https:\/\/i0.wp.com\/eltrabajo.cl\/portal\/wp-content\/uploads\/2020\/11\/Operacion6.jpg?resize=200%2C129&amp;ssl=1 200w, https:\/\/i0.wp.com\/eltrabajo.cl\/portal\/wp-content\/uploads\/2020\/11\/Operacion6.jpg?resize=696%2C449&amp;ssl=1 696w\" sizes=\"auto, (max-width: 640px) 100vw, 640px\" \/><figcaption id=\"caption-attachment-104444\" class=\"wp-caption-text\">EL LARGO BRAZO DE LA LEY.- Fue un trabajo planeado desde hace meses, al final del d\u00eda trece personas resultaron detenidas y mucha droga y armas fueron sacadas de las calles.<\/figcaption><\/figure>\n<figure id=\"attachment_104445\" aria-describedby=\"caption-attachment-104445\" style=\"width: 699px\" class=\"wp-caption alignnone\"><img data-recalc-dims=\"1\" loading=\"lazy\" decoding=\"async\" class=\"size-full wp-image-104445\" src=\"https:\/\/i0.wp.com\/www.eltrabajo.cl\/portal\/wp-content\/uploads\/2020\/11\/Operativo_Subprefecto-Leon.jpg?resize=640%2C599&#038;ssl=1\" alt=\"Subprefecto de la Bicrim San Felipe, Marco Le\u00f3n Aravena.\" width=\"640\" height=\"599\" srcset=\"https:\/\/i0.wp.com\/eltrabajo.cl\/portal\/wp-content\/uploads\/2020\/11\/Operativo_Subprefecto-Leon.jpg?w=699&amp;ssl=1 699w, https:\/\/i0.wp.com\/eltrabajo.cl\/portal\/wp-content\/uploads\/2020\/11\/Operativo_Subprefecto-Leon.jpg?resize=300%2C281&amp;ssl=1 300w, https:\/\/i0.wp.com\/eltrabajo.cl\/portal\/wp-content\/uploads\/2020\/11\/Operativo_Subprefecto-Leon.jpg?resize=160%2C150&amp;ssl=1 160w, https:\/\/i0.wp.com\/eltrabajo.cl\/portal\/wp-content\/uploads\/2020\/11\/Operativo_Subprefecto-Leon.jpg?resize=696%2C651&amp;ssl=1 696w\" sizes=\"auto, (max-width: 640px) 100vw, 640px\" \/><figcaption id=\"caption-attachment-104445\" class=\"wp-caption-text\">Subprefecto de la Bicrim San Felipe, Marco Le\u00f3n Aravena.<\/figcaption><\/figure>\n","protected":false},"excerpt":{"rendered":"<p>Cobertura Exclusiva de Diario El Trabajo en Villa 250 A\u00f1os: Mediante un espectacular despliegue policial por aire y tierra dirigido a desmantelar varios puntos activos del Microtr\u00e1fico en Villa 250 A\u00f1os, y&#8230;<\/p>\n","protected":false},"author":482,"featured_media":104444,"comment_status":"closed","ping_status":"open","sticky":false,"template":"","format":"standard","meta":{"advanced_seo_description":"","jetpack_seo_html_title":"","jetpack_seo_noindex":false,"_jetpack_memberships_contains_paid_content":false,"footnotes":""},"categories":[21],"tags":[],"class_list":["post-104438","post","type-post","status-publish","format-standard","has-post-thumbnail","hentry","category-policial"],"jetpack_featured_media_url":"https:\/\/i0.wp.com\/eltrabajo.cl\/portal\/wp-content\/uploads\/2020\/11\/Operacion6.jpg?fit=698%2C450&ssl=1","jetpack_sharing_enabled":true,"jetpack_likes_enabled":true,"jetpack-related-posts":[],"_links":{"self":[{"href":"https:\/\/eltrabajo.cl\/portal\/wp-json\/wp\/v2\/posts\/104438","targetHints":{"allow":["GET"]}}],"collection":[{"href":"https:\/\/eltrabajo.cl\/portal\/wp-json\/wp\/v2\/posts"}],"about":[{"href":"https:\/\/eltrabajo.cl\/portal\/wp-json\/wp\/v2\/types\/post"}],"author":[{"embeddable":true,"href":"https:\/\/eltrabajo.cl\/portal\/wp-json\/wp\/v2\/users\/482"}],"replies":[{"embeddable":true,"href":"https:\/\/eltrabajo.cl\/portal\/wp-json\/wp\/v2\/comments?post=104438"}],"version-history":[{"count":0,"href":"https:\/\/eltrabajo.cl\/portal\/wp-json\/wp\/v2\/posts\/104438\/revisions"}],"wp:featuredmedia":[{"embeddable":true,"href":"https:\/\/eltrabajo.cl\/portal\/wp-json\/wp\/v2\/media\/104444"}],"wp:attachment":[{"href":"https:\/\/eltrabajo.cl\/portal\/wp-json\/wp\/v2\/media?parent=104438"}],"wp:term":[{"taxonomy":"category","embeddable":true,"href":"https:\/\/eltrabajo.cl\/portal\/wp-json\/wp\/v2\/categories?post=104438"},{"taxonomy":"post_tag","embeddable":true,"href":"https:\/\/eltrabajo.cl\/portal\/wp-json\/wp\/v2\/tags?post=104438"}],"curies":[{"name":"wp","href":"https:\/\/api.w.org\/{rel}","templated":true}]}}