{"id":104458,"date":"2020-11-30T07:40:36","date_gmt":"2020-11-30T10:40:36","guid":{"rendered":"https:\/\/www.eltrabajo.cl\/portal\/?p=104458"},"modified":"2020-11-29T21:00:07","modified_gmt":"2020-11-30T00:00:07","slug":"trasandino-inicia-con-el-pie-izquierdo-la-actual-temporada","status":"publish","type":"post","link":"https:\/\/eltrabajo.cl\/portal\/trasandino-inicia-con-el-pie-izquierdo-la-actual-temporada\/","title":{"rendered":"Trasandino inicia con el pie izquierdo la actual temporada"},"content":{"rendered":"<p style=\"text-align: left;\"><span style=\"color: #ff0000;\"><strong>Cayeron por 2 a 1 frente a Provincial Ovalle:<\/strong><\/span><\/p>\n<p style=\"text-align: justify;\">Lejos. Muy lejos de las expectativas que se hab\u00edan creado en torno a este encuentro, Trasandino fue derrotado en su debut en el Torneo 2020 de la Tercera Divisi\u00f3n A. En el juego disputado el s\u00e1bado pasado en el Estadio Municipal de San Felipe, el conjunto andino termin\u00f3 inclin\u00e1ndose por dos goles a uno ante Provincial Ovalle.<\/p>\n<p style=\"text-align: justify;\">Ya en el primer tiempo qued\u00f3 claro que la tarde ser\u00eda ingrata para los dirigidos de <strong>Miguel S\u00e1nchez<\/strong>, porque a los 37\u2019 <strong>Xabier Santos<\/strong> anot\u00f3 por primera vez para los forasteros, que en el 73\u2019 cerraron el pleito gracias a una anotaci\u00f3n de <strong>Michel Rojas<\/strong>.<\/p>\n<p style=\"text-align: justify;\">Trasandino intent\u00f3 levantarse de esos dos cachetazos y pese a que evidenci\u00f3 un alza, esta no le alcanz\u00f3 nada m\u00e1s para llegar a un descuento que fue mediante una anotaci\u00f3n del goleador <strong>Jos\u00e9 Tom\u00e1s Arancibia<\/strong>, cuando restaba un minuto para que finalizara el partido.<\/p>\n<p style=\"text-align: justify;\">El equipo que dispuso Miguel S\u00e1nchez para enfrentar a los del Limar\u00ed fue: <strong>Alan Chaparro<\/strong>; <strong>Alejandro Quiero<\/strong>, <strong>Fernando Pizarro<\/strong>, <strong>Rodrigo Acum<\/strong>, <strong>Diego Carre\u00f1o<\/strong>, <strong>Iv\u00e1n Pardo<\/strong> (<strong>Basti\u00e1n Casta\u00f1eda<\/strong>), <strong>Leandro Pasmi\u00f1o<\/strong> (<strong>Lukas Far\u00edas<\/strong>), <strong>Michel Quezada<\/strong>, <strong>Paul Moreno<\/strong>, <strong>Basti\u00e1n Lecaros<\/strong> (<strong>Jos\u00e9 N\u00fa\u00f1ez<\/strong>), <strong>Jos\u00e9 Arancibia<\/strong>.<\/p>\n<p style=\"text-align: justify;\">En el otro partido del grupo norte del Torneo A de la Tercera Divisi\u00f3n, Limache dio cuenta de Quintero Unido por 4 goles a 0.<\/p>\n<figure id=\"attachment_104460\" aria-describedby=\"caption-attachment-104460\" style=\"width: 699px\" class=\"wp-caption alignnone\"><img data-recalc-dims=\"1\" loading=\"lazy\" decoding=\"async\" class=\"size-full wp-image-104460\" src=\"https:\/\/i0.wp.com\/www.eltrabajo.cl\/portal\/wp-content\/uploads\/2020\/11\/tras-ovalle-2.jpg?resize=640%2C431&#038;ssl=1\" alt=\"El equipo andino debi\u00f3 hacer como local en el estadio Municipal de San Felipe. \" width=\"640\" height=\"431\" srcset=\"https:\/\/i0.wp.com\/eltrabajo.cl\/portal\/wp-content\/uploads\/2020\/11\/tras-ovalle-2.jpg?w=699&amp;ssl=1 699w, https:\/\/i0.wp.com\/eltrabajo.cl\/portal\/wp-content\/uploads\/2020\/11\/tras-ovalle-2.jpg?resize=300%2C202&amp;ssl=1 300w, https:\/\/i0.wp.com\/eltrabajo.cl\/portal\/wp-content\/uploads\/2020\/11\/tras-ovalle-2.jpg?resize=200%2C135&amp;ssl=1 200w, https:\/\/i0.wp.com\/eltrabajo.cl\/portal\/wp-content\/uploads\/2020\/11\/tras-ovalle-2.jpg?resize=696%2C469&amp;ssl=1 696w\" sizes=\"auto, (max-width: 640px) 100vw, 640px\" \/><figcaption id=\"caption-attachment-104460\" class=\"wp-caption-text\">El equipo andino debi\u00f3 hacer como local en el estadio Municipal de San Felipe.<\/figcaption><\/figure>\n<figure id=\"attachment_104461\" aria-describedby=\"caption-attachment-104461\" style=\"width: 699px\" class=\"wp-caption alignnone\"><img data-recalc-dims=\"1\" loading=\"lazy\" decoding=\"async\" class=\"size-full wp-image-104461\" src=\"https:\/\/i0.wp.com\/www.eltrabajo.cl\/portal\/wp-content\/uploads\/2020\/11\/tra-ovalle-1.jpg?resize=640%2C430&#038;ssl=1\" alt=\"Contra todos los pron\u00f3sticos previos Trasandino fue derrotado por Ovalle en su estreno 2020.\" width=\"640\" height=\"430\" srcset=\"https:\/\/i0.wp.com\/eltrabajo.cl\/portal\/wp-content\/uploads\/2020\/11\/tra-ovalle-1.jpg?w=699&amp;ssl=1 699w, https:\/\/i0.wp.com\/eltrabajo.cl\/portal\/wp-content\/uploads\/2020\/11\/tra-ovalle-1.jpg?resize=300%2C202&amp;ssl=1 300w, https:\/\/i0.wp.com\/eltrabajo.cl\/portal\/wp-content\/uploads\/2020\/11\/tra-ovalle-1.jpg?resize=200%2C134&amp;ssl=1 200w, https:\/\/i0.wp.com\/eltrabajo.cl\/portal\/wp-content\/uploads\/2020\/11\/tra-ovalle-1.jpg?resize=696%2C468&amp;ssl=1 696w\" sizes=\"auto, (max-width: 640px) 100vw, 640px\" \/><figcaption id=\"caption-attachment-104461\" class=\"wp-caption-text\">Contra todos los pron\u00f3sticos previos Trasandino fue derrotado por Ovalle en su estreno 2020.<\/figcaption><\/figure>\n","protected":false},"excerpt":{"rendered":"<p>Cayeron por 2 a 1 frente a Provincial Ovalle: Lejos. Muy lejos de las expectativas que se hab\u00edan creado en torno a este encuentro, Trasandino fue derrotado en su debut en el&#8230;<\/p>\n","protected":false},"author":482,"featured_media":104461,"comment_status":"closed","ping_status":"open","sticky":false,"template":"","format":"standard","meta":{"advanced_seo_description":"","jetpack_seo_html_title":"","jetpack_seo_noindex":false,"_jetpack_memberships_contains_paid_content":false,"footnotes":""},"categories":[19],"tags":[],"class_list":["post-104458","post","type-post","status-publish","format-standard","has-post-thumbnail","hentry","category-deportes"],"jetpack_featured_media_url":"https:\/\/i0.wp.com\/eltrabajo.cl\/portal\/wp-content\/uploads\/2020\/11\/tra-ovalle-1.jpg?fit=699%2C470&ssl=1","jetpack_sharing_enabled":true,"jetpack_likes_enabled":true,"jetpack-related-posts":[],"_links":{"self":[{"href":"https:\/\/eltrabajo.cl\/portal\/wp-json\/wp\/v2\/posts\/104458","targetHints":{"allow":["GET"]}}],"collection":[{"href":"https:\/\/eltrabajo.cl\/portal\/wp-json\/wp\/v2\/posts"}],"about":[{"href":"https:\/\/eltrabajo.cl\/portal\/wp-json\/wp\/v2\/types\/post"}],"author":[{"embeddable":true,"href":"https:\/\/eltrabajo.cl\/portal\/wp-json\/wp\/v2\/users\/482"}],"replies":[{"embeddable":true,"href":"https:\/\/eltrabajo.cl\/portal\/wp-json\/wp\/v2\/comments?post=104458"}],"version-history":[{"count":0,"href":"https:\/\/eltrabajo.cl\/portal\/wp-json\/wp\/v2\/posts\/104458\/revisions"}],"wp:featuredmedia":[{"embeddable":true,"href":"https:\/\/eltrabajo.cl\/portal\/wp-json\/wp\/v2\/media\/104461"}],"wp:attachment":[{"href":"https:\/\/eltrabajo.cl\/portal\/wp-json\/wp\/v2\/media?parent=104458"}],"wp:term":[{"taxonomy":"category","embeddable":true,"href":"https:\/\/eltrabajo.cl\/portal\/wp-json\/wp\/v2\/categories?post=104458"},{"taxonomy":"post_tag","embeddable":true,"href":"https:\/\/eltrabajo.cl\/portal\/wp-json\/wp\/v2\/tags?post=104458"}],"curies":[{"name":"wp","href":"https:\/\/api.w.org\/{rel}","templated":true}]}}