{"id":104463,"date":"2020-11-30T07:45:26","date_gmt":"2020-11-30T10:45:26","guid":{"rendered":"https:\/\/www.eltrabajo.cl\/portal\/?p=104463"},"modified":"2020-11-29T21:02:59","modified_gmt":"2020-11-30T00:02:59","slug":"esta-tarde-el-uni-uni-se-pone-al-dia","status":"publish","type":"post","link":"https:\/\/eltrabajo.cl\/portal\/esta-tarde-el-uni-uni-se-pone-al-dia\/","title":{"rendered":"Esta tarde el Un\u00ed Un\u00ed se pone al d\u00eda"},"content":{"rendered":"<p style=\"text-align: justify;\">A partir de las seis de la tarde de hoy, en el granado del Estadio Municipal y bajo la conducci\u00f3n del juez <strong>Fabi\u00e1n Aracena<\/strong>, Uni\u00f3n San Felipe enfrentar\u00e1 a Deportes Valdivia en el partido pendiente correspondiente a la vig\u00e9sima fecha del Torneo B del balompi\u00e9 profesional chileno.<\/p>\n<p style=\"text-align: justify;\">El encuentro contra el conjunto del Calle Calle representa una buena opci\u00f3n para que los sanfelipe\u00f1os capturen tres puntos que le permitan escalar, o al menos consolidar su actual situaci\u00f3n en la tabla de posiciones (5\u00ba) en la que aparece en puestos de postemporada.<\/p>\n<p style=\"text-align: justify;\"><strong>H\u00e9ctor Roco Lucero<\/strong>, actual director t\u00e9cnico del Un\u00ed Un\u00ed se refiri\u00f3 de esta manera al cotejo de hoy en el coloso de Avenida Maip\u00fa. \u00ab<em>Sin lugar a dudas ser\u00e1 un partido dif\u00edcil. En lo personal estoy feliz porque veo que los chicos ya asimilan lo que quiero. Clave ser\u00e1 que podamos aplicar transiciones r\u00e1pidas y que culminemos bien las jugadas; durante la semana hicimos bastante trabajo de finiquito, adem\u00e1s de mucha jugada preparada<\/em>\u00bb, dijo el entrenador.<\/p>\n<p style=\"text-align: justify;\"><strong>Tabla de Posiciones <\/strong><\/p>\n<p style=\"text-align: justify;\"><strong>Lugar\u00a0\u00a0\u00a0\u00a0\u00a0\u00a0 Ptos<\/strong>.<\/p>\n<p style=\"text-align: justify;\">\u00d1ublense 40<\/p>\n<p style=\"text-align: justify;\">Rangers 33<\/p>\n<p style=\"text-align: justify;\">Melipilla 33<\/p>\n<p style=\"text-align: justify;\">Magallanes 31<\/p>\n<p style=\"text-align: justify;\"><strong>Uni\u00f3n San Felipe 29<\/strong><\/p>\n<p style=\"text-align: justify;\">Puerto Montt 27<\/p>\n<p style=\"text-align: justify;\">San Marcos de Arica 27<\/p>\n<p style=\"text-align: justify;\">Copiap\u00f3 26<\/p>\n<p style=\"text-align: justify;\">Cobreloa 26<\/p>\n<p style=\"text-align: justify;\">Temuco 24<\/p>\n<p style=\"text-align: justify;\">Santiago Morning 23<\/p>\n<p style=\"text-align: justify;\">Barnechea 22<\/p>\n<p style=\"text-align: justify;\">Valdivia 20<\/p>\n<p style=\"text-align: justify;\">San Luis 19<\/p>\n<p style=\"text-align: justify;\">Santa Cruz 15<\/p>\n<figure id=\"attachment_104464\" aria-describedby=\"caption-attachment-104464\" style=\"width: 699px\" class=\"wp-caption alignnone\"><img data-recalc-dims=\"1\" loading=\"lazy\" decoding=\"async\" class=\"size-full wp-image-104464\" src=\"https:\/\/i0.wp.com\/www.eltrabajo.cl\/portal\/wp-content\/uploads\/2020\/11\/uni-uni-2.jpg?resize=640%2C439&#038;ssl=1\" alt=\"De ganar esta tarde los aconcag\u00fcinos podr\u00edan escalar a la cuarta posici\u00f3n.\" width=\"640\" height=\"439\" srcset=\"https:\/\/i0.wp.com\/eltrabajo.cl\/portal\/wp-content\/uploads\/2020\/11\/uni-uni-2.jpg?w=699&amp;ssl=1 699w, https:\/\/i0.wp.com\/eltrabajo.cl\/portal\/wp-content\/uploads\/2020\/11\/uni-uni-2.jpg?resize=300%2C206&amp;ssl=1 300w, https:\/\/i0.wp.com\/eltrabajo.cl\/portal\/wp-content\/uploads\/2020\/11\/uni-uni-2.jpg?resize=200%2C137&amp;ssl=1 200w, https:\/\/i0.wp.com\/eltrabajo.cl\/portal\/wp-content\/uploads\/2020\/11\/uni-uni-2.jpg?resize=218%2C150&amp;ssl=1 218w, https:\/\/i0.wp.com\/eltrabajo.cl\/portal\/wp-content\/uploads\/2020\/11\/uni-uni-2.jpg?resize=696%2C478&amp;ssl=1 696w\" sizes=\"auto, (max-width: 640px) 100vw, 640px\" \/><figcaption id=\"caption-attachment-104464\" class=\"wp-caption-text\">De ganar esta tarde los aconcag\u00fcinos podr\u00edan escalar a la cuarta posici\u00f3n.<\/figcaption><\/figure>\n","protected":false},"excerpt":{"rendered":"<p>A partir de las seis de la tarde de hoy, en el granado del Estadio Municipal y bajo la conducci\u00f3n del juez Fabi\u00e1n Aracena, Uni\u00f3n San Felipe enfrentar\u00e1 a Deportes Valdivia en&#8230;<\/p>\n","protected":false},"author":482,"featured_media":104464,"comment_status":"closed","ping_status":"open","sticky":false,"template":"","format":"standard","meta":{"advanced_seo_description":"","jetpack_seo_html_title":"","jetpack_seo_noindex":false,"_jetpack_memberships_contains_paid_content":false,"footnotes":""},"categories":[19],"tags":[],"class_list":["post-104463","post","type-post","status-publish","format-standard","has-post-thumbnail","hentry","category-deportes"],"jetpack_featured_media_url":"https:\/\/i0.wp.com\/eltrabajo.cl\/portal\/wp-content\/uploads\/2020\/11\/uni-uni-2.jpg?fit=699%2C480&ssl=1","jetpack_sharing_enabled":true,"jetpack_likes_enabled":true,"jetpack-related-posts":[],"_links":{"self":[{"href":"https:\/\/eltrabajo.cl\/portal\/wp-json\/wp\/v2\/posts\/104463","targetHints":{"allow":["GET"]}}],"collection":[{"href":"https:\/\/eltrabajo.cl\/portal\/wp-json\/wp\/v2\/posts"}],"about":[{"href":"https:\/\/eltrabajo.cl\/portal\/wp-json\/wp\/v2\/types\/post"}],"author":[{"embeddable":true,"href":"https:\/\/eltrabajo.cl\/portal\/wp-json\/wp\/v2\/users\/482"}],"replies":[{"embeddable":true,"href":"https:\/\/eltrabajo.cl\/portal\/wp-json\/wp\/v2\/comments?post=104463"}],"version-history":[{"count":0,"href":"https:\/\/eltrabajo.cl\/portal\/wp-json\/wp\/v2\/posts\/104463\/revisions"}],"wp:featuredmedia":[{"embeddable":true,"href":"https:\/\/eltrabajo.cl\/portal\/wp-json\/wp\/v2\/media\/104464"}],"wp:attachment":[{"href":"https:\/\/eltrabajo.cl\/portal\/wp-json\/wp\/v2\/media?parent=104463"}],"wp:term":[{"taxonomy":"category","embeddable":true,"href":"https:\/\/eltrabajo.cl\/portal\/wp-json\/wp\/v2\/categories?post=104463"},{"taxonomy":"post_tag","embeddable":true,"href":"https:\/\/eltrabajo.cl\/portal\/wp-json\/wp\/v2\/tags?post=104463"}],"curies":[{"name":"wp","href":"https:\/\/api.w.org\/{rel}","templated":true}]}}