{"id":104561,"date":"2020-12-03T07:45:44","date_gmt":"2020-12-03T10:45:44","guid":{"rendered":"https:\/\/www.eltrabajo.cl\/portal\/?p=104561"},"modified":"2020-12-02T22:43:39","modified_gmt":"2020-12-03T01:43:39","slug":"javier-perez-potzsch-subio-al-podio-en-la-carrera-mas-larga-del-mundo","status":"publish","type":"post","link":"https:\/\/eltrabajo.cl\/portal\/javier-perez-potzsch-subio-al-podio-en-la-carrera-mas-larga-del-mundo\/","title":{"rendered":"Javier P\u00e9rez Potzsch subi\u00f3 al podio en la carrera m\u00e1s larga del mundo"},"content":{"rendered":"<p style=\"text-align: justify;\">Excelente, por no decir extraordinaria, fue la participaci\u00f3n que tuvo el piloto sanfelipe\u00f1o <strong>Javier P\u00e9rez Potzsch<\/strong> en la versi\u00f3n n\u00famero 53 en la carrera Baja 1000 (M\u00e9xico), al quedar en el tercer lugar en la categor\u00eda Pro Ironman. Delante del aconcag\u00fcino estuvieron los internacionales bolivianos Juan Carlos Salvatierra y Fabricio Fuentes.<\/p>\n<p style=\"text-align: justify;\">El motociclista local que integr\u00f3 el equipo profesional Dynamic Racing y Monkey Business, necesit\u00f3 un tiempo de treinta y siete horas con cincuenta y siete minutos para recorrer los mil seiscientos kil\u00f3metros de carrera.<\/p>\n<p style=\"text-align: justify;\">La actuaci\u00f3n y lugar de P\u00e9rez Potzsch es muy meritoria, ya que aparte de hacer historia en el motoclismo nacional al convertirse en el primer piloto chileno en ser parte de la serie m\u00e1s dif\u00edcil de la prueba, tambi\u00e9n debi\u00f3 sortear un contratiempo no menor como lo fue una ca\u00edda que lo condicion\u00f3 en extremo. <em>\u00abCa\u00ed sobre una roca tras un salto, se desmont\u00f3 el mousse del neum\u00e1tico y termin\u00e9 cayendo sobre una zanja de un metro y medio. Perd\u00ed m\u00e1s de una hora con veinte minutos hasta poder sacarla\u00bb,<\/em> declar\u00f3 el deportista.<\/p>\n<p style=\"text-align: justify;\">Si bien es cierto su subida al podio es algo notable, igual el sanfelipe\u00f1o que ya est\u00e1 de regreso en el valle, qued\u00f3 con una sensaci\u00f3n extra\u00f1a, ya que al momento de ese traspi\u00e9 lideraba sin mayores problemas la prueba: <em>\u00abTen\u00eda buen ritmo, hab\u00eda pasado a todas las motos, pero despu\u00e9s de la ca\u00edda me acompa\u00f1\u00f3 un dolor muy intenso en la mano, pero fue ah\u00ed que entr\u00f3 toda la fe, pasi\u00f3n y garra que tenemos como chilenos para terminar en el tercer lugar\u00bb,<\/em> aport\u00f3 P\u00e9rez Potzsch.<\/p>\n<figure id=\"attachment_104562\" aria-describedby=\"caption-attachment-104562\" style=\"width: 699px\" class=\"wp-caption alignnone\"><img data-recalc-dims=\"1\" loading=\"lazy\" decoding=\"async\" class=\"size-full wp-image-104562\" src=\"https:\/\/i0.wp.com\/www.eltrabajo.cl\/portal\/wp-content\/uploads\/2020\/12\/javier-carrera.jpg?resize=640%2C469&#038;ssl=1\" alt=\"Javier P\u00e9rez se convirti\u00f3 en el primer chileno en correr en la serie Pro Ironman.\" width=\"640\" height=\"469\" srcset=\"https:\/\/i0.wp.com\/eltrabajo.cl\/portal\/wp-content\/uploads\/2020\/12\/javier-carrera.jpg?w=699&amp;ssl=1 699w, https:\/\/i0.wp.com\/eltrabajo.cl\/portal\/wp-content\/uploads\/2020\/12\/javier-carrera.jpg?resize=300%2C220&amp;ssl=1 300w, https:\/\/i0.wp.com\/eltrabajo.cl\/portal\/wp-content\/uploads\/2020\/12\/javier-carrera.jpg?resize=200%2C146&amp;ssl=1 200w, https:\/\/i0.wp.com\/eltrabajo.cl\/portal\/wp-content\/uploads\/2020\/12\/javier-carrera.jpg?resize=696%2C510&amp;ssl=1 696w\" sizes=\"auto, (max-width: 640px) 100vw, 640px\" \/><figcaption id=\"caption-attachment-104562\" class=\"wp-caption-text\">Javier P\u00e9rez se convirti\u00f3 en el primer chileno en correr en la serie Pro Ironman.<\/figcaption><\/figure>\n<figure id=\"attachment_104563\" aria-describedby=\"caption-attachment-104563\" style=\"width: 699px\" class=\"wp-caption alignnone\"><img data-recalc-dims=\"1\" loading=\"lazy\" decoding=\"async\" class=\"size-full wp-image-104563\" src=\"https:\/\/i0.wp.com\/www.eltrabajo.cl\/portal\/wp-content\/uploads\/2020\/12\/javier-perez.jpg?resize=640%2C396&#038;ssl=1\" alt=\"Pese a sufrir una fuerte ca\u00edda que le hizo perder un tiempo valios\u00edsimo, Javier P\u00e9rez remat\u00f3 en el tercer lugar en la Baja 1000.\" width=\"640\" height=\"396\" srcset=\"https:\/\/i0.wp.com\/eltrabajo.cl\/portal\/wp-content\/uploads\/2020\/12\/javier-perez.jpg?w=699&amp;ssl=1 699w, https:\/\/i0.wp.com\/eltrabajo.cl\/portal\/wp-content\/uploads\/2020\/12\/javier-perez.jpg?resize=300%2C185&amp;ssl=1 300w, https:\/\/i0.wp.com\/eltrabajo.cl\/portal\/wp-content\/uploads\/2020\/12\/javier-perez.jpg?resize=200%2C124&amp;ssl=1 200w, https:\/\/i0.wp.com\/eltrabajo.cl\/portal\/wp-content\/uploads\/2020\/12\/javier-perez.jpg?resize=696%2C430&amp;ssl=1 696w\" sizes=\"auto, (max-width: 640px) 100vw, 640px\" \/><figcaption id=\"caption-attachment-104563\" class=\"wp-caption-text\">Pese a sufrir una fuerte ca\u00edda que le hizo perder un tiempo valios\u00edsimo, Javier P\u00e9rez remat\u00f3 en el tercer lugar en la Baja 1000.<\/figcaption><\/figure>\n","protected":false},"excerpt":{"rendered":"<p>Excelente, por no decir extraordinaria, fue la participaci\u00f3n que tuvo el piloto sanfelipe\u00f1o Javier P\u00e9rez Potzsch en la versi\u00f3n n\u00famero 53 en la carrera Baja 1000 (M\u00e9xico), al quedar en el tercer&#8230;<\/p>\n","protected":false},"author":482,"featured_media":104562,"comment_status":"closed","ping_status":"open","sticky":false,"template":"","format":"standard","meta":{"advanced_seo_description":"","jetpack_seo_html_title":"","jetpack_seo_noindex":false,"_jetpack_memberships_contains_paid_content":false,"footnotes":""},"categories":[19],"tags":[],"class_list":["post-104561","post","type-post","status-publish","format-standard","has-post-thumbnail","hentry","category-deportes"],"jetpack_featured_media_url":"https:\/\/i0.wp.com\/eltrabajo.cl\/portal\/wp-content\/uploads\/2020\/12\/javier-carrera.jpg?fit=699%2C512&ssl=1","jetpack_sharing_enabled":true,"jetpack_likes_enabled":true,"jetpack-related-posts":[],"_links":{"self":[{"href":"https:\/\/eltrabajo.cl\/portal\/wp-json\/wp\/v2\/posts\/104561","targetHints":{"allow":["GET"]}}],"collection":[{"href":"https:\/\/eltrabajo.cl\/portal\/wp-json\/wp\/v2\/posts"}],"about":[{"href":"https:\/\/eltrabajo.cl\/portal\/wp-json\/wp\/v2\/types\/post"}],"author":[{"embeddable":true,"href":"https:\/\/eltrabajo.cl\/portal\/wp-json\/wp\/v2\/users\/482"}],"replies":[{"embeddable":true,"href":"https:\/\/eltrabajo.cl\/portal\/wp-json\/wp\/v2\/comments?post=104561"}],"version-history":[{"count":0,"href":"https:\/\/eltrabajo.cl\/portal\/wp-json\/wp\/v2\/posts\/104561\/revisions"}],"wp:featuredmedia":[{"embeddable":true,"href":"https:\/\/eltrabajo.cl\/portal\/wp-json\/wp\/v2\/media\/104562"}],"wp:attachment":[{"href":"https:\/\/eltrabajo.cl\/portal\/wp-json\/wp\/v2\/media?parent=104561"}],"wp:term":[{"taxonomy":"category","embeddable":true,"href":"https:\/\/eltrabajo.cl\/portal\/wp-json\/wp\/v2\/categories?post=104561"},{"taxonomy":"post_tag","embeddable":true,"href":"https:\/\/eltrabajo.cl\/portal\/wp-json\/wp\/v2\/tags?post=104561"}],"curies":[{"name":"wp","href":"https:\/\/api.w.org\/{rel}","templated":true}]}}