{"id":104659,"date":"2020-12-09T07:45:02","date_gmt":"2020-12-09T10:45:02","guid":{"rendered":"https:\/\/www.eltrabajo.cl\/portal\/?p=104659"},"modified":"2020-12-08T22:24:19","modified_gmt":"2020-12-09T01:24:19","slug":"ebrio-al-volante-destruye-su-auto-al-chocar-contra-camioneta-estacionada","status":"publish","type":"post","link":"https:\/\/eltrabajo.cl\/portal\/ebrio-al-volante-destruye-su-auto-al-chocar-contra-camioneta-estacionada\/","title":{"rendered":"Ebrio al volante destruye su auto al chocar contra camioneta estacionada"},"content":{"rendered":"<p style=\"text-align: left;\"><span style=\"color: #ff0000;\"><strong>Se dio a la fuga pero fue capturado por Carabineros:<\/strong><\/span><\/p>\n<p style=\"text-align: justify;\"><strong>SANTA MAR\u00cdA.-<\/strong> Una fuerte colisi\u00f3n contra una camioneta estacionada es la que dio un conductor de un auto menor la noche de este domingo en la curva de\u00a0 la iglesia de Santa Filomena, cuando bajaba a gran velocidad y aparentemente bajo los efectos del licor, aseguraron a <strong>Diario El Trabajo<\/strong> algunos vecinos del sector, quienes se despertaron tras el fuerte impacto.<\/p>\n<p style=\"text-align: justify;\">Los vecinos aseguran que eran dos los ocupantes del auto que choc\u00f3, bajaron tambale\u00e1ndose por su borrachera, uno se fue en una direcci\u00f3n desconocida, y el conductor sigui\u00f3 a pie bajando hacia Santa Mar\u00eda, siendo detenido minutos despu\u00e9s por los carabineros, quienes lo abordaron, lo llevaron al Hospital San Camilo para constatar lesiones y hacer la alcoholemia correspondiente.<\/p>\n<p style=\"text-align: justify;\">\n<p style=\"text-align: justify;\"><strong><span style=\"color: #ff0000;\">INFORME POLICIAL<\/span><\/strong><\/p>\n<p style=\"text-align: justify;\">Nuestro medio habl\u00f3 con <strong>Claudio Del Canto<\/strong>, jefe de la Tenencia de Carabineros Santa Mar\u00eda, quien nos brind\u00f3 su informe de los hechos:, <em>\u00abEl d\u00eda domingo 6 del presente mes a las 21:30 horas aproximadamente, se recibi\u00f3 un llamado telef\u00f3nico a esta Tenencia del sector de Santa Filomena, denunciando que se hab\u00eda producido un accidente de tr\u00e1nsito, por lo que el personal de servicio de esta unidad se traslad\u00f3 hasta el lugar, donde se entrevist\u00f3 con la v\u00edctima <strong>Ar\u00edstides A.P.<\/strong>, de 69 a\u00f1os de edad y con domicilio en calle Principal de Santa Filomena de esta localidad, el cual nos relat\u00f3 al personal policial que momentos antes, en circunstancias que dej\u00f3 estacionada su camioneta <strong>PPU JHCG 82 Ford Rangel 2017<\/strong> frente a su domicilio para concurrir a abrir el port\u00f3n e ingresarla al interior, cuando sorpresivamente el autom\u00f3vil <strong>PPU RZ . 9940 Suzuki Baleno 1998<\/strong> que transitaba de norte a sur por dicha arteria, perdi\u00f3 el control, chocando su camioneta en la parte delantera a la altura de la rueda, ocasionando da\u00f1os de consideraci\u00f3n a su m\u00f3vil, por lo que se produce una discusi\u00f3n entre el conductor del m\u00f3vil menor y la v\u00edctima, el cual comienza a encender el veh\u00edculo para darse a la fuga, no logrando su cometido porque el veh\u00edculo no encendi\u00f3, por lo que emprende la huida del lugar caminando con destino desconocido. El personal policial con los antecedentes recopilados procedi\u00f3 a efectuar un patrullaje por las inmediaciones, logrando divisar a un individuo que reun\u00eda las caracter\u00edsticas f\u00edsicas y vestimentas otorgadas por la v\u00edctima, y presentaba adem\u00e1s lesiones visibles, por lo que se procedi\u00f3 a su control investigativo, percat\u00e1ndose que \u00e9ste se encontraba en estado de ebriedad, procediendo a su detenci\u00f3n<\/em>\u00bb, inform\u00f3 Del Canto a <strong>Diario El Trabajo<\/strong>.<\/p>\n<p style=\"text-align: justify;\">El detenido es identificado con las iniciales <strong>M.A.F.P.<\/strong>, quien reside en la comuna de San Esteban. Importante recalcar que el imputado no manten\u00eda salvoconducto\u00a0 al momento de su fiscalizaci\u00f3n, infringiendo con ello lo establecido en el Art. 318 del C\u00f3digo Penal que dice relaci\u00f3n\u00a0 \u00ab<em>El que pusiere en peligro la salud p\u00fablica por infracci\u00f3n a las reglas higi\u00e9nicas o de salubridad, en tiempo de cat\u00e1strofe, epidemia o contagio<\/em>\u00bb. Siendo derivado al Juzgado Garant\u00eda para su control de detenci\u00f3n.<\/p>\n<p style=\"text-align: justify;\"><strong>Roberto Gonz\u00e1lez Short<br \/>\n<\/strong><strong>Fotos Roberto Mercado Aced<\/strong><\/p>\n<figure id=\"attachment_104660\" aria-describedby=\"caption-attachment-104660\" style=\"width: 699px\" class=\"wp-caption alignnone\"><img data-recalc-dims=\"1\" loading=\"lazy\" decoding=\"async\" class=\"size-full wp-image-104660\" src=\"https:\/\/i0.wp.com\/www.eltrabajo.cl\/portal\/wp-content\/uploads\/2020\/12\/Ebrios1.jpg?resize=640%2C360&#038;ssl=1\" alt=\"LICOR AL VOLANTE.- As\u00ed quedaron los veh\u00edculos involucrados en la curva de la iglesia de Santa Filomena, el conductor ebrio se dio a la fuga pero fue finalmente detenido.\" width=\"640\" height=\"360\" srcset=\"https:\/\/i0.wp.com\/eltrabajo.cl\/portal\/wp-content\/uploads\/2020\/12\/Ebrios1.jpg?w=699&amp;ssl=1 699w, https:\/\/i0.wp.com\/eltrabajo.cl\/portal\/wp-content\/uploads\/2020\/12\/Ebrios1.jpg?resize=300%2C169&amp;ssl=1 300w, https:\/\/i0.wp.com\/eltrabajo.cl\/portal\/wp-content\/uploads\/2020\/12\/Ebrios1.jpg?resize=200%2C112&amp;ssl=1 200w, https:\/\/i0.wp.com\/eltrabajo.cl\/portal\/wp-content\/uploads\/2020\/12\/Ebrios1.jpg?resize=696%2C391&amp;ssl=1 696w\" sizes=\"auto, (max-width: 640px) 100vw, 640px\" \/><figcaption id=\"caption-attachment-104660\" class=\"wp-caption-text\">LICOR AL VOLANTE.- As\u00ed quedaron los veh\u00edculos involucrados en la curva de la iglesia de Santa Filomena, el conductor ebrio se dio a la fuga pero fue finalmente detenido.<\/figcaption><\/figure>\n<figure id=\"attachment_104661\" aria-describedby=\"caption-attachment-104661\" style=\"width: 699px\" class=\"wp-caption alignnone\"><img data-recalc-dims=\"1\" loading=\"lazy\" decoding=\"async\" class=\"size-full wp-image-104661\" src=\"https:\/\/i0.wp.com\/www.eltrabajo.cl\/portal\/wp-content\/uploads\/2020\/12\/Ebrios2.jpg?resize=640%2C377&#038;ssl=1\" alt=\"ESPUMANTE.- La imagen da cuenta del carrete que se tra\u00edan estos fiesteros dentro del auto.\" width=\"640\" height=\"377\" srcset=\"https:\/\/i0.wp.com\/eltrabajo.cl\/portal\/wp-content\/uploads\/2020\/12\/Ebrios2.jpg?w=699&amp;ssl=1 699w, https:\/\/i0.wp.com\/eltrabajo.cl\/portal\/wp-content\/uploads\/2020\/12\/Ebrios2.jpg?resize=300%2C177&amp;ssl=1 300w, https:\/\/i0.wp.com\/eltrabajo.cl\/portal\/wp-content\/uploads\/2020\/12\/Ebrios2.jpg?resize=200%2C118&amp;ssl=1 200w, https:\/\/i0.wp.com\/eltrabajo.cl\/portal\/wp-content\/uploads\/2020\/12\/Ebrios2.jpg?resize=696%2C410&amp;ssl=1 696w\" sizes=\"auto, (max-width: 640px) 100vw, 640px\" \/><figcaption id=\"caption-attachment-104661\" class=\"wp-caption-text\">ESPUMANTE.- La imagen da cuenta del carrete que se tra\u00edan estos fiesteros dentro del auto.<\/figcaption><\/figure>\n<figure id=\"attachment_104662\" aria-describedby=\"caption-attachment-104662\" style=\"width: 699px\" class=\"wp-caption alignnone\"><img data-recalc-dims=\"1\" loading=\"lazy\" decoding=\"async\" class=\"size-full wp-image-104662\" src=\"https:\/\/i0.wp.com\/www.eltrabajo.cl\/portal\/wp-content\/uploads\/2020\/12\/Claudio-del-Canto.jpg?resize=640%2C645&#038;ssl=1\" alt=\"Claudio Del Canto, jefe de la Tenencia de Carabineros Santa Mar\u00eda.\" width=\"640\" height=\"645\" srcset=\"https:\/\/i0.wp.com\/eltrabajo.cl\/portal\/wp-content\/uploads\/2020\/12\/Claudio-del-Canto.jpg?w=699&amp;ssl=1 699w, https:\/\/i0.wp.com\/eltrabajo.cl\/portal\/wp-content\/uploads\/2020\/12\/Claudio-del-Canto.jpg?resize=298%2C300&amp;ssl=1 298w, https:\/\/i0.wp.com\/eltrabajo.cl\/portal\/wp-content\/uploads\/2020\/12\/Claudio-del-Canto.jpg?resize=149%2C150&amp;ssl=1 149w, https:\/\/i0.wp.com\/eltrabajo.cl\/portal\/wp-content\/uploads\/2020\/12\/Claudio-del-Canto.jpg?resize=696%2C701&amp;ssl=1 696w\" sizes=\"auto, (max-width: 640px) 100vw, 640px\" \/><figcaption id=\"caption-attachment-104662\" class=\"wp-caption-text\">Claudio Del Canto, jefe de la Tenencia de Carabineros Santa Mar\u00eda.<\/figcaption><\/figure>\n","protected":false},"excerpt":{"rendered":"<p>Se dio a la fuga pero fue capturado por Carabineros: SANTA MAR\u00cdA.- Una fuerte colisi\u00f3n contra una camioneta estacionada es la que dio un conductor de un auto menor la noche de&#8230;<\/p>\n","protected":false},"author":482,"featured_media":104660,"comment_status":"closed","ping_status":"open","sticky":false,"template":"","format":"standard","meta":{"advanced_seo_description":"","jetpack_seo_html_title":"","jetpack_seo_noindex":false,"_jetpack_memberships_contains_paid_content":false,"footnotes":""},"categories":[21],"tags":[],"class_list":["post-104659","post","type-post","status-publish","format-standard","has-post-thumbnail","hentry","category-policial"],"jetpack_featured_media_url":"https:\/\/i0.wp.com\/eltrabajo.cl\/portal\/wp-content\/uploads\/2020\/12\/Ebrios1.jpg?fit=699%2C393&ssl=1","jetpack_sharing_enabled":true,"jetpack_likes_enabled":true,"jetpack-related-posts":[],"_links":{"self":[{"href":"https:\/\/eltrabajo.cl\/portal\/wp-json\/wp\/v2\/posts\/104659","targetHints":{"allow":["GET"]}}],"collection":[{"href":"https:\/\/eltrabajo.cl\/portal\/wp-json\/wp\/v2\/posts"}],"about":[{"href":"https:\/\/eltrabajo.cl\/portal\/wp-json\/wp\/v2\/types\/post"}],"author":[{"embeddable":true,"href":"https:\/\/eltrabajo.cl\/portal\/wp-json\/wp\/v2\/users\/482"}],"replies":[{"embeddable":true,"href":"https:\/\/eltrabajo.cl\/portal\/wp-json\/wp\/v2\/comments?post=104659"}],"version-history":[{"count":0,"href":"https:\/\/eltrabajo.cl\/portal\/wp-json\/wp\/v2\/posts\/104659\/revisions"}],"wp:featuredmedia":[{"embeddable":true,"href":"https:\/\/eltrabajo.cl\/portal\/wp-json\/wp\/v2\/media\/104660"}],"wp:attachment":[{"href":"https:\/\/eltrabajo.cl\/portal\/wp-json\/wp\/v2\/media?parent=104659"}],"wp:term":[{"taxonomy":"category","embeddable":true,"href":"https:\/\/eltrabajo.cl\/portal\/wp-json\/wp\/v2\/categories?post=104659"},{"taxonomy":"post_tag","embeddable":true,"href":"https:\/\/eltrabajo.cl\/portal\/wp-json\/wp\/v2\/tags?post=104659"}],"curies":[{"name":"wp","href":"https:\/\/api.w.org\/{rel}","templated":true}]}}