{"id":104664,"date":"2020-12-09T07:50:38","date_gmt":"2020-12-09T10:50:38","guid":{"rendered":"https:\/\/www.eltrabajo.cl\/portal\/?p=104664"},"modified":"2020-12-08T22:26:52","modified_gmt":"2020-12-09T01:26:52","slug":"alcalde-zurita-interpone-querella-por-seguidilla-de-balaceras-en-santa-maria","status":"publish","type":"post","link":"https:\/\/eltrabajo.cl\/portal\/alcalde-zurita-interpone-querella-por-seguidilla-de-balaceras-en-santa-maria\/","title":{"rendered":"Alcalde Zurita interpone querella por seguidilla de balaceras en Santa Mar\u00eda"},"content":{"rendered":"<p style=\"text-align: left;\"><span style=\"color: #ff0000;\"><strong>Pide se investigue qui\u00e9nes son los que siembran el p\u00e1nico:<\/strong><\/span><\/p>\n<p style=\"text-align: justify;\">Luego que una balacera se desatara la semana pasada en un barrio de la comuna de Santa Mar\u00eda, y que resultara herido un inocente vecino que pasaba por el lugar, y despu\u00e9s que al d\u00eda siguiente Carabineros lograra en poco tiempo dar con los agresores y ponerlos ante el Ministerio P\u00fablico, la ma\u00f1ana de este lunes el alcalde de Santa Mar\u00eda, <strong>Claudio Zurita Ibarra<\/strong>, se present\u00f3 en el Juzgado de Garant\u00eda de San Felipe, a estampar su firma en la querella criminal \u2018Contra quienes resulten responsables\u2019 de las heridas con escopeta al vecino en cuesti\u00f3n.<\/p>\n<p style=\"text-align: justify;\">\n<p style=\"text-align: justify;\"><span style=\"color: #ff0000;\"><strong>JUSTICIA Y RESPUESTAS<\/strong><\/span><\/p>\n<p style=\"text-align: justify;\">Una vez presentada la querella, Zurita habl\u00f3 con <strong>Diario El Trabajo<\/strong> sobre esta medida y las razones de su accionar: <em>\u00abDesde hace un tiempo, hace m\u00e1s de un mes, en el centro de Santa Mar\u00eda han ocurrido algunos hechos que nos preocupan, porque hay algunos j\u00f3venes\u00a0 disparando armas de fuego en algunos sectores poblacionales, y bueno, la gente est\u00e1 conmocionada, y la guinda en la torta fue este jueves en la noche cuando dos personas o grupos se estaban enfrentando a balazos, y cuando pasaron algunos vecinos en el sector, lamentablemente uno de ellos fue herido con perdigones. La verdad que este vecino est\u00e1 con todo un tratamiento<\/em> (\u2026) <em>hoy lamentablemente los vecinos no quieren denunciar por temor, por la burocracia del sistema quiz\u00e1s, entonces nos vemos en la obligaci\u00f3n junto a nuestro Municipio, nuestro abogado municipal, para presentar esta querella contra quienes resulten responsables de estos hechos, cosa que sepan que en Santa Mar\u00eda ellos no pueden hacer lo que quieran, debemos vivir en paz, con tranquilidad y no estamos en el \u2018Viejo Oeste\u2019 donde cada uno est\u00e9 a cada rato disparando, y creo haber hecho lo que corresponde. Yo quiero que la Justicia nos apoye. Tambi\u00e9n p\u00fablicamente dar las gracias que el d\u00eda viernes hicieron algunos allanamientos en algunos sectores de la comuna, encontrando algunas personas con armas y ya tienen gente detenida, entonces el objetivo nuestro principalmente es ver qu\u00e9 est\u00e1 pasando en nuestra comuna, qui\u00e9nes est\u00e1n disparando, saber si esto est\u00e1 ligado como nosotros pensamos al mundo de la droga, y que la gente sienta que sus autoridades les est\u00e1 apoyando pues lamentablemente hoy d\u00eda la gente tiene temor de denunciar por las represalias que puedan sufrir<\/em>\u00bb, dijo Zurita.<\/p>\n<p style=\"text-align: justify;\">&#8211; <strong>\u00bfPor qu\u00e9 interpone usted esta querella, habr\u00eda alguna diferencia si no lo hace?<\/strong><\/p>\n<p style=\"text-align: justify;\">&#8211; Yo creo que con la querella tenemos m\u00e1s respaldo que se investigue m\u00e1s, que sepan las autoridades de Justicia que nuestro Municipio est\u00e1 preocupado de este tema bastante complicado que es el alma p\u00fablica, que esto ya no es casual, se hizo un h\u00e1bito ya en los \u00faltimos meses, por lo tanto queremos que se investigue y saber qu\u00e9 est\u00e1 pasando en nuestra comuna.<\/p>\n<p style=\"text-align: justify;\">\n<p style=\"text-align: justify;\"><span style=\"color: #ff0000;\"><strong>SIGUEN PRESOS<\/strong><\/span><\/p>\n<p style=\"text-align: justify;\">Recordemos que una vez efectuada la diligencia entre la noche del jueves y el d\u00eda viernes, las autoridades policiales detuvieron a los imputados, cuyas iniciales son <strong>F.J.G.C.<\/strong>, 25 a\u00f1os de edad, y <strong>J.A.T.M.<\/strong>, de 35 a\u00f1os, a quienes se les incaut\u00f3 una escopeta marca Famae, de un ca\u00f1\u00f3n de acci\u00f3n simple, calibre 12 mil\u00edmetros, la cual no mantiene encargo y se encuentra inscrita a nombre de una persona con residencia en la Regi\u00f3n Metropolitana. Ambos imputados mantienen antecedentes penales por Robo y Receptaci\u00f3n, sin \u00f3rdenes de aprehensi\u00f3n vigentes.<\/p>\n<p style=\"text-align: justify;\"><strong>Roberto Gonz\u00e1lez Short<\/strong><\/p>\n<figure id=\"attachment_104666\" aria-describedby=\"caption-attachment-104666\" style=\"width: 698px\" class=\"wp-caption alignnone\"><img data-recalc-dims=\"1\" loading=\"lazy\" decoding=\"async\" class=\"size-full wp-image-104666\" src=\"https:\/\/i0.wp.com\/www.eltrabajo.cl\/portal\/wp-content\/uploads\/2020\/12\/Querella2.jpg?resize=640%2C311&#038;ssl=1\" alt=\"HAY VARIAS EN LA COMUNA.- Con esta escopeta al parecer fue herido un vecino en Santa Mar\u00eda la noche de este jueves.\" width=\"640\" height=\"311\" srcset=\"https:\/\/i0.wp.com\/eltrabajo.cl\/portal\/wp-content\/uploads\/2020\/12\/Querella2.jpg?w=698&amp;ssl=1 698w, https:\/\/i0.wp.com\/eltrabajo.cl\/portal\/wp-content\/uploads\/2020\/12\/Querella2.jpg?resize=300%2C146&amp;ssl=1 300w, https:\/\/i0.wp.com\/eltrabajo.cl\/portal\/wp-content\/uploads\/2020\/12\/Querella2.jpg?resize=200%2C97&amp;ssl=1 200w, https:\/\/i0.wp.com\/eltrabajo.cl\/portal\/wp-content\/uploads\/2020\/12\/Querella2.jpg?resize=696%2C338&amp;ssl=1 696w\" sizes=\"auto, (max-width: 640px) 100vw, 640px\" \/><figcaption id=\"caption-attachment-104666\" class=\"wp-caption-text\">HAY VARIAS EN LA COMUNA.- Con esta escopeta al parecer fue herido un vecino en Santa Mar\u00eda la noche de este jueves.<\/figcaption><\/figure>\n<figure id=\"attachment_104665\" aria-describedby=\"caption-attachment-104665\" style=\"width: 699px\" class=\"wp-caption alignnone\"><img data-recalc-dims=\"1\" loading=\"lazy\" decoding=\"async\" class=\"size-full wp-image-104665\" src=\"https:\/\/i0.wp.com\/www.eltrabajo.cl\/portal\/wp-content\/uploads\/2020\/12\/Querella1.jpg?resize=640%2C378&#038;ssl=1\" alt=\"PIDE RESPUESTAS.- Las c\u00e1maras de Diario El Trabajo registran el momento cuando Claudio Zurita procede a firmar la querella contra quienes resulten responsables de las balaceras.\" width=\"640\" height=\"378\" srcset=\"https:\/\/i0.wp.com\/eltrabajo.cl\/portal\/wp-content\/uploads\/2020\/12\/Querella1.jpg?w=699&amp;ssl=1 699w, https:\/\/i0.wp.com\/eltrabajo.cl\/portal\/wp-content\/uploads\/2020\/12\/Querella1.jpg?resize=300%2C177&amp;ssl=1 300w, https:\/\/i0.wp.com\/eltrabajo.cl\/portal\/wp-content\/uploads\/2020\/12\/Querella1.jpg?resize=200%2C118&amp;ssl=1 200w, https:\/\/i0.wp.com\/eltrabajo.cl\/portal\/wp-content\/uploads\/2020\/12\/Querella1.jpg?resize=696%2C411&amp;ssl=1 696w\" sizes=\"auto, (max-width: 640px) 100vw, 640px\" \/><figcaption id=\"caption-attachment-104665\" class=\"wp-caption-text\">PIDE RESPUESTAS.- Las c\u00e1maras de Diario El Trabajo registran el momento cuando Claudio Zurita procede a firmar la querella contra quienes resulten responsables de las balaceras.<\/figcaption><\/figure>\n<figure id=\"attachment_104667\" aria-describedby=\"caption-attachment-104667\" style=\"width: 699px\" class=\"wp-caption alignnone\"><img data-recalc-dims=\"1\" loading=\"lazy\" decoding=\"async\" class=\"size-full wp-image-104667\" src=\"https:\/\/i0.wp.com\/www.eltrabajo.cl\/portal\/wp-content\/uploads\/2020\/12\/Queralla_Claudio-Zurita.jpg?resize=640%2C611&#038;ssl=1\" alt=\"Claudio Zurita Ibarra, alcalde de Santa Mar\u00eda.\" width=\"640\" height=\"611\" srcset=\"https:\/\/i0.wp.com\/eltrabajo.cl\/portal\/wp-content\/uploads\/2020\/12\/Queralla_Claudio-Zurita.jpg?w=699&amp;ssl=1 699w, https:\/\/i0.wp.com\/eltrabajo.cl\/portal\/wp-content\/uploads\/2020\/12\/Queralla_Claudio-Zurita.jpg?resize=300%2C286&amp;ssl=1 300w, https:\/\/i0.wp.com\/eltrabajo.cl\/portal\/wp-content\/uploads\/2020\/12\/Queralla_Claudio-Zurita.jpg?resize=157%2C150&amp;ssl=1 157w, https:\/\/i0.wp.com\/eltrabajo.cl\/portal\/wp-content\/uploads\/2020\/12\/Queralla_Claudio-Zurita.jpg?resize=696%2C664&amp;ssl=1 696w\" sizes=\"auto, (max-width: 640px) 100vw, 640px\" \/><figcaption id=\"caption-attachment-104667\" class=\"wp-caption-text\">Claudio Zurita Ibarra, alcalde de Santa Mar\u00eda.<\/figcaption><\/figure>\n","protected":false},"excerpt":{"rendered":"<p>Pide se investigue qui\u00e9nes son los que siembran el p\u00e1nico: Luego que una balacera se desatara la semana pasada en un barrio de la comuna de Santa Mar\u00eda, y que resultara herido&#8230;<\/p>\n","protected":false},"author":482,"featured_media":104665,"comment_status":"closed","ping_status":"open","sticky":false,"template":"","format":"standard","meta":{"advanced_seo_description":"","jetpack_seo_html_title":"","jetpack_seo_noindex":false,"_jetpack_memberships_contains_paid_content":false,"footnotes":""},"categories":[97],"tags":[],"class_list":["post-104664","post","type-post","status-publish","format-standard","has-post-thumbnail","hentry","category-tribunales"],"jetpack_featured_media_url":"https:\/\/i0.wp.com\/eltrabajo.cl\/portal\/wp-content\/uploads\/2020\/12\/Querella1.jpg?fit=699%2C413&ssl=1","jetpack_sharing_enabled":true,"jetpack_likes_enabled":true,"jetpack-related-posts":[],"_links":{"self":[{"href":"https:\/\/eltrabajo.cl\/portal\/wp-json\/wp\/v2\/posts\/104664","targetHints":{"allow":["GET"]}}],"collection":[{"href":"https:\/\/eltrabajo.cl\/portal\/wp-json\/wp\/v2\/posts"}],"about":[{"href":"https:\/\/eltrabajo.cl\/portal\/wp-json\/wp\/v2\/types\/post"}],"author":[{"embeddable":true,"href":"https:\/\/eltrabajo.cl\/portal\/wp-json\/wp\/v2\/users\/482"}],"replies":[{"embeddable":true,"href":"https:\/\/eltrabajo.cl\/portal\/wp-json\/wp\/v2\/comments?post=104664"}],"version-history":[{"count":0,"href":"https:\/\/eltrabajo.cl\/portal\/wp-json\/wp\/v2\/posts\/104664\/revisions"}],"wp:featuredmedia":[{"embeddable":true,"href":"https:\/\/eltrabajo.cl\/portal\/wp-json\/wp\/v2\/media\/104665"}],"wp:attachment":[{"href":"https:\/\/eltrabajo.cl\/portal\/wp-json\/wp\/v2\/media?parent=104664"}],"wp:term":[{"taxonomy":"category","embeddable":true,"href":"https:\/\/eltrabajo.cl\/portal\/wp-json\/wp\/v2\/categories?post=104664"},{"taxonomy":"post_tag","embeddable":true,"href":"https:\/\/eltrabajo.cl\/portal\/wp-json\/wp\/v2\/tags?post=104664"}],"curies":[{"name":"wp","href":"https:\/\/api.w.org\/{rel}","templated":true}]}}