{"id":104669,"date":"2020-12-09T07:55:12","date_gmt":"2020-12-09T10:55:12","guid":{"rendered":"https:\/\/www.eltrabajo.cl\/portal\/?p=104669"},"modified":"2020-12-08T22:28:34","modified_gmt":"2020-12-09T01:28:34","slug":"propietarios-ruegan-a-las-autoridades-entreguen-luego-sus-departamentos","status":"publish","type":"post","link":"https:\/\/eltrabajo.cl\/portal\/propietarios-ruegan-a-las-autoridades-entreguen-luego-sus-departamentos\/","title":{"rendered":"Propietarios &#8216;ruegan&#8217; a las autoridades entreguen luego sus departamentos"},"content":{"rendered":"<p style=\"text-align: left;\"><span style=\"color: #ff0000;\"><strong>Socias del Condominio Jardines del Valle ya no aguantan m\u00e1s:<\/strong><\/span><\/p>\n<p style=\"text-align: justify;\">Realmente est\u00e1n desesperadas, ansiosas, en t\u00e9rminos chilenos \u00abque cortan las huinchas\u00bb por tener ya en su poder las llaves y estar viviendo en sus departamentos del Condominio Jardines del Valle, y es por eso que hacen un llamado a las autoridades para que se los entreguen lo antes posible, sabiendo en todo caso que el plazo de entrega es a fines del mes de enero del pr\u00f3ximo a\u00f1o.<\/p>\n<p style=\"text-align: justify;\">Y es que adem\u00e1s de la ansiedad por el nuevo hogar, est\u00e1 tambi\u00e9n la desesperaci\u00f3n porque nuevamente est\u00e1n siendo v\u00edctimas de delincuentes que les est\u00e1n robando algunos elementos como calef\u00f3n. En todo caso la empresa deber\u00eda responder por ellos.<\/p>\n<p style=\"text-align: justify;\"><strong>Carmen M\u00e9ndez<\/strong>, miembro de la directiva, reconoci\u00f3 a nuestro medio que est\u00e1n viviendo una situaci\u00f3n muy dif\u00edcil <em>\u00abporque hay muchas socias que tienen una urgencia, pero urgencia de que nos entreguen luego nuestros departamentos; eso desde septiembre con un 98% de cumplimiento de la obra y de todo terminado, pero faltan algunos papeles que no sabemos nosotros, tenemos entendido que era algo de Chilquinta, se solucion\u00f3 lo de Chilquinta y ahora estamos a la espera que nos entreguen nuestros departamentos porque ha habido de nuevo robos, se nos dice que la empresa tiene que responder, nosotros tenemos miedo que eso atrase la obra, atrase la entrega, en realidad el plazo es en enero del 2021\u00bb,<\/em> se\u00f1al\u00f3.<\/p>\n<p style=\"text-align: justify;\">Dice que Aldo Arancibia que es el encargado de obra del Serviu, lleva cuatro meses de adelanto, <em>\u00abpero nosotros en la pr\u00e1ctica no lo vemos, no vemos esos cuatro meses que la obra est\u00e1 adelantada en la entrega\u00bb,<\/em> se\u00f1ala Carmen.<\/p>\n<p style=\"text-align: justify;\">&#8211; <strong>\u00bfQu\u00e9 falta ahora para entregarlos, alguna certificaci\u00f3n?<\/strong><\/p>\n<p style=\"text-align: justify;\">&#8211; \u00daltimamente no sabemos lo que falta, no se nos ha dado una informaci\u00f3n clara que diga \u2018saben chiquillas, falta una certificaci\u00f3n\u2019. Faltaba la certificaci\u00f3n de Chilquinta y ellos ya terminaron, lo que nos falta, creo por parte de la empresa, es cerrar con las casetas los medidores, porque ya Chilquinta los enumer\u00f3, certific\u00f3 eso, pero no tenemos claro qu\u00e9 certificaci\u00f3n nos falta.<\/p>\n<p style=\"text-align: justify;\">&#8211; <strong>\u00bfEl agua est\u00e1 lista?<\/strong><\/p>\n<p style=\"text-align: justify;\">&#8211; El agua est\u00e1 lista, lo de bomberos creo que estaba listo tambi\u00e9n, lo que es certificaci\u00f3n, los de Obras dijeron que tambi\u00e9n estaba, excepto lo de la callecita, algo tienen que hacer ah\u00ed, que tienen que certificar una reja de protecci\u00f3n y eso solamente faltar\u00eda.<\/p>\n<p style=\"text-align: justify;\">&#8211; <strong>Hacer el llamado que se apuren en eso para poder entregarlos.<\/strong><\/p>\n<p style=\"text-align: justify;\">&#8211; Ojala y le pido a todas las autoridades, a ustedes los medios de comunicaci\u00f3n, para apurar eso y poderles solucionar los problemas a unos socios que son terribles los problemas que ellos tienen, todos tenemos urgencia, pero tenemos como 10 a 15 socios que est\u00e1n en una situaci\u00f3n desesperada, tenemos una socia que la tienen por voluntad, en el d\u00eda no puede estar en la casa, entonces se va donde otra socia que la acoge y solamente la tienen en la noche mientras le entregan su casa.<\/p>\n<p style=\"text-align: justify;\">En el lugar donde se ubica el port\u00f3n de la entrada principal al condominio, conversamos con tres socias: <strong>Mar\u00eda<\/strong>, <strong>Patricia<\/strong> y <strong>M\u00f3nica<\/strong>, las tres con dramas, entre ellas uno de violencia intrafamiliar.<\/p>\n<p style=\"text-align: justify;\">Mar\u00eda que vive con su hija nos comenta el drama que vive a diario por querer ya estar habitando su departamento: <em>\u00abEstoy desesperada porque llevo a\u00f1os pagando arriendo, se supon\u00eda que esto era r\u00e1pido, era para gente que realmente lo necesitaba. Es un condominio sociable porque lo necesitamos. La due\u00f1a de mi casa lleg\u00f3 a la casa con arrendatario, yo la hice pasar para que el arrendatario viera la casa y ella me dice: \u2018negocio es negocio, t\u00fa me pagas 250 que me va a pagar el arrendatario o me desocupas la casa\u2019. Ella misma fue a la constructora a buscar informaci\u00f3n, entonces yo estoy desesperada, quiero mi casa, vengo aqu\u00ed a una reuni\u00f3n con <strong>Patricia Boffa<\/strong>, que la hizo ac\u00e1 en la Nacional, pucha y me da la esperanza que en diciembre, el d\u00eda 18 nos entregan los departamentos\u2026 Es falso, porque anda entregando falsa informaci\u00f3n; <strong>Max Navas<\/strong> me dijo a fines de noviembre, entonces yo me desespero, empiezo a guardar mis cosas, soy sola con mi hija y tengo que salir adelante con mi hija y dan falsas esperanzas. Pero yo quiero una fecha definitiva, ya nos han tramitado tanto. Es cierto, estamos con la pandemia, todo se demora y ya nuevamente estamos siendo v\u00edctimas de los saqueos, de los robos y no hay ninguna soluci\u00f3n, los trabajos est\u00e1n malos, no tengo donde irme, yo quiero una soluci\u00f3n ya r\u00e1pida porque no es primera vez que estamos en esta\u00bb,<\/em> se\u00f1ala Mar\u00eda que paga un arriendo de 180 mil pesos en Villa Sol del Inca.<\/p>\n<p style=\"text-align: justify;\">Otra socia, Patricia, ella est\u00e1 viviendo un drama de violencia intrafamiliar porque vive con su ex pareja que la maltrata todos los d\u00edas y sencillamente no tiene d\u00f3nde irse: <em>\u00abNo voy a dar tantos detalles, ya est\u00e1 en el juzgado, es una violencia que arrastro hace ya 32 a\u00f1os; tengo un hijo que por petici\u00f3n m\u00eda mi ex para que le pusiera un psiquiatra, para saber si es Autismo o Asperger, yo he tenido que ser madre y padre a la vez. Yo lo que m\u00e1s deseo es vivir tranquila con mi hijo, tengo problemas judiciales porque \u00e9l en 32 a\u00f1os, es buen proveedor, no tengo nada que decir, pero ya se falt\u00f3 el respeto entre nosotros y lleg\u00f3 a amenazas de muerte; \u00e9l est\u00e1 en la casa de un patr\u00f3n a quien \u00e9l le hace trabajos y todos los d\u00edas me echa, me molesta, me dice que estoy \u2018webeando\u2019 en el Facebook, hace 10 a\u00f1os que no soy nada de \u00e9l\u00bb,<\/em> dice Patricia.<\/p>\n<p style=\"text-align: justify;\">&#8211; <strong>Reitere el llamado a la autoridad para entregar lo antes posible los departamentos.<\/strong><\/p>\n<p style=\"text-align: justify;\">&#8211; Por favor, porque lo necesito ojala para diciembre; realmente no s\u00e9 lo que es tomar un desayuno en paz, peleas, mi ex tampoco comprende a mi hijo, es un verdadero drama porque yo soy la \u00fanica que entiende a mi hijo y \u00e9l me chantajea que me lo va a quitar. Por eso le pido a las autoridades que por favor se pongan la manito en el coraz\u00f3n, ellos tienen su casa y no est\u00e1n pasando lo que yo paso todos los d\u00edas, peleas, discusiones y desgraciadamente porque no tengo d\u00f3nde estar tengo que estar en esa casa, encerrarme de noche, poner un bal\u00f3n de gas por miedo a que mi ex, que ocupa el piso de arriba, baje a donde estoy; hace 3 noches que no duermo.<\/p>\n<p style=\"text-align: justify;\"><strong>M\u00f3nica Almarza<\/strong>, al igual que las dem\u00e1s socias, se\u00f1ala a nuestro medio estar desesperada porque tiene que desalojar la casa que a ella le pasaron: <em>\u00abResulta que yo no tengo donde irme, yo ya estoy harta de esperar porque yo necesito mi departamento, soy una persona enferma, adem\u00e1s que nos han tra\u00eddo de puro cuento. Yo fui a la gobernaci\u00f3n, fui a hablar con el alcalde, fui a Serviu y no me dieron ninguna soluci\u00f3n. Ellos est\u00e1n tranquilos en sus casas, est\u00e1n tomando cafecito, duermen tranquilos, pero uno tiene que dormir a saltos \u00bfpor qu\u00e9?, porque ser\u00e1 hoy, ser\u00e1 ma\u00f1ana, ser\u00e1 pasado que yo tenga que salir, tengo hijo y eso no es justo porque a nosotros con esfuerzo nos ha costado esto, a nosotros no nos han regalado nada, nada\u00bb,<\/em> concluy\u00f3.<\/p>\n<p style=\"text-align: justify;\">\n<p style=\"text-align: justify;\"><span style=\"color: #ff0000;\"><strong>SERVIU RESPONDE<\/strong><\/span><\/p>\n<p style=\"text-align: justify;\">Consultada al respecto la delegada biprovincial del Serviu, <strong>Patricia Boffa Casas<\/strong>, dijo que los departamentos tienen como fecha de entrega el d\u00eda 25 de enero del 2021; <em>\u00abo sea no es que Serviu est\u00e9 atrasado en lo que est\u00e1 haciendo, no es que los servicios est\u00e9n atrasados, todo va de la mano con los t\u00e9rminos del contrato que ellos tienen claramente estipuladas las fechas de t\u00e9rmino. Lo que estamos haciendo es poder adelantar en m\u00e1s de un mes la entrega de estos departamentos que estamos barajando lo que es el mes de diciembre, no tenemos una fecha establecida toda vez que faltan algunos temas; faltan espec\u00edficamente temas con Chilquinta de conexiones y temas de los autom\u00e1ticos, falta la certificaci\u00f3n de pavimentos de Serviu porque hubo una modificaci\u00f3n de proyecto de pavimentos, aguas lluvias y habilitaci\u00f3n, por lo tanto necesitamos tener la certificaci\u00f3n para obtener la recepci\u00f3n municipal. Recordemos que ning\u00fan conjunto habitacional que nosotros tengamos podemos entregarlo sin la recepci\u00f3n municipal, por lo tanto eso nos estar\u00eda faltando para subsanar las observaciones por la Direcci\u00f3n de Obras que ya se dio una primera vuelta, ya estuvo haciendo los levantamientos y fueron estas peque\u00f1as observaciones que nos levantaron y es por eso que no hemos podido tener la recepci\u00f3n municipal y la certificaci\u00f3n de pavimentos de Serviu\u00bb,<\/em> dijo.<\/p>\n<p style=\"text-align: justify;\">El condominio se llama Jardines del Valle y agrupa a unas 100 familias. Se encuentra ubicado en la avenida Diego de Almagro.<\/p>\n<figure id=\"attachment_104670\" aria-describedby=\"caption-attachment-104670\" style=\"width: 698px\" class=\"wp-caption alignnone\"><img data-recalc-dims=\"1\" loading=\"lazy\" decoding=\"async\" class=\"size-full wp-image-104670\" src=\"https:\/\/i0.wp.com\/www.eltrabajo.cl\/portal\/wp-content\/uploads\/2020\/12\/vecinas-jardines-del-valle.jpg?resize=640%2C480&#038;ssl=1\" alt=\"Ac\u00e1 el grupo de vecinas frente al port\u00f3n de la entrada principal al condominio Jardines del Valle.\" width=\"640\" height=\"480\" srcset=\"https:\/\/i0.wp.com\/eltrabajo.cl\/portal\/wp-content\/uploads\/2020\/12\/vecinas-jardines-del-valle.jpg?w=698&amp;ssl=1 698w, https:\/\/i0.wp.com\/eltrabajo.cl\/portal\/wp-content\/uploads\/2020\/12\/vecinas-jardines-del-valle.jpg?resize=300%2C225&amp;ssl=1 300w, https:\/\/i0.wp.com\/eltrabajo.cl\/portal\/wp-content\/uploads\/2020\/12\/vecinas-jardines-del-valle.jpg?resize=200%2C150&amp;ssl=1 200w, https:\/\/i0.wp.com\/eltrabajo.cl\/portal\/wp-content\/uploads\/2020\/12\/vecinas-jardines-del-valle.jpg?resize=696%2C522&amp;ssl=1 696w\" sizes=\"auto, (max-width: 640px) 100vw, 640px\" \/><figcaption id=\"caption-attachment-104670\" class=\"wp-caption-text\">Ac\u00e1 el grupo de vecinas frente al port\u00f3n de la entrada principal al condominio Jardines del Valle.<\/figcaption><\/figure>\n","protected":false},"excerpt":{"rendered":"<p>Socias del Condominio Jardines del Valle ya no aguantan m\u00e1s: Realmente est\u00e1n desesperadas, ansiosas, en t\u00e9rminos chilenos \u00abque cortan las huinchas\u00bb por tener ya en su poder las llaves y estar viviendo&#8230;<\/p>\n","protected":false},"author":482,"featured_media":104670,"comment_status":"closed","ping_status":"open","sticky":false,"template":"","format":"standard","meta":{"advanced_seo_description":"","jetpack_seo_html_title":"","jetpack_seo_noindex":false,"_jetpack_memberships_contains_paid_content":false,"footnotes":""},"categories":[15],"tags":[],"class_list":["post-104669","post","type-post","status-publish","format-standard","has-post-thumbnail","hentry","category-comunidad"],"jetpack_featured_media_url":"https:\/\/i0.wp.com\/eltrabajo.cl\/portal\/wp-content\/uploads\/2020\/12\/vecinas-jardines-del-valle.jpg?fit=698%2C524&ssl=1","jetpack_sharing_enabled":true,"jetpack_likes_enabled":true,"jetpack-related-posts":[],"_links":{"self":[{"href":"https:\/\/eltrabajo.cl\/portal\/wp-json\/wp\/v2\/posts\/104669","targetHints":{"allow":["GET"]}}],"collection":[{"href":"https:\/\/eltrabajo.cl\/portal\/wp-json\/wp\/v2\/posts"}],"about":[{"href":"https:\/\/eltrabajo.cl\/portal\/wp-json\/wp\/v2\/types\/post"}],"author":[{"embeddable":true,"href":"https:\/\/eltrabajo.cl\/portal\/wp-json\/wp\/v2\/users\/482"}],"replies":[{"embeddable":true,"href":"https:\/\/eltrabajo.cl\/portal\/wp-json\/wp\/v2\/comments?post=104669"}],"version-history":[{"count":0,"href":"https:\/\/eltrabajo.cl\/portal\/wp-json\/wp\/v2\/posts\/104669\/revisions"}],"wp:featuredmedia":[{"embeddable":true,"href":"https:\/\/eltrabajo.cl\/portal\/wp-json\/wp\/v2\/media\/104670"}],"wp:attachment":[{"href":"https:\/\/eltrabajo.cl\/portal\/wp-json\/wp\/v2\/media?parent=104669"}],"wp:term":[{"taxonomy":"category","embeddable":true,"href":"https:\/\/eltrabajo.cl\/portal\/wp-json\/wp\/v2\/categories?post=104669"},{"taxonomy":"post_tag","embeddable":true,"href":"https:\/\/eltrabajo.cl\/portal\/wp-json\/wp\/v2\/tags?post=104669"}],"curies":[{"name":"wp","href":"https:\/\/api.w.org\/{rel}","templated":true}]}}