{"id":104677,"date":"2020-12-10T07:30:18","date_gmt":"2020-12-10T10:30:18","guid":{"rendered":"https:\/\/www.eltrabajo.cl\/portal\/?p=104677"},"modified":"2020-12-09T20:46:13","modified_gmt":"2020-12-09T23:46:13","slug":"ciclistas-de-todo-el-valle-recorrieron-atractiva-ruta-entre-putaendo-y-santa-maria","status":"publish","type":"post","link":"https:\/\/eltrabajo.cl\/portal\/ciclistas-de-todo-el-valle-recorrieron-atractiva-ruta-entre-putaendo-y-santa-maria\/","title":{"rendered":"Ciclistas de todo el valle recorrieron atractiva ruta entre Putaendo y Santa Mar\u00eda"},"content":{"rendered":"<p style=\"text-align: justify;\">En tiempos de pandemia donde la actividad deportiva est\u00e1 relegada a un segundo plano, es destacable el esfuerzo que hacen algunas instituciones y organizaciones para que los exponentes de distintas disciplinas puedan practicar el deporte que los apasiona.<\/p>\n<p style=\"text-align: justify;\">Ese fue el caso de un encuentro de Mountain Bike que el s\u00e1bado 5 de diciembre pasado realizaron el taller de deporte aventura de la comuna de La Calera, en conjunto con el club de ciclismo G\u00e1rgolas SMA, el team CCA MTB de La Calera y el team Puma Riders de Putaendo.<\/p>\n<p style=\"text-align: justify;\">Fue el directivo de G\u00e1rgolas SMA, <strong>Felipe L\u00f3pez<\/strong>, quien entreg\u00f3 a <strong>El Trabajo Deportivo<\/strong> antecedentes de la actividad denominada \u2018Ruta Sendero de Chile, Putaendo \u2013 Santa Mar\u00eda\u2019. <em>\u00abEl objetivo de esta actividad fue el poder compartir en una jornada deportivo \u2013 recreativa, con miembros de otros clubes y comunas. Disfrutamos de los alrededores y el entorno natural, manteniendo siempre un esp\u00edritu de camarader\u00eda y compa\u00f1erismo\u00bb,<\/em> explic\u00f3 L\u00f3pez, quien al final destac\u00f3 la reuni\u00f3n debido a que <em>\u00absirvi\u00f3 para la reactivaci\u00f3n de nuestro deporte y la actividad f\u00edsica al aire libre. Eso era lo importante\u00bb,<\/em> culmin\u00f3.<\/p>\n<figure id=\"attachment_104678\" aria-describedby=\"caption-attachment-104678\" style=\"width: 697px\" class=\"wp-caption alignnone\"><img data-recalc-dims=\"1\" loading=\"lazy\" decoding=\"async\" class=\"size-full wp-image-104678\" src=\"https:\/\/i0.wp.com\/www.eltrabajo.cl\/portal\/wp-content\/uploads\/2020\/12\/ciclistas.jpg?resize=640%2C185&#038;ssl=1\" alt=\"Muchos fueron los ciclistas que hicieron la ruta Sendero de Chile.\" width=\"640\" height=\"185\" srcset=\"https:\/\/i0.wp.com\/eltrabajo.cl\/portal\/wp-content\/uploads\/2020\/12\/ciclistas.jpg?w=697&amp;ssl=1 697w, https:\/\/i0.wp.com\/eltrabajo.cl\/portal\/wp-content\/uploads\/2020\/12\/ciclistas.jpg?resize=300%2C87&amp;ssl=1 300w, https:\/\/i0.wp.com\/eltrabajo.cl\/portal\/wp-content\/uploads\/2020\/12\/ciclistas.jpg?resize=200%2C58&amp;ssl=1 200w\" sizes=\"auto, (max-width: 640px) 100vw, 640px\" \/><figcaption id=\"caption-attachment-104678\" class=\"wp-caption-text\">Muchos fueron los ciclistas que hicieron la ruta Sendero de Chile.<\/figcaption><\/figure>\n<figure id=\"attachment_104679\" aria-describedby=\"caption-attachment-104679\" style=\"width: 698px\" class=\"wp-caption alignnone\"><img data-recalc-dims=\"1\" loading=\"lazy\" decoding=\"async\" class=\"size-full wp-image-104679\" src=\"https:\/\/i0.wp.com\/www.eltrabajo.cl\/portal\/wp-content\/uploads\/2020\/12\/ciclistas-1.jpg?resize=640%2C288&#038;ssl=1\" alt=\"La actividad sirvi\u00f3 para reencontrase y realizar la disciplina deportiva que les apasiona.\" width=\"640\" height=\"288\" srcset=\"https:\/\/i0.wp.com\/eltrabajo.cl\/portal\/wp-content\/uploads\/2020\/12\/ciclistas-1.jpg?w=698&amp;ssl=1 698w, https:\/\/i0.wp.com\/eltrabajo.cl\/portal\/wp-content\/uploads\/2020\/12\/ciclistas-1.jpg?resize=300%2C135&amp;ssl=1 300w, https:\/\/i0.wp.com\/eltrabajo.cl\/portal\/wp-content\/uploads\/2020\/12\/ciclistas-1.jpg?resize=200%2C90&amp;ssl=1 200w, https:\/\/i0.wp.com\/eltrabajo.cl\/portal\/wp-content\/uploads\/2020\/12\/ciclistas-1.jpg?resize=696%2C313&amp;ssl=1 696w\" sizes=\"auto, (max-width: 640px) 100vw, 640px\" \/><figcaption id=\"caption-attachment-104679\" class=\"wp-caption-text\">La actividad sirvi\u00f3 para reencontrase y realizar la disciplina deportiva que les apasiona.<\/figcaption><\/figure>\n","protected":false},"excerpt":{"rendered":"<p>En tiempos de pandemia donde la actividad deportiva est\u00e1 relegada a un segundo plano, es destacable el esfuerzo que hacen algunas instituciones y organizaciones para que los exponentes de distintas disciplinas puedan&#8230;<\/p>\n","protected":false},"author":482,"featured_media":104679,"comment_status":"closed","ping_status":"open","sticky":false,"template":"","format":"standard","meta":{"advanced_seo_description":"","jetpack_seo_html_title":"","jetpack_seo_noindex":false,"_jetpack_memberships_contains_paid_content":false,"footnotes":""},"categories":[19],"tags":[],"class_list":["post-104677","post","type-post","status-publish","format-standard","has-post-thumbnail","hentry","category-deportes"],"jetpack_featured_media_url":"https:\/\/i0.wp.com\/eltrabajo.cl\/portal\/wp-content\/uploads\/2020\/12\/ciclistas-1.jpg?fit=698%2C314&ssl=1","jetpack_sharing_enabled":true,"jetpack_likes_enabled":true,"jetpack-related-posts":[],"_links":{"self":[{"href":"https:\/\/eltrabajo.cl\/portal\/wp-json\/wp\/v2\/posts\/104677","targetHints":{"allow":["GET"]}}],"collection":[{"href":"https:\/\/eltrabajo.cl\/portal\/wp-json\/wp\/v2\/posts"}],"about":[{"href":"https:\/\/eltrabajo.cl\/portal\/wp-json\/wp\/v2\/types\/post"}],"author":[{"embeddable":true,"href":"https:\/\/eltrabajo.cl\/portal\/wp-json\/wp\/v2\/users\/482"}],"replies":[{"embeddable":true,"href":"https:\/\/eltrabajo.cl\/portal\/wp-json\/wp\/v2\/comments?post=104677"}],"version-history":[{"count":0,"href":"https:\/\/eltrabajo.cl\/portal\/wp-json\/wp\/v2\/posts\/104677\/revisions"}],"wp:featuredmedia":[{"embeddable":true,"href":"https:\/\/eltrabajo.cl\/portal\/wp-json\/wp\/v2\/media\/104679"}],"wp:attachment":[{"href":"https:\/\/eltrabajo.cl\/portal\/wp-json\/wp\/v2\/media?parent=104677"}],"wp:term":[{"taxonomy":"category","embeddable":true,"href":"https:\/\/eltrabajo.cl\/portal\/wp-json\/wp\/v2\/categories?post=104677"},{"taxonomy":"post_tag","embeddable":true,"href":"https:\/\/eltrabajo.cl\/portal\/wp-json\/wp\/v2\/tags?post=104677"}],"curies":[{"name":"wp","href":"https:\/\/api.w.org\/{rel}","templated":true}]}}