{"id":104685,"date":"2020-12-10T07:40:37","date_gmt":"2020-12-10T10:40:37","guid":{"rendered":"https:\/\/www.eltrabajo.cl\/portal\/?p=104685"},"modified":"2020-12-09T20:50:22","modified_gmt":"2020-12-09T23:50:22","slug":"joven-sanfelipeno-convocado-a-la-preseleccion-chilena-masculina-u15","status":"publish","type":"post","link":"https:\/\/eltrabajo.cl\/portal\/joven-sanfelipeno-convocado-a-la-preseleccion-chilena-masculina-u15\/","title":{"rendered":"Joven sanfelipe\u00f1o convocado a la preselecci\u00f3n chilena masculina U15"},"content":{"rendered":"<p style=\"text-align: justify;\">Desde el martes pasado en las instalaciones del Comit\u00e9 Ol\u00edmpico de Chile (CEO), en la comuna de \u00d1u\u00f1oa, se encuentra entrenando el jugador aconcag\u00fcino <strong>Fernando Acu\u00f1a<\/strong>, quien fue convocado por el entrenador <strong>Daniel Frola<\/strong> para integrar la Preseleccion chilena U15.<\/p>\n<p style=\"text-align: justify;\">Con esta nominaci\u00f3n el integrante de San Felipe Basket da otro paso adelante en sus intenciones de quedar en la n\u00f3mina definitiva del combinado nacional que se est\u00e1 preparando para jugar el pr\u00f3ximo torneo Sudamericano de la categor\u00eda que tendr\u00e1 como sede a Colombia.<\/p>\n<p style=\"text-align: justify;\">Para el baloncesto local es muy positivo que un sanfelipe\u00f1o sea considerado para estar en la <strong>\u2018Rojita de Todos\u2019<\/strong>, porque reafirma que la zona es generadora de basquetbolistas de nivel, lo que ha permitido convertir a San Felipe en una verdadera potencia nacional a nivel formativo.<\/p>\n<p style=\"text-align: justify;\">En un principio el certamen estaba programado para este a\u00f1o, pero la pandemia del Coronavirus Covid\u201319 hizo que se aplazara hasta abril o mayo del 2021, adem\u00e1s de modificarse la categor\u00eda ya que deber\u00e1 ser U16.<\/p>\n<p style=\"text-align: justify;\">Los trabajos en que participa Fernando Acu\u00f1a junto a otros 17 adolescentes se extender\u00e1n hasta el s\u00e1bado 12 de este mes.<\/p>\n<figure id=\"attachment_104687\" aria-describedby=\"caption-attachment-104687\" style=\"width: 699px\" class=\"wp-caption alignnone\"><img data-recalc-dims=\"1\" loading=\"lazy\" decoding=\"async\" class=\"size-full wp-image-104687\" src=\"https:\/\/i0.wp.com\/www.eltrabajo.cl\/portal\/wp-content\/uploads\/2020\/12\/fernando-acuna.jpg?resize=640%2C1075&#038;ssl=1\" alt=\"OTRO PASO.- El joven aconcag\u00fcino Fernando Acu\u00f1a est\u00e1 muy cerca de alcanzar su sue\u00f1o de integrar la selecci\u00f3n chilena U15.\" width=\"640\" height=\"1075\" srcset=\"https:\/\/i0.wp.com\/eltrabajo.cl\/portal\/wp-content\/uploads\/2020\/12\/fernando-acuna.jpg?w=699&amp;ssl=1 699w, https:\/\/i0.wp.com\/eltrabajo.cl\/portal\/wp-content\/uploads\/2020\/12\/fernando-acuna.jpg?resize=179%2C300&amp;ssl=1 179w, https:\/\/i0.wp.com\/eltrabajo.cl\/portal\/wp-content\/uploads\/2020\/12\/fernando-acuna.jpg?resize=610%2C1024&amp;ssl=1 610w, https:\/\/i0.wp.com\/eltrabajo.cl\/portal\/wp-content\/uploads\/2020\/12\/fernando-acuna.jpg?resize=89%2C150&amp;ssl=1 89w, https:\/\/i0.wp.com\/eltrabajo.cl\/portal\/wp-content\/uploads\/2020\/12\/fernando-acuna.jpg?resize=696%2C1169&amp;ssl=1 696w\" sizes=\"auto, (max-width: 640px) 100vw, 640px\" \/><figcaption id=\"caption-attachment-104687\" class=\"wp-caption-text\">OTRO PASO.- El joven aconcag\u00fcino Fernando Acu\u00f1a est\u00e1 muy cerca de alcanzar su sue\u00f1o de integrar la selecci\u00f3n chilena U15.<\/figcaption><\/figure>\n","protected":false},"excerpt":{"rendered":"<p>Desde el martes pasado en las instalaciones del Comit\u00e9 Ol\u00edmpico de Chile (CEO), en la comuna de \u00d1u\u00f1oa, se encuentra entrenando el jugador aconcag\u00fcino Fernando Acu\u00f1a, quien fue convocado por el entrenador&#8230;<\/p>\n","protected":false},"author":482,"featured_media":104686,"comment_status":"closed","ping_status":"open","sticky":false,"template":"","format":"standard","meta":{"advanced_seo_description":"","jetpack_seo_html_title":"","jetpack_seo_noindex":false,"_jetpack_memberships_contains_paid_content":false,"footnotes":""},"categories":[19],"tags":[],"class_list":["post-104685","post","type-post","status-publish","format-standard","has-post-thumbnail","hentry","category-deportes"],"jetpack_featured_media_url":"https:\/\/i0.wp.com\/eltrabajo.cl\/portal\/wp-content\/uploads\/2020\/12\/fernando-acuna-copia.jpg?fit=700%2C478&ssl=1","jetpack_sharing_enabled":true,"jetpack_likes_enabled":true,"jetpack-related-posts":[],"_links":{"self":[{"href":"https:\/\/eltrabajo.cl\/portal\/wp-json\/wp\/v2\/posts\/104685","targetHints":{"allow":["GET"]}}],"collection":[{"href":"https:\/\/eltrabajo.cl\/portal\/wp-json\/wp\/v2\/posts"}],"about":[{"href":"https:\/\/eltrabajo.cl\/portal\/wp-json\/wp\/v2\/types\/post"}],"author":[{"embeddable":true,"href":"https:\/\/eltrabajo.cl\/portal\/wp-json\/wp\/v2\/users\/482"}],"replies":[{"embeddable":true,"href":"https:\/\/eltrabajo.cl\/portal\/wp-json\/wp\/v2\/comments?post=104685"}],"version-history":[{"count":0,"href":"https:\/\/eltrabajo.cl\/portal\/wp-json\/wp\/v2\/posts\/104685\/revisions"}],"wp:featuredmedia":[{"embeddable":true,"href":"https:\/\/eltrabajo.cl\/portal\/wp-json\/wp\/v2\/media\/104686"}],"wp:attachment":[{"href":"https:\/\/eltrabajo.cl\/portal\/wp-json\/wp\/v2\/media?parent=104685"}],"wp:term":[{"taxonomy":"category","embeddable":true,"href":"https:\/\/eltrabajo.cl\/portal\/wp-json\/wp\/v2\/categories?post=104685"},{"taxonomy":"post_tag","embeddable":true,"href":"https:\/\/eltrabajo.cl\/portal\/wp-json\/wp\/v2\/tags?post=104685"}],"curies":[{"name":"wp","href":"https:\/\/api.w.org\/{rel}","templated":true}]}}