{"id":104694,"date":"2020-12-10T07:50:46","date_gmt":"2020-12-10T10:50:46","guid":{"rendered":"https:\/\/www.eltrabajo.cl\/portal\/?p=104694"},"modified":"2020-12-09T20:57:29","modified_gmt":"2020-12-09T23:57:29","slug":"arranco-caja-de-semaforos-y-quedo-incrustado-en-el-bandejon-de-chacabuco","status":"publish","type":"post","link":"https:\/\/eltrabajo.cl\/portal\/arranco-caja-de-semaforos-y-quedo-incrustado-en-el-bandejon-de-chacabuco\/","title":{"rendered":"Arranc\u00f3 caja de sem\u00e1foros y qued\u00f3 incrustado en el bandej\u00f3n de Chacabuco"},"content":{"rendered":"<p style=\"text-align: left;\"><span style=\"color: #ff0000;\"><strong>Conductor de camioneta se desvaneci\u00f3 mientras conduc\u00eda:<\/strong><\/span><\/p>\n<p style=\"text-align: justify;\">Un adulto mayor result\u00f3 con golpes de consideraci\u00f3n luego que se desvaneciera al volante de su camioneta (patente UW 71 35 color dorado) y perdiera el control, sali\u00e9ndose de la v\u00eda\u00a0 y destruyendo violentamente a su paso la pesada caja de control de sem\u00e1foros cuando conduc\u00eda de oriente a poniente, quedando finalmente incrustado en el bandej\u00f3n de Avenida Chacabuco.<\/p>\n<p style=\"text-align: justify;\">Al lugar acudieron en cuesti\u00f3n de minutos unidades B1 y B2 de Bomberos, dos ambulancias del SAMU, Carabineros y las c\u00e1maras de <strong>Diario El Trabajo<\/strong>.<\/p>\n<p style=\"text-align: justify;\">El paciente no presentaba heridas ni fracturas visibles, no obstante los param\u00e9dicos igualmente lo estabilizaron y en camilla lo ingresaron a una de las ambulancias para ser trasladado al Hospital San Camilo donde los equipos m\u00e9dicos podr\u00edan examinarlo m\u00e1s detenidamente.<\/p>\n<p style=\"text-align: justify;\"><strong>Roberto Gonz\u00e1lez Short<\/strong><\/p>\n<figure id=\"attachment_104695\" aria-describedby=\"caption-attachment-104695\" style=\"width: 699px\" class=\"wp-caption alignnone\"><img data-recalc-dims=\"1\" loading=\"lazy\" decoding=\"async\" class=\"size-full wp-image-104695\" src=\"https:\/\/i0.wp.com\/www.eltrabajo.cl\/portal\/wp-content\/uploads\/2020\/12\/Desvanecido1.jpg?resize=640%2C423&#038;ssl=1\" alt=\"PUDO SER PEOR.- Junto a la enorme y pesada caja de control principal de sem\u00e1foros fue atendido este conductor por param\u00e9dicos del SAMU, luego que se desvaneciera y perdiera el control de su camioneta.\" width=\"640\" height=\"423\" srcset=\"https:\/\/i0.wp.com\/eltrabajo.cl\/portal\/wp-content\/uploads\/2020\/12\/Desvanecido1.jpg?w=699&amp;ssl=1 699w, https:\/\/i0.wp.com\/eltrabajo.cl\/portal\/wp-content\/uploads\/2020\/12\/Desvanecido1.jpg?resize=300%2C198&amp;ssl=1 300w, https:\/\/i0.wp.com\/eltrabajo.cl\/portal\/wp-content\/uploads\/2020\/12\/Desvanecido1.jpg?resize=200%2C132&amp;ssl=1 200w, https:\/\/i0.wp.com\/eltrabajo.cl\/portal\/wp-content\/uploads\/2020\/12\/Desvanecido1.jpg?resize=696%2C460&amp;ssl=1 696w\" sizes=\"auto, (max-width: 640px) 100vw, 640px\" \/><figcaption id=\"caption-attachment-104695\" class=\"wp-caption-text\">PUDO SER PEOR.- Junto a la enorme y pesada caja de control principal de sem\u00e1foros fue atendido este conductor por param\u00e9dicos del SAMU, luego que se desvaneciera y perdiera el control de su camioneta.<\/figcaption><\/figure>\n<figure id=\"attachment_104696\" aria-describedby=\"caption-attachment-104696\" style=\"width: 699px\" class=\"wp-caption alignnone\"><img data-recalc-dims=\"1\" loading=\"lazy\" decoding=\"async\" class=\"size-full wp-image-104696\" src=\"https:\/\/i0.wp.com\/www.eltrabajo.cl\/portal\/wp-content\/uploads\/2020\/12\/Desvanecido2.jpg?resize=640%2C410&#038;ssl=1\" alt=\"CONDUCTOR A URGENCIAS.- El conductor fue trasladado en camilla hasta la unidad del Samu, y luego al Hospital San Camilo.\" width=\"640\" height=\"410\" srcset=\"https:\/\/i0.wp.com\/eltrabajo.cl\/portal\/wp-content\/uploads\/2020\/12\/Desvanecido2.jpg?w=699&amp;ssl=1 699w, https:\/\/i0.wp.com\/eltrabajo.cl\/portal\/wp-content\/uploads\/2020\/12\/Desvanecido2.jpg?resize=300%2C192&amp;ssl=1 300w, https:\/\/i0.wp.com\/eltrabajo.cl\/portal\/wp-content\/uploads\/2020\/12\/Desvanecido2.jpg?resize=200%2C128&amp;ssl=1 200w, https:\/\/i0.wp.com\/eltrabajo.cl\/portal\/wp-content\/uploads\/2020\/12\/Desvanecido2.jpg?resize=696%2C446&amp;ssl=1 696w\" sizes=\"auto, (max-width: 640px) 100vw, 640px\" \/><figcaption id=\"caption-attachment-104696\" class=\"wp-caption-text\">CONDUCTOR A URGENCIAS.- El conductor fue trasladado en camilla hasta la unidad del Samu, y luego al Hospital San Camilo.<\/figcaption><\/figure>\n<figure id=\"attachment_104697\" aria-describedby=\"caption-attachment-104697\" style=\"width: 699px\" class=\"wp-caption alignnone\"><img data-recalc-dims=\"1\" loading=\"lazy\" decoding=\"async\" class=\"size-full wp-image-104697\" src=\"https:\/\/i0.wp.com\/www.eltrabajo.cl\/portal\/wp-content\/uploads\/2020\/12\/Desvanecido3.jpg?resize=640%2C428&#038;ssl=1\" alt=\"ESCENA CONTROLADA.- Rescatistas de Bomberos desconectaron la bater\u00eda de la camioneta para evitar que esta se incendiara.\" width=\"640\" height=\"428\" srcset=\"https:\/\/i0.wp.com\/eltrabajo.cl\/portal\/wp-content\/uploads\/2020\/12\/Desvanecido3.jpg?w=699&amp;ssl=1 699w, https:\/\/i0.wp.com\/eltrabajo.cl\/portal\/wp-content\/uploads\/2020\/12\/Desvanecido3.jpg?resize=300%2C201&amp;ssl=1 300w, https:\/\/i0.wp.com\/eltrabajo.cl\/portal\/wp-content\/uploads\/2020\/12\/Desvanecido3.jpg?resize=200%2C134&amp;ssl=1 200w, https:\/\/i0.wp.com\/eltrabajo.cl\/portal\/wp-content\/uploads\/2020\/12\/Desvanecido3.jpg?resize=696%2C466&amp;ssl=1 696w\" sizes=\"auto, (max-width: 640px) 100vw, 640px\" \/><figcaption id=\"caption-attachment-104697\" class=\"wp-caption-text\">ESCENA CONTROLADA.- Rescatistas de Bomberos desconectaron la bater\u00eda de la camioneta para evitar que esta se incendiara.<\/figcaption><\/figure>\n","protected":false},"excerpt":{"rendered":"<p>Conductor de camioneta se desvaneci\u00f3 mientras conduc\u00eda: Un adulto mayor result\u00f3 con golpes de consideraci\u00f3n luego que se desvaneciera al volante de su camioneta (patente UW 71 35 color dorado) y perdiera&#8230;<\/p>\n","protected":false},"author":482,"featured_media":104695,"comment_status":"closed","ping_status":"open","sticky":false,"template":"","format":"standard","meta":{"advanced_seo_description":"","jetpack_seo_html_title":"","jetpack_seo_noindex":false,"_jetpack_memberships_contains_paid_content":false,"footnotes":""},"categories":[21],"tags":[],"class_list":["post-104694","post","type-post","status-publish","format-standard","has-post-thumbnail","hentry","category-policial"],"jetpack_featured_media_url":"https:\/\/i0.wp.com\/eltrabajo.cl\/portal\/wp-content\/uploads\/2020\/12\/Desvanecido1.jpg?fit=699%2C462&ssl=1","jetpack_sharing_enabled":true,"jetpack_likes_enabled":true,"jetpack-related-posts":[],"_links":{"self":[{"href":"https:\/\/eltrabajo.cl\/portal\/wp-json\/wp\/v2\/posts\/104694","targetHints":{"allow":["GET"]}}],"collection":[{"href":"https:\/\/eltrabajo.cl\/portal\/wp-json\/wp\/v2\/posts"}],"about":[{"href":"https:\/\/eltrabajo.cl\/portal\/wp-json\/wp\/v2\/types\/post"}],"author":[{"embeddable":true,"href":"https:\/\/eltrabajo.cl\/portal\/wp-json\/wp\/v2\/users\/482"}],"replies":[{"embeddable":true,"href":"https:\/\/eltrabajo.cl\/portal\/wp-json\/wp\/v2\/comments?post=104694"}],"version-history":[{"count":0,"href":"https:\/\/eltrabajo.cl\/portal\/wp-json\/wp\/v2\/posts\/104694\/revisions"}],"wp:featuredmedia":[{"embeddable":true,"href":"https:\/\/eltrabajo.cl\/portal\/wp-json\/wp\/v2\/media\/104695"}],"wp:attachment":[{"href":"https:\/\/eltrabajo.cl\/portal\/wp-json\/wp\/v2\/media?parent=104694"}],"wp:term":[{"taxonomy":"category","embeddable":true,"href":"https:\/\/eltrabajo.cl\/portal\/wp-json\/wp\/v2\/categories?post=104694"},{"taxonomy":"post_tag","embeddable":true,"href":"https:\/\/eltrabajo.cl\/portal\/wp-json\/wp\/v2\/tags?post=104694"}],"curies":[{"name":"wp","href":"https:\/\/api.w.org\/{rel}","templated":true}]}}