{"id":104699,"date":"2020-12-10T07:55:52","date_gmt":"2020-12-10T10:55:52","guid":{"rendered":"https:\/\/www.eltrabajo.cl\/portal\/?p=104699"},"modified":"2020-12-09T21:01:33","modified_gmt":"2020-12-10T00:01:33","slug":"condenan-a-18-anos-de-carcel-a-padre-que-abuso-varias-veces-de-hija-de-9-anos","status":"publish","type":"post","link":"https:\/\/eltrabajo.cl\/portal\/condenan-a-18-anos-de-carcel-a-padre-que-abuso-varias-veces-de-hija-de-9-anos\/","title":{"rendered":"Condenan a 18 a\u00f1os de c\u00e1rcel a padre que abus\u00f3 varias veces de hija de 9 a\u00f1os"},"content":{"rendered":"<p style=\"text-align: left;\"><span style=\"color: #ff0000;\"><strong>Tribunal Oral en Lo Penal de San Felipe:<\/strong><\/span><\/p>\n<p style=\"text-align: justify;\">El Tribunal Oral en Lo Penal de San Felipe conden\u00f3 a 18 a\u00f1os de c\u00e1rcel efectiva a un padre que abus\u00f3 sexualmente de su hija menor de 14 a\u00f1os.<\/p>\n<p style=\"text-align: justify;\">Seg\u00fan expuso ante los jueces el fiscal especialista en delitos sexuales, <strong>Alejandro Bustos<\/strong>, el condenado cometi\u00f3 los hechos de manera reiterada entre los a\u00f1os 2003 y 2017 en contra de su propia hija, menor que ten\u00eda en esa fecha s\u00f3lo nueve a\u00f1os de edad.<\/p>\n<p style=\"text-align: justify;\">De acuerdo a la informaci\u00f3n entregada por el Ministerio P\u00fablico, el imputado comet\u00eda estos actos en los domicilios que ocupaba con la menor cuando no era visto por su pareja, madre de la menor. La mayor\u00eda de los delitos ocurrieron en la comuna de San Felipe en distintos domicilios, como en Pichidangui, comuna de Los Vilos, durante unas vacaciones.<\/p>\n<p style=\"text-align: justify;\">Seg\u00fan se expuso en la sentencia, las pruebas expuestas, la declaraci\u00f3n de testigos y peritos lograron acreditar los hechos de la acusaci\u00f3n, pese a que la defensa solicitaba la absoluci\u00f3n de su representado, fundada en la inexistencia de los hechos por los que fue acusado, petici\u00f3n que sostuvo hasta el final del proceso.<\/p>\n<p style=\"text-align: justify;\">Fue as\u00ed que la sala del Tribunal de Juicio Oral en lo Penal de San Felipe, constituida por los magistrados <strong>Rodrigo Cort\u00e9s Guti\u00e9rrez<\/strong>, presidente de la sala, <strong>Alejandra Araya Fuentes<\/strong> y <strong>Constanza Olsen Tapia<\/strong>, se\u00f1ala lo siguiente: <em>\u00abSe estima que los il\u00edcitos que se tuvieron por cierto en autos, han provocado un da\u00f1o que va m\u00e1s all\u00e1 del acto abusivo en s\u00ed, ocasionando detrimento mental y emocional los que a\u00fan \u2013a la fecha\u2013 se evidencian en sintomatolog\u00eda ansiosa y labilidad emocional, entre otros factores, estimando, entonces, que la pena de 18 a\u00f1os de presidio mayor en su grado m\u00e1ximo, es condigna al il\u00edcito abonado\u00bb.<\/em><\/p>\n<p style=\"text-align: justify;\">Pena que deber\u00e1 cumplir de manera efectiva por el delito de abuso sexual calificado del 365 Bis y abusos sexuales reiterados del 366 bis del c\u00f3digo penal.<\/p>\n<p style=\"text-align: justify;\">Adem\u00e1s, a solicitud del Ministerio P\u00fablico se solicit\u00f3 la pena accesoria de prohibici\u00f3n de acercamiento a la v\u00edctima, en atenci\u00f3n a que existe la posibilidad que el encausado acceda al medio libre antes del cumplimiento de la condena, lo que acept\u00f3 el tribunal velando por la integridad de la v\u00edctima.<\/p>\n<p style=\"text-align: justify;\">El juicio dur\u00f3 cinco d\u00edas.<\/p>\n<figure id=\"attachment_104700\" aria-describedby=\"caption-attachment-104700\" style=\"width: 698px\" class=\"wp-caption alignnone\"><img data-recalc-dims=\"1\" loading=\"lazy\" decoding=\"async\" class=\"size-full wp-image-104700\" src=\"https:\/\/i0.wp.com\/www.eltrabajo.cl\/portal\/wp-content\/uploads\/2020\/12\/violacion.jpg?resize=640%2C360&#038;ssl=1\" alt=\"La peque\u00f1a fue abusada por su propio padre cuando ten\u00eda 9 a\u00f1os, entre 2013 y 2017. (Referencial)\" width=\"640\" height=\"360\" srcset=\"https:\/\/i0.wp.com\/eltrabajo.cl\/portal\/wp-content\/uploads\/2020\/12\/violacion.jpg?w=698&amp;ssl=1 698w, https:\/\/i0.wp.com\/eltrabajo.cl\/portal\/wp-content\/uploads\/2020\/12\/violacion.jpg?resize=300%2C169&amp;ssl=1 300w, https:\/\/i0.wp.com\/eltrabajo.cl\/portal\/wp-content\/uploads\/2020\/12\/violacion.jpg?resize=200%2C113&amp;ssl=1 200w, https:\/\/i0.wp.com\/eltrabajo.cl\/portal\/wp-content\/uploads\/2020\/12\/violacion.jpg?resize=696%2C392&amp;ssl=1 696w\" sizes=\"auto, (max-width: 640px) 100vw, 640px\" \/><figcaption id=\"caption-attachment-104700\" class=\"wp-caption-text\">La peque\u00f1a fue abusada por su propio padre cuando ten\u00eda 9 a\u00f1os, entre 2013 y 2017. (Referencial)<\/figcaption><\/figure>\n<figure id=\"attachment_104701\" aria-describedby=\"caption-attachment-104701\" style=\"width: 699px\" class=\"wp-caption alignnone\"><img data-recalc-dims=\"1\" loading=\"lazy\" decoding=\"async\" class=\"size-full wp-image-104701\" src=\"https:\/\/i0.wp.com\/www.eltrabajo.cl\/portal\/wp-content\/uploads\/2020\/12\/fiscal-alejandro-bustos-1.jpg?resize=640%2C340&#038;ssl=1\" alt=\"Alejandro Bustos, fiscal especialista en delitos sexuales.\" width=\"640\" height=\"340\" srcset=\"https:\/\/i0.wp.com\/eltrabajo.cl\/portal\/wp-content\/uploads\/2020\/12\/fiscal-alejandro-bustos-1.jpg?w=699&amp;ssl=1 699w, https:\/\/i0.wp.com\/eltrabajo.cl\/portal\/wp-content\/uploads\/2020\/12\/fiscal-alejandro-bustos-1.jpg?resize=300%2C159&amp;ssl=1 300w, https:\/\/i0.wp.com\/eltrabajo.cl\/portal\/wp-content\/uploads\/2020\/12\/fiscal-alejandro-bustos-1.jpg?resize=200%2C106&amp;ssl=1 200w, https:\/\/i0.wp.com\/eltrabajo.cl\/portal\/wp-content\/uploads\/2020\/12\/fiscal-alejandro-bustos-1.jpg?resize=696%2C369&amp;ssl=1 696w\" sizes=\"auto, (max-width: 640px) 100vw, 640px\" \/><figcaption id=\"caption-attachment-104701\" class=\"wp-caption-text\">Alejandro Bustos, fiscal especialista en delitos sexuales.<\/figcaption><\/figure>\n","protected":false},"excerpt":{"rendered":"<p>Tribunal Oral en Lo Penal de San Felipe: El Tribunal Oral en Lo Penal de San Felipe conden\u00f3 a 18 a\u00f1os de c\u00e1rcel efectiva a un padre que abus\u00f3 sexualmente de su&#8230;<\/p>\n","protected":false},"author":482,"featured_media":104700,"comment_status":"closed","ping_status":"open","sticky":false,"template":"","format":"standard","meta":{"advanced_seo_description":"","jetpack_seo_html_title":"","jetpack_seo_noindex":false,"_jetpack_memberships_contains_paid_content":false,"footnotes":""},"categories":[97],"tags":[],"class_list":["post-104699","post","type-post","status-publish","format-standard","has-post-thumbnail","hentry","category-tribunales"],"jetpack_featured_media_url":"https:\/\/i0.wp.com\/eltrabajo.cl\/portal\/wp-content\/uploads\/2020\/12\/violacion.jpg?fit=698%2C393&ssl=1","jetpack_sharing_enabled":true,"jetpack_likes_enabled":true,"jetpack-related-posts":[],"_links":{"self":[{"href":"https:\/\/eltrabajo.cl\/portal\/wp-json\/wp\/v2\/posts\/104699","targetHints":{"allow":["GET"]}}],"collection":[{"href":"https:\/\/eltrabajo.cl\/portal\/wp-json\/wp\/v2\/posts"}],"about":[{"href":"https:\/\/eltrabajo.cl\/portal\/wp-json\/wp\/v2\/types\/post"}],"author":[{"embeddable":true,"href":"https:\/\/eltrabajo.cl\/portal\/wp-json\/wp\/v2\/users\/482"}],"replies":[{"embeddable":true,"href":"https:\/\/eltrabajo.cl\/portal\/wp-json\/wp\/v2\/comments?post=104699"}],"version-history":[{"count":0,"href":"https:\/\/eltrabajo.cl\/portal\/wp-json\/wp\/v2\/posts\/104699\/revisions"}],"wp:featuredmedia":[{"embeddable":true,"href":"https:\/\/eltrabajo.cl\/portal\/wp-json\/wp\/v2\/media\/104700"}],"wp:attachment":[{"href":"https:\/\/eltrabajo.cl\/portal\/wp-json\/wp\/v2\/media?parent=104699"}],"wp:term":[{"taxonomy":"category","embeddable":true,"href":"https:\/\/eltrabajo.cl\/portal\/wp-json\/wp\/v2\/categories?post=104699"},{"taxonomy":"post_tag","embeddable":true,"href":"https:\/\/eltrabajo.cl\/portal\/wp-json\/wp\/v2\/tags?post=104699"}],"curies":[{"name":"wp","href":"https:\/\/api.w.org\/{rel}","templated":true}]}}