{"id":104715,"date":"2020-12-11T07:40:34","date_gmt":"2020-12-11T10:40:34","guid":{"rendered":"https:\/\/www.eltrabajo.cl\/portal\/?p=104715"},"modified":"2020-12-10T20:44:54","modified_gmt":"2020-12-10T23:44:54","slug":"raul-amar-comienza-a-brillar-en-los-estados-unidos","status":"publish","type":"post","link":"https:\/\/eltrabajo.cl\/portal\/raul-amar-comienza-a-brillar-en-los-estados-unidos\/","title":{"rendered":"Ra\u00fal Amar comienza a brillar en los Estados Unidos"},"content":{"rendered":"<p style=\"text-align: justify;\">Muy bien, por no decir excelente, le est\u00e1n saliendo las cosas al joven sanfelipe\u00f1o <strong>Ra\u00fal Amar<\/strong> en los EEUU. Hace una semana el jugador salido de las filas del club Arturo Prat, se titul\u00f3 campe\u00f3n junto a su equipo Miami Prep. En dicha competencia se reunieron 25 quintetos.<\/p>\n<p style=\"text-align: justify;\">Los n\u00fameros de Ra\u00fal Amar fueron muy positivos a ra\u00edz que promedi\u00f3 10 puntos por partido y 8 asistencias; estad\u00edsticas muy positivas que van pavimentando el camino para que el joven aconcag\u00fcino pueda seguir su carrera en el gigante del norte.<\/p>\n<p style=\"text-align: justify;\">\n<p style=\"text-align: justify;\"><span style=\"color: #ff0000;\"><strong>LA NUEVA CARPETA<\/strong><\/span><\/p>\n<p style=\"text-align: justify;\">Otra nota interesante del baloncesto local se registr\u00f3 d\u00edas atr\u00e1s cuando el equipo de honor de la rama de b\u00e1squetbol del club Prat, prob\u00f3 el nuevo piso del Fort\u00edn de la calle Santo Domingo, dejando muy buenas sensaciones en todos los integrantes que lo catalogaron como ideal y de muy buena calidad.<\/p>\n<figure id=\"attachment_104716\" aria-describedby=\"caption-attachment-104716\" style=\"width: 699px\" class=\"wp-caption alignnone\"><img data-recalc-dims=\"1\" loading=\"lazy\" decoding=\"async\" class=\"size-full wp-image-104716\" src=\"https:\/\/i0.wp.com\/www.eltrabajo.cl\/portal\/wp-content\/uploads\/2020\/12\/Raul-Amar.jpg?resize=640%2C298&#038;ssl=1\" alt=\"Ra\u00fal Amar en plena acci\u00f3n en un partido del torneo donde Miami Prep se titul\u00f3 campe\u00f3n.\" width=\"640\" height=\"298\" srcset=\"https:\/\/i0.wp.com\/eltrabajo.cl\/portal\/wp-content\/uploads\/2020\/12\/Raul-Amar.jpg?w=699&amp;ssl=1 699w, https:\/\/i0.wp.com\/eltrabajo.cl\/portal\/wp-content\/uploads\/2020\/12\/Raul-Amar.jpg?resize=300%2C139&amp;ssl=1 300w, https:\/\/i0.wp.com\/eltrabajo.cl\/portal\/wp-content\/uploads\/2020\/12\/Raul-Amar.jpg?resize=200%2C93&amp;ssl=1 200w, https:\/\/i0.wp.com\/eltrabajo.cl\/portal\/wp-content\/uploads\/2020\/12\/Raul-Amar.jpg?resize=696%2C324&amp;ssl=1 696w\" sizes=\"auto, (max-width: 640px) 100vw, 640px\" \/><figcaption id=\"caption-attachment-104716\" class=\"wp-caption-text\">Ra\u00fal Amar en plena acci\u00f3n en un partido del torneo donde Miami Prep se titul\u00f3 campe\u00f3n.<\/figcaption><\/figure>\n<figure id=\"attachment_104717\" aria-describedby=\"caption-attachment-104717\" style=\"width: 698px\" class=\"wp-caption alignnone\"><img data-recalc-dims=\"1\" loading=\"lazy\" decoding=\"async\" class=\"size-full wp-image-104717\" src=\"https:\/\/i0.wp.com\/www.eltrabajo.cl\/portal\/wp-content\/uploads\/2020\/12\/fortin.jpg?resize=640%2C270&#038;ssl=1\" alt=\"El equipo adulto del Prat en el nuevo piso del coliseo de la calle Santo Domingo.\" width=\"640\" height=\"270\" srcset=\"https:\/\/i0.wp.com\/eltrabajo.cl\/portal\/wp-content\/uploads\/2020\/12\/fortin.jpg?w=698&amp;ssl=1 698w, https:\/\/i0.wp.com\/eltrabajo.cl\/portal\/wp-content\/uploads\/2020\/12\/fortin.jpg?resize=300%2C126&amp;ssl=1 300w, https:\/\/i0.wp.com\/eltrabajo.cl\/portal\/wp-content\/uploads\/2020\/12\/fortin.jpg?resize=200%2C84&amp;ssl=1 200w, https:\/\/i0.wp.com\/eltrabajo.cl\/portal\/wp-content\/uploads\/2020\/12\/fortin.jpg?resize=696%2C293&amp;ssl=1 696w\" sizes=\"auto, (max-width: 640px) 100vw, 640px\" \/><figcaption id=\"caption-attachment-104717\" class=\"wp-caption-text\">El equipo adulto del Prat en el nuevo piso del coliseo de la calle Santo Domingo.<\/figcaption><\/figure>\n","protected":false},"excerpt":{"rendered":"<p>Muy bien, por no decir excelente, le est\u00e1n saliendo las cosas al joven sanfelipe\u00f1o Ra\u00fal Amar en los EEUU. Hace una semana el jugador salido de las filas del club Arturo Prat,&#8230;<\/p>\n","protected":false},"author":482,"featured_media":104716,"comment_status":"closed","ping_status":"open","sticky":false,"template":"","format":"standard","meta":{"advanced_seo_description":"","jetpack_seo_html_title":"","jetpack_seo_noindex":false,"_jetpack_memberships_contains_paid_content":false,"footnotes":""},"categories":[19],"tags":[],"class_list":["post-104715","post","type-post","status-publish","format-standard","has-post-thumbnail","hentry","category-deportes"],"jetpack_featured_media_url":"https:\/\/i0.wp.com\/eltrabajo.cl\/portal\/wp-content\/uploads\/2020\/12\/Raul-Amar.jpg?fit=699%2C325&ssl=1","jetpack_sharing_enabled":true,"jetpack_likes_enabled":true,"jetpack-related-posts":[],"_links":{"self":[{"href":"https:\/\/eltrabajo.cl\/portal\/wp-json\/wp\/v2\/posts\/104715","targetHints":{"allow":["GET"]}}],"collection":[{"href":"https:\/\/eltrabajo.cl\/portal\/wp-json\/wp\/v2\/posts"}],"about":[{"href":"https:\/\/eltrabajo.cl\/portal\/wp-json\/wp\/v2\/types\/post"}],"author":[{"embeddable":true,"href":"https:\/\/eltrabajo.cl\/portal\/wp-json\/wp\/v2\/users\/482"}],"replies":[{"embeddable":true,"href":"https:\/\/eltrabajo.cl\/portal\/wp-json\/wp\/v2\/comments?post=104715"}],"version-history":[{"count":0,"href":"https:\/\/eltrabajo.cl\/portal\/wp-json\/wp\/v2\/posts\/104715\/revisions"}],"wp:featuredmedia":[{"embeddable":true,"href":"https:\/\/eltrabajo.cl\/portal\/wp-json\/wp\/v2\/media\/104716"}],"wp:attachment":[{"href":"https:\/\/eltrabajo.cl\/portal\/wp-json\/wp\/v2\/media?parent=104715"}],"wp:term":[{"taxonomy":"category","embeddable":true,"href":"https:\/\/eltrabajo.cl\/portal\/wp-json\/wp\/v2\/categories?post=104715"},{"taxonomy":"post_tag","embeddable":true,"href":"https:\/\/eltrabajo.cl\/portal\/wp-json\/wp\/v2\/tags?post=104715"}],"curies":[{"name":"wp","href":"https:\/\/api.w.org\/{rel}","templated":true}]}}