{"id":104817,"date":"2020-12-16T07:35:24","date_gmt":"2020-12-16T10:35:24","guid":{"rendered":"https:\/\/www.eltrabajo.cl\/portal\/?p=104817"},"modified":"2020-12-15T22:23:58","modified_gmt":"2020-12-16T01:23:58","slug":"en-marzo-el-prat-iniciara-su-participacion-en-la-liga-nacional-de-basquetbol","status":"publish","type":"post","link":"https:\/\/eltrabajo.cl\/portal\/en-marzo-el-prat-iniciara-su-participacion-en-la-liga-nacional-de-basquetbol\/","title":{"rendered":"En marzo el Prat iniciar\u00e1 su participaci\u00f3n en la Liga Nacional de B\u00e1squetbol"},"content":{"rendered":"<p style=\"text-align: justify;\">Conforme pasa el tiempo la Liga Nacional de B\u00e1squetbol avanza en la organizaci\u00f3n de su torneo B, en que ya tiene asegurada su participaci\u00f3n el club sanfelipe\u00f1o <strong>Arturo Prat<\/strong>.<\/p>\n<p style=\"text-align: justify;\">Para la competencia, que tiene prevista comenzar a jugarse en el mes de marzo del pr\u00f3ximo a\u00f1o, ya est\u00e1 definido el formato y es un hecho que en esa fecha partir\u00e1 la Conferencia Centro en la que intervendr\u00e1n los aconcag\u00fcinos que en dicho torneo buscar\u00e1n clasificar a la Supercopa 2021.<\/p>\n<p style=\"text-align: justify;\">Dentro de las determinaciones importantes que habr\u00e1 en la competencia, se encuentra el que cada equipo deber\u00e1 contar con 8 jugadores adultos, 3 U23 y por obligaci\u00f3n un extranjero, para garantizar una competencia atractiva y de mayor nivel.<\/p>\n<p style=\"text-align: justify;\">Hasta ahora ya han confirmado su participaci\u00f3n en la serie de plata de la Liga Nacional de B\u00e1squetbol, los siguientes equipos: Liceo Curic\u00f3, Brisas, Sergio Ceppi, Stadio Italiano, Manquehue, Sportiva Italiana, Tinguiririca San Fernando y Arturo Prat de San Felipe. Es altamente probable que a estos 8 clubes se sumen Alem\u00e1n de Concepci\u00f3n y el \u00c1rabe de Valpara\u00edso.<\/p>\n<p style=\"text-align: justify;\">El campeonato en el cual los pratinos estrenar\u00e1n el nuevo piso de su Fort\u00edn, se jugar\u00e1 desde marzo para finalizar en agosto.<\/p>\n<figure id=\"attachment_104818\" aria-describedby=\"caption-attachment-104818\" style=\"width: 699px\" class=\"wp-caption alignnone\"><img data-recalc-dims=\"1\" loading=\"lazy\" decoding=\"async\" class=\"size-full wp-image-104818\" src=\"https:\/\/i0.wp.com\/www.eltrabajo.cl\/portal\/wp-content\/uploads\/2020\/12\/prat.jpg?resize=640%2C427&#038;ssl=1\" alt=\"El Prat ser\u00e1 parte de una competencia en la que intervendr\u00e1n importantes e hist\u00f3ricos equipos del baloncesto chileno.\" width=\"640\" height=\"427\" srcset=\"https:\/\/i0.wp.com\/eltrabajo.cl\/portal\/wp-content\/uploads\/2020\/12\/prat.jpg?w=699&amp;ssl=1 699w, https:\/\/i0.wp.com\/eltrabajo.cl\/portal\/wp-content\/uploads\/2020\/12\/prat.jpg?resize=300%2C200&amp;ssl=1 300w, https:\/\/i0.wp.com\/eltrabajo.cl\/portal\/wp-content\/uploads\/2020\/12\/prat.jpg?resize=200%2C133&amp;ssl=1 200w, https:\/\/i0.wp.com\/eltrabajo.cl\/portal\/wp-content\/uploads\/2020\/12\/prat.jpg?resize=696%2C464&amp;ssl=1 696w\" sizes=\"auto, (max-width: 640px) 100vw, 640px\" \/><figcaption id=\"caption-attachment-104818\" class=\"wp-caption-text\">El Prat ser\u00e1 parte de una competencia en la que intervendr\u00e1n importantes e hist\u00f3ricos equipos del baloncesto chileno.<\/figcaption><\/figure>\n","protected":false},"excerpt":{"rendered":"<p>Conforme pasa el tiempo la Liga Nacional de B\u00e1squetbol avanza en la organizaci\u00f3n de su torneo B, en que ya tiene asegurada su participaci\u00f3n el club sanfelipe\u00f1o Arturo Prat. Para la competencia,&#8230;<\/p>\n","protected":false},"author":482,"featured_media":104818,"comment_status":"closed","ping_status":"open","sticky":false,"template":"","format":"standard","meta":{"advanced_seo_description":"","jetpack_seo_html_title":"","jetpack_seo_noindex":false,"_jetpack_memberships_contains_paid_content":false,"footnotes":""},"categories":[19],"tags":[],"class_list":["post-104817","post","type-post","status-publish","format-standard","has-post-thumbnail","hentry","category-deportes"],"jetpack_featured_media_url":"https:\/\/i0.wp.com\/eltrabajo.cl\/portal\/wp-content\/uploads\/2020\/12\/prat.jpg?fit=699%2C466&ssl=1","jetpack_sharing_enabled":true,"jetpack_likes_enabled":true,"jetpack-related-posts":[],"_links":{"self":[{"href":"https:\/\/eltrabajo.cl\/portal\/wp-json\/wp\/v2\/posts\/104817","targetHints":{"allow":["GET"]}}],"collection":[{"href":"https:\/\/eltrabajo.cl\/portal\/wp-json\/wp\/v2\/posts"}],"about":[{"href":"https:\/\/eltrabajo.cl\/portal\/wp-json\/wp\/v2\/types\/post"}],"author":[{"embeddable":true,"href":"https:\/\/eltrabajo.cl\/portal\/wp-json\/wp\/v2\/users\/482"}],"replies":[{"embeddable":true,"href":"https:\/\/eltrabajo.cl\/portal\/wp-json\/wp\/v2\/comments?post=104817"}],"version-history":[{"count":0,"href":"https:\/\/eltrabajo.cl\/portal\/wp-json\/wp\/v2\/posts\/104817\/revisions"}],"wp:featuredmedia":[{"embeddable":true,"href":"https:\/\/eltrabajo.cl\/portal\/wp-json\/wp\/v2\/media\/104818"}],"wp:attachment":[{"href":"https:\/\/eltrabajo.cl\/portal\/wp-json\/wp\/v2\/media?parent=104817"}],"wp:term":[{"taxonomy":"category","embeddable":true,"href":"https:\/\/eltrabajo.cl\/portal\/wp-json\/wp\/v2\/categories?post=104817"},{"taxonomy":"post_tag","embeddable":true,"href":"https:\/\/eltrabajo.cl\/portal\/wp-json\/wp\/v2\/tags?post=104817"}],"curies":[{"name":"wp","href":"https:\/\/api.w.org\/{rel}","templated":true}]}}