{"id":104820,"date":"2020-12-16T07:40:15","date_gmt":"2020-12-16T10:40:15","guid":{"rendered":"https:\/\/www.eltrabajo.cl\/portal\/?p=104820"},"modified":"2020-12-15T22:25:56","modified_gmt":"2020-12-16T01:25:56","slug":"fernando-acuna-califica-de-positivo-su-paso-por-la-rojita-masculina-de-basquetbol","status":"publish","type":"post","link":"https:\/\/eltrabajo.cl\/portal\/fernando-acuna-califica-de-positivo-su-paso-por-la-rojita-masculina-de-basquetbol\/","title":{"rendered":"Fernando Acu\u00f1a califica de positivo su paso por la \u2018Rojita\u2019 masculina de b\u00e1squetbol"},"content":{"rendered":"<p style=\"text-align: justify;\">Durante la semana pasada el joven basquetbolista oriundo de San Felipe, <strong>Fernando Acu\u00f1a<\/strong>, fue parte de un micro ciclo de entrenamientos de la selecci\u00f3n chilena masculina U15. Las sesiones de pr\u00e1ctica tuvieron lugar en las instalaciones del Comit\u00e9 Ol\u00edmpico de Chile en la comuna de \u00d1u\u00f1oa.<\/p>\n<p style=\"text-align: justify;\">El deportista aconcag\u00fcino, que intenta ganarse un lugar en la convocar\u00eda definitiva que en un futuro cercano entregar\u00e1 el seleccionador <strong>Daniel Frola<\/strong>, entreg\u00f3 sus impresiones por la experiencia vivida d\u00edas atr\u00e1s junto a otro selecto grupo de jugadores. <em>\u00abEstoy feliz por la oportunidad de haber entrenado ac\u00e1, m\u00e1s todav\u00eda despu\u00e9s de mucho tiempo en el que no tuvimos actividad\u00bb,<\/em> declar\u00f3 el preseleccionado nacional.<\/p>\n<p style=\"text-align: justify;\">Respecto a las expectativas que en lo personal tiene para este desaf\u00edo, el integrante del club San Felipe Basket dijo de manera categ\u00f3rica y con una convicci\u00f3n a toda prueba: <em>\u00abTenemos muchas expectativas; la idea es trabajar duro para salir campeones. Esa es la idea, ya que si fuera otra mejor nos quedamos en nuestras casas\u00bb.<\/em><\/p>\n<figure id=\"attachment_104821\" aria-describedby=\"caption-attachment-104821\" style=\"width: 699px\" class=\"wp-caption alignnone\"><img data-recalc-dims=\"1\" loading=\"lazy\" decoding=\"async\" class=\"size-full wp-image-104821\" src=\"https:\/\/i0.wp.com\/www.eltrabajo.cl\/portal\/wp-content\/uploads\/2020\/12\/Fernando-Acuna-1.jpg?resize=640%2C628&#038;ssl=1\" alt=\"Fernando Acu\u00f1a es preseleccionado chileno de b\u00e1squetbol U15.\" width=\"640\" height=\"628\" srcset=\"https:\/\/i0.wp.com\/eltrabajo.cl\/portal\/wp-content\/uploads\/2020\/12\/Fernando-Acuna-1.jpg?w=699&amp;ssl=1 699w, https:\/\/i0.wp.com\/eltrabajo.cl\/portal\/wp-content\/uploads\/2020\/12\/Fernando-Acuna-1.jpg?resize=300%2C294&amp;ssl=1 300w, https:\/\/i0.wp.com\/eltrabajo.cl\/portal\/wp-content\/uploads\/2020\/12\/Fernando-Acuna-1.jpg?resize=153%2C150&amp;ssl=1 153w, https:\/\/i0.wp.com\/eltrabajo.cl\/portal\/wp-content\/uploads\/2020\/12\/Fernando-Acuna-1.jpg?resize=696%2C683&amp;ssl=1 696w\" sizes=\"auto, (max-width: 640px) 100vw, 640px\" \/><figcaption id=\"caption-attachment-104821\" class=\"wp-caption-text\">Fernando Acu\u00f1a es preseleccionado chileno de b\u00e1squetbol U15.<\/figcaption><\/figure>\n<figure id=\"attachment_104822\" aria-describedby=\"caption-attachment-104822\" style=\"width: 699px\" class=\"wp-caption alignnone\"><img data-recalc-dims=\"1\" loading=\"lazy\" decoding=\"async\" class=\"size-full wp-image-104822\" src=\"https:\/\/i0.wp.com\/www.eltrabajo.cl\/portal\/wp-content\/uploads\/2020\/12\/entrenamiento-de-lla-seleccion.jpg?resize=640%2C428&#038;ssl=1\" alt=\"La Selecci\u00f3n Chilena de B\u00e1squetbol masculina entren\u00f3 en las instalaciones del Comit\u00e9 Ol\u00edmpico de Chile.\" width=\"640\" height=\"428\" srcset=\"https:\/\/i0.wp.com\/eltrabajo.cl\/portal\/wp-content\/uploads\/2020\/12\/entrenamiento-de-lla-seleccion.jpg?w=699&amp;ssl=1 699w, https:\/\/i0.wp.com\/eltrabajo.cl\/portal\/wp-content\/uploads\/2020\/12\/entrenamiento-de-lla-seleccion.jpg?resize=300%2C201&amp;ssl=1 300w, https:\/\/i0.wp.com\/eltrabajo.cl\/portal\/wp-content\/uploads\/2020\/12\/entrenamiento-de-lla-seleccion.jpg?resize=200%2C134&amp;ssl=1 200w, https:\/\/i0.wp.com\/eltrabajo.cl\/portal\/wp-content\/uploads\/2020\/12\/entrenamiento-de-lla-seleccion.jpg?resize=696%2C466&amp;ssl=1 696w\" sizes=\"auto, (max-width: 640px) 100vw, 640px\" \/><figcaption id=\"caption-attachment-104822\" class=\"wp-caption-text\">La Selecci\u00f3n Chilena de B\u00e1squetbol masculina entren\u00f3 en las instalaciones del Comit\u00e9 Ol\u00edmpico de Chile.<\/figcaption><\/figure>\n","protected":false},"excerpt":{"rendered":"<p>Durante la semana pasada el joven basquetbolista oriundo de San Felipe, Fernando Acu\u00f1a, fue parte de un micro ciclo de entrenamientos de la selecci\u00f3n chilena masculina U15. Las sesiones de pr\u00e1ctica tuvieron&#8230;<\/p>\n","protected":false},"author":482,"featured_media":104822,"comment_status":"closed","ping_status":"open","sticky":false,"template":"","format":"standard","meta":{"advanced_seo_description":"","jetpack_seo_html_title":"","jetpack_seo_noindex":false,"_jetpack_memberships_contains_paid_content":false,"footnotes":""},"categories":[19],"tags":[],"class_list":["post-104820","post","type-post","status-publish","format-standard","has-post-thumbnail","hentry","category-deportes"],"jetpack_featured_media_url":"https:\/\/i0.wp.com\/eltrabajo.cl\/portal\/wp-content\/uploads\/2020\/12\/entrenamiento-de-lla-seleccion.jpg?fit=699%2C468&ssl=1","jetpack_sharing_enabled":true,"jetpack_likes_enabled":true,"jetpack-related-posts":[],"_links":{"self":[{"href":"https:\/\/eltrabajo.cl\/portal\/wp-json\/wp\/v2\/posts\/104820","targetHints":{"allow":["GET"]}}],"collection":[{"href":"https:\/\/eltrabajo.cl\/portal\/wp-json\/wp\/v2\/posts"}],"about":[{"href":"https:\/\/eltrabajo.cl\/portal\/wp-json\/wp\/v2\/types\/post"}],"author":[{"embeddable":true,"href":"https:\/\/eltrabajo.cl\/portal\/wp-json\/wp\/v2\/users\/482"}],"replies":[{"embeddable":true,"href":"https:\/\/eltrabajo.cl\/portal\/wp-json\/wp\/v2\/comments?post=104820"}],"version-history":[{"count":0,"href":"https:\/\/eltrabajo.cl\/portal\/wp-json\/wp\/v2\/posts\/104820\/revisions"}],"wp:featuredmedia":[{"embeddable":true,"href":"https:\/\/eltrabajo.cl\/portal\/wp-json\/wp\/v2\/media\/104822"}],"wp:attachment":[{"href":"https:\/\/eltrabajo.cl\/portal\/wp-json\/wp\/v2\/media?parent=104820"}],"wp:term":[{"taxonomy":"category","embeddable":true,"href":"https:\/\/eltrabajo.cl\/portal\/wp-json\/wp\/v2\/categories?post=104820"},{"taxonomy":"post_tag","embeddable":true,"href":"https:\/\/eltrabajo.cl\/portal\/wp-json\/wp\/v2\/tags?post=104820"}],"curies":[{"name":"wp","href":"https:\/\/api.w.org\/{rel}","templated":true}]}}