{"id":104932,"date":"2020-12-21T07:45:50","date_gmt":"2020-12-21T10:45:50","guid":{"rendered":"https:\/\/www.eltrabajo.cl\/portal\/?p=104932"},"modified":"2020-12-20T21:31:10","modified_gmt":"2020-12-21T00:31:10","slug":"carmen-castillo-sera-la-candidata-a-alcaldesa-de-la-unidad-constituyente","status":"publish","type":"post","link":"https:\/\/eltrabajo.cl\/portal\/carmen-castillo-sera-la-candidata-a-alcaldesa-de-la-unidad-constituyente\/","title":{"rendered":"Carmen Castillo ser\u00e1 la candidata a\u00a0alcaldesa de la Unidad Constituyente"},"content":{"rendered":"<p style=\"text-align: justify;\">La Dra. <strong>Carmen Castillo Taucher<\/strong>, exministra de Salud, es la victoriosa candidata Independiente como alcaldesa de San Felipe, tras el conteo final de votos de las primarias de la Unidad Constituyente en las que enfrent\u00f3 al exgobernador <strong>Eduardo Le\u00f3n Lazcano <\/strong>(PPD) y el trabajador social <strong>V\u00edctor Leiva <\/strong>(DC). Los resultados oficiales fueron: Carmen Castillo con 526 votos, Eduardo Le\u00f3n con 485 y V\u00edctor Leiva con 225 sufragios.<\/p>\n<p style=\"text-align: justify;\">Esto deja en el camino las aspiraciones de Le\u00f3n y Leiva, mientras que se vislumbra una posible disputa por la alcald\u00eda con Carmen Castillo, <strong>Patricio Freire<\/strong> si es rehabilitado, y posiblemente el actual alcalde suplente, concejal <strong>Christian Beals<\/strong> en abril de 2021.<\/p>\n<p style=\"text-align: justify;\">\n<p style=\"text-align: justify;\"><span style=\"color: #ff0000;\"><strong>DRA. CASTILLO FELIZ<\/strong><\/span><\/p>\n<p style=\"text-align: justify;\"><strong>Diario El Trabajo<\/strong> logr\u00f3 consultar sus impresiones a la ya candidata Carmen Castillo al puesto de alcaldesa tras su victoria electoral: <em>\u00abSiento mucha alegr\u00eda porque podremos ahora hacer muchas y distintas actividades para cumplir los sue\u00f1os y anhelos que podemos compartir con los vecinos y vecinas. Feliz de estar hoy d\u00eda en esta condici\u00f3n de poder trabajar por nuestro San Felipe y hacerlo crecer m\u00e1s grande, m\u00e1s orgullosa de pertenecer a esta gran ciudad, que todos nos sintamos muy felices, en paz y con tranquilidad<\/em>\u00bb, dijo Castillo.<\/p>\n<p style=\"text-align: justify;\"><strong>Roberto Gonz\u00e1lez Short<\/strong><\/p>\n<figure id=\"attachment_104933\" aria-describedby=\"caption-attachment-104933\" style=\"width: 700px\" class=\"wp-caption alignnone\"><img data-recalc-dims=\"1\" loading=\"lazy\" decoding=\"async\" class=\"size-full wp-image-104933\" src=\"https:\/\/i0.wp.com\/www.eltrabajo.cl\/portal\/wp-content\/uploads\/2020\/12\/Candidata_Carmen-Castillo.jpg?resize=640%2C488&#038;ssl=1\" alt=\"Dra. Carmen Castillo Taucher, exministra de Salud.\" width=\"640\" height=\"488\" srcset=\"https:\/\/i0.wp.com\/eltrabajo.cl\/portal\/wp-content\/uploads\/2020\/12\/Candidata_Carmen-Castillo.jpg?w=700&amp;ssl=1 700w, https:\/\/i0.wp.com\/eltrabajo.cl\/portal\/wp-content\/uploads\/2020\/12\/Candidata_Carmen-Castillo.jpg?resize=300%2C229&amp;ssl=1 300w, https:\/\/i0.wp.com\/eltrabajo.cl\/portal\/wp-content\/uploads\/2020\/12\/Candidata_Carmen-Castillo.jpg?resize=197%2C150&amp;ssl=1 197w, https:\/\/i0.wp.com\/eltrabajo.cl\/portal\/wp-content\/uploads\/2020\/12\/Candidata_Carmen-Castillo.jpg?resize=696%2C531&amp;ssl=1 696w\" sizes=\"auto, (max-width: 640px) 100vw, 640px\" \/><figcaption id=\"caption-attachment-104933\" class=\"wp-caption-text\">Dra. Carmen Castillo Taucher, exministra de Salud.<\/figcaption><\/figure>\n","protected":false},"excerpt":{"rendered":"<p>La Dra. Carmen Castillo Taucher, exministra de Salud, es la victoriosa candidata Independiente como alcaldesa de San Felipe, tras el conteo final de votos de las primarias de la Unidad Constituyente en&#8230;<\/p>\n","protected":false},"author":482,"featured_media":104933,"comment_status":"closed","ping_status":"open","sticky":false,"template":"","format":"standard","meta":{"advanced_seo_description":"","jetpack_seo_html_title":"","jetpack_seo_noindex":false,"_jetpack_memberships_contains_paid_content":false,"footnotes":""},"categories":[16],"tags":[],"class_list":["post-104932","post","type-post","status-publish","format-standard","has-post-thumbnail","hentry","category-politica"],"jetpack_featured_media_url":"https:\/\/i0.wp.com\/eltrabajo.cl\/portal\/wp-content\/uploads\/2020\/12\/Candidata_Carmen-Castillo.jpg?fit=700%2C534&ssl=1","jetpack_sharing_enabled":true,"jetpack_likes_enabled":true,"jetpack-related-posts":[],"_links":{"self":[{"href":"https:\/\/eltrabajo.cl\/portal\/wp-json\/wp\/v2\/posts\/104932","targetHints":{"allow":["GET"]}}],"collection":[{"href":"https:\/\/eltrabajo.cl\/portal\/wp-json\/wp\/v2\/posts"}],"about":[{"href":"https:\/\/eltrabajo.cl\/portal\/wp-json\/wp\/v2\/types\/post"}],"author":[{"embeddable":true,"href":"https:\/\/eltrabajo.cl\/portal\/wp-json\/wp\/v2\/users\/482"}],"replies":[{"embeddable":true,"href":"https:\/\/eltrabajo.cl\/portal\/wp-json\/wp\/v2\/comments?post=104932"}],"version-history":[{"count":0,"href":"https:\/\/eltrabajo.cl\/portal\/wp-json\/wp\/v2\/posts\/104932\/revisions"}],"wp:featuredmedia":[{"embeddable":true,"href":"https:\/\/eltrabajo.cl\/portal\/wp-json\/wp\/v2\/media\/104933"}],"wp:attachment":[{"href":"https:\/\/eltrabajo.cl\/portal\/wp-json\/wp\/v2\/media?parent=104932"}],"wp:term":[{"taxonomy":"category","embeddable":true,"href":"https:\/\/eltrabajo.cl\/portal\/wp-json\/wp\/v2\/categories?post=104932"},{"taxonomy":"post_tag","embeddable":true,"href":"https:\/\/eltrabajo.cl\/portal\/wp-json\/wp\/v2\/tags?post=104932"}],"curies":[{"name":"wp","href":"https:\/\/api.w.org\/{rel}","templated":true}]}}