{"id":104935,"date":"2020-12-21T07:50:25","date_gmt":"2020-12-21T10:50:25","guid":{"rendered":"https:\/\/www.eltrabajo.cl\/portal\/?p=104935"},"modified":"2020-12-20T21:33:11","modified_gmt":"2020-12-21T00:33:11","slug":"tricel-define-manana-el-futuro-del-suspendido-alcalde-patricio-freire","status":"publish","type":"post","link":"https:\/\/eltrabajo.cl\/portal\/tricel-define-manana-el-futuro-del-suspendido-alcalde-patricio-freire\/","title":{"rendered":"Tricel define ma\u00f1ana el futuro del suspendido alcalde Patricio Freire"},"content":{"rendered":"<p style=\"text-align: justify;\">Ma\u00f1ana martes definitivamente puede transformarse en un d\u00eda hist\u00f3rico para la ciudad de San Felipe. Esto porque el Tricel (Tribunal Calificador de Elecciones), que funciona en Santiago, una vez m\u00e1s va a sesionar, pero lo diferente en esta ocasi\u00f3n es que seg\u00fan la Tabla, figura en el segundo punto la Revisi\u00f3n de la Apelaci\u00f3n a su suspensi\u00f3n hecha por el suspendido alcalde <strong>Patricio Freire Canto<\/strong>.<\/p>\n<p style=\"text-align: justify;\">Como se recordar\u00e1, el d\u00eda 12 de agosto informamos sobre la suspensi\u00f3n de cargo de alcalde por parte del Tribunal Electoral Regional (TER), por Notable Abandono de deberes, al no haber destituido a su administrador municipal <strong>Patricio Gonz\u00e1lez<\/strong>, cosa que fue votada por el Concejo Municipal de San Felipe el d\u00eda 20 de febrero del a\u00f1o 2018.<\/p>\n<p style=\"text-align: justify;\">La suspensi\u00f3n fue ordenada luego del requerimiento presentado al TER por los concejales <strong>Juan Carlos Sabaj Paulo<\/strong> y <strong>Christian Beals Campos<\/strong>. El alcalde Patricio Freire Canto dijo en su momento que iba a apelar a esta resoluci\u00f3n porque \u00e9l no ten\u00eda nada que ocultar.<\/p>\n<p style=\"text-align: justify;\">Pues bien, el d\u00eda ha legado donde se va a definir el futuro pol\u00edtico de Patricio Freire Canto, porque adem\u00e1s, el TER aparte de suspenderlo de alcalde, lo conden\u00f3 a cumplir 5 a\u00f1os sin poder ejercer ning\u00fan cargo p\u00fablico. Mientras se ha esperado la realizaci\u00f3n de esta audiencia, la Municipalidad de San Felipe qued\u00f3 a cargo y en forma suplente del concejal Christian Beals Campos, por elecci\u00f3n realizada en el Concejo.<\/p>\n<figure id=\"attachment_104936\" aria-describedby=\"caption-attachment-104936\" style=\"width: 700px\" class=\"wp-caption alignnone\"><img data-recalc-dims=\"1\" loading=\"lazy\" decoding=\"async\" class=\"size-full wp-image-104936\" src=\"https:\/\/i0.wp.com\/www.eltrabajo.cl\/portal\/wp-content\/uploads\/2020\/12\/Patricio-Freire.jpg?resize=640%2C509&#038;ssl=1\" alt=\"Patricio Freire Canto, alcalde suspendido de San Felipe.\" width=\"640\" height=\"509\" srcset=\"https:\/\/i0.wp.com\/eltrabajo.cl\/portal\/wp-content\/uploads\/2020\/12\/Patricio-Freire.jpg?w=700&amp;ssl=1 700w, https:\/\/i0.wp.com\/eltrabajo.cl\/portal\/wp-content\/uploads\/2020\/12\/Patricio-Freire.jpg?resize=300%2C239&amp;ssl=1 300w, https:\/\/i0.wp.com\/eltrabajo.cl\/portal\/wp-content\/uploads\/2020\/12\/Patricio-Freire.jpg?resize=189%2C150&amp;ssl=1 189w, https:\/\/i0.wp.com\/eltrabajo.cl\/portal\/wp-content\/uploads\/2020\/12\/Patricio-Freire.jpg?resize=696%2C554&amp;ssl=1 696w\" sizes=\"auto, (max-width: 640px) 100vw, 640px\" \/><figcaption id=\"caption-attachment-104936\" class=\"wp-caption-text\">Patricio Freire Canto, alcalde suspendido de San Felipe.<\/figcaption><\/figure>\n<figure id=\"attachment_104937\" aria-describedby=\"caption-attachment-104937\" style=\"width: 699px\" class=\"wp-caption alignnone\"><img data-recalc-dims=\"1\" loading=\"lazy\" decoding=\"async\" class=\"size-full wp-image-104937\" src=\"https:\/\/i0.wp.com\/www.eltrabajo.cl\/portal\/wp-content\/uploads\/2020\/12\/Audiencia.jpg?resize=640%2C328&#038;ssl=1\" alt=\"Ac\u00e1 en el punto 2 aparece la revisi\u00f3n de la apelaci\u00f3n de Patricio Freire Canto.\" width=\"640\" height=\"328\" srcset=\"https:\/\/i0.wp.com\/eltrabajo.cl\/portal\/wp-content\/uploads\/2020\/12\/Audiencia.jpg?w=699&amp;ssl=1 699w, https:\/\/i0.wp.com\/eltrabajo.cl\/portal\/wp-content\/uploads\/2020\/12\/Audiencia.jpg?resize=300%2C154&amp;ssl=1 300w, https:\/\/i0.wp.com\/eltrabajo.cl\/portal\/wp-content\/uploads\/2020\/12\/Audiencia.jpg?resize=200%2C102&amp;ssl=1 200w, https:\/\/i0.wp.com\/eltrabajo.cl\/portal\/wp-content\/uploads\/2020\/12\/Audiencia.jpg?resize=696%2C356&amp;ssl=1 696w\" sizes=\"auto, (max-width: 640px) 100vw, 640px\" \/><figcaption id=\"caption-attachment-104937\" class=\"wp-caption-text\">Ac\u00e1 en el punto 2 aparece la revisi\u00f3n de la apelaci\u00f3n de Patricio Freire Canto.<\/figcaption><\/figure>\n","protected":false},"excerpt":{"rendered":"<p>Ma\u00f1ana martes definitivamente puede transformarse en un d\u00eda hist\u00f3rico para la ciudad de San Felipe. Esto porque el Tricel (Tribunal Calificador de Elecciones), que funciona en Santiago, una vez m\u00e1s va a&#8230;<\/p>\n","protected":false},"author":482,"featured_media":104936,"comment_status":"closed","ping_status":"open","sticky":false,"template":"","format":"standard","meta":{"advanced_seo_description":"","jetpack_seo_html_title":"","jetpack_seo_noindex":false,"_jetpack_memberships_contains_paid_content":false,"footnotes":""},"categories":[16],"tags":[],"class_list":["post-104935","post","type-post","status-publish","format-standard","has-post-thumbnail","hentry","category-politica"],"jetpack_featured_media_url":"https:\/\/i0.wp.com\/eltrabajo.cl\/portal\/wp-content\/uploads\/2020\/12\/Patricio-Freire.jpg?fit=700%2C557&ssl=1","jetpack_sharing_enabled":true,"jetpack_likes_enabled":true,"jetpack-related-posts":[],"_links":{"self":[{"href":"https:\/\/eltrabajo.cl\/portal\/wp-json\/wp\/v2\/posts\/104935","targetHints":{"allow":["GET"]}}],"collection":[{"href":"https:\/\/eltrabajo.cl\/portal\/wp-json\/wp\/v2\/posts"}],"about":[{"href":"https:\/\/eltrabajo.cl\/portal\/wp-json\/wp\/v2\/types\/post"}],"author":[{"embeddable":true,"href":"https:\/\/eltrabajo.cl\/portal\/wp-json\/wp\/v2\/users\/482"}],"replies":[{"embeddable":true,"href":"https:\/\/eltrabajo.cl\/portal\/wp-json\/wp\/v2\/comments?post=104935"}],"version-history":[{"count":0,"href":"https:\/\/eltrabajo.cl\/portal\/wp-json\/wp\/v2\/posts\/104935\/revisions"}],"wp:featuredmedia":[{"embeddable":true,"href":"https:\/\/eltrabajo.cl\/portal\/wp-json\/wp\/v2\/media\/104936"}],"wp:attachment":[{"href":"https:\/\/eltrabajo.cl\/portal\/wp-json\/wp\/v2\/media?parent=104935"}],"wp:term":[{"taxonomy":"category","embeddable":true,"href":"https:\/\/eltrabajo.cl\/portal\/wp-json\/wp\/v2\/categories?post=104935"},{"taxonomy":"post_tag","embeddable":true,"href":"https:\/\/eltrabajo.cl\/portal\/wp-json\/wp\/v2\/tags?post=104935"}],"curies":[{"name":"wp","href":"https:\/\/api.w.org\/{rel}","templated":true}]}}