{"id":104939,"date":"2020-12-21T07:55:27","date_gmt":"2020-12-21T10:55:27","guid":{"rendered":"https:\/\/www.eltrabajo.cl\/portal\/?p=104939"},"modified":"2020-12-20T21:35:41","modified_gmt":"2020-12-21T00:35:41","slug":"reconstruyen-escena-por-muerte-de-danilo-cardenas-a-manos-de-carabineros-en-las-vegas","status":"publish","type":"post","link":"https:\/\/eltrabajo.cl\/portal\/reconstruyen-escena-por-muerte-de-danilo-cardenas-a-manos-de-carabineros-en-las-vegas\/","title":{"rendered":"Reconstruyen escena por muerte de Danilo C\u00e1rdenas a manos de Carabineros en Las Vegas"},"content":{"rendered":"<p style=\"text-align: justify;\">El d\u00eda martes desde las 10 de la noche se realiz\u00f3 la reconstituci\u00f3n de escena por la muerte de <strong>Danilo C\u00e1rdenas Gonz\u00e1lez<\/strong>, quien falleciera luego de recibir impactos de bala hechos por personal de Carabineros. Recordar que este hecho se produjo el d\u00eda 3 de marzo en Peaje Las Vegas.<\/p>\n<p style=\"text-align: justify;\">\n<p style=\"text-align: justify;\"><span style=\"color: #ff0000;\"><strong>TODOS EN TERRENO<\/strong><\/span><\/p>\n<p style=\"text-align: justify;\">La informaci\u00f3n sobre la reconstituci\u00f3n de escena la entreg\u00f3 el abogado de la familia, <strong>Mario Fuentes<\/strong>, quien se\u00f1al\u00f3 que en ella particip\u00f3 personal de la PDI como unidad investigadora: <em>\u00abEstuvimos entre las 10:00 y las 2 de la ma\u00f1ana haciendo la reconstituci\u00f3n de escena con los imputados y con los testigos, viendo desde distintos \u00e1ngulos el c\u00f3mo se desarrollaron los hechos<\/em>\u00bb, dijo.<\/p>\n<p style=\"text-align: justify;\">La idea de esta diligencia judicial es para conocer de boca de los propios testigos c\u00f3mo se dieron los hechos. <em>\u00abRecorrimos punto por punto, \u00e1ngulo por \u00e1ngulo, esta es una pericia que la fiscal\u00eda local ha solicitado, y nosotros como querellantes tambi\u00e9n la hab\u00edamos solicitado, ahora estamos a la espera de otra pericia que encarg\u00f3 fiscal\u00eda y que nos va a dar luz respecto a una posible omisi\u00f3n en el cuidado de la vida de la v\u00edctima<\/em>\u00bb, se\u00f1al\u00f3 el abogado Fuentes.<\/p>\n<p style=\"text-align: justify;\">Sobre esto \u00faltimo dijo que ellos creen que hubo un error de procedimiento. Ellos creen que hay problema de procedimiento que deriva definitivamente en la muerte de Danilo C\u00e1rdenas Gonz\u00e1lez.<\/p>\n<p style=\"text-align: justify;\">Reconoci\u00f3 Mario Fuentes que Danilo C\u00e1rdenas Gonz\u00e1lez, una vez que recibi\u00f3 los impactos de bala, herido y todo fue llevado hasta el cuartel de la Subcomisar\u00eda de Carabineros de Llay Llay. Eso es algo que la parte querellante quiere dilucidar entre otras cosas, donde el objetivo final es poder probar la responsabilidad penal de los funcionarios de Carabineros. Porque ellos creen que hay responsabilidad, que hay dolo.<\/p>\n<p style=\"text-align: justify;\">Seg\u00fan lo indicado por familiares de Danilo C\u00e1rdenas Gonz\u00e1lez, ese d\u00eda \u00e9l se trasladaba a la comuna de Papudo. Era soltero, conviv\u00eda con su pareja, era padre de una pareja; un ni\u00f1o de 2 a\u00f1os y una ni\u00f1a de 8 a\u00f1os de edad. Viv\u00eda en la Regi\u00f3n Metropolitana.<\/p>\n<p style=\"text-align: justify;\">La causa, seg\u00fan se indic\u00f3 por parte de la BH de la PDI de Los Andes, estaba siendo investigada como homicidio, donde en su momento tomaron declaraci\u00f3n a los dos carabineros involucrados; uno como imputado y el otro como testigo. En ese instante la PDI dijo que el cuerpo mantendr\u00eda dos impactos de bala; uno en su pierna y el otro en el abdomen.<\/p>\n<p style=\"text-align: justify;\">Este hecho ocurri\u00f3 cuando, por causas que se investigan, el veh\u00edculo conducido por la v\u00edctima impact\u00f3 el radiopatrullas de Carabineros que se encontraba cerca de las garitas del Peaje Las Vegas. Este lamentable hecho se registr\u00f3 el d\u00eda martes 3 de marzo a eso de las 23:00 horas, causando impacto en las personas que estaban ah\u00ed a esa hora. Circularon videos donde se pudo apreciar esta situaci\u00f3n.<\/p>\n<figure id=\"attachment_104940\" aria-describedby=\"caption-attachment-104940\" style=\"width: 699px\" class=\"wp-caption alignnone\"><img data-recalc-dims=\"1\" loading=\"lazy\" decoding=\"async\" class=\"size-full wp-image-104940\" src=\"https:\/\/i0.wp.com\/www.eltrabajo.cl\/portal\/wp-content\/uploads\/2020\/12\/Fallecido-peaje.jpg?resize=640%2C428&#038;ssl=1\" alt=\"Recordar que este hecho se produjo el d\u00eda 3 de marzo en Peaje Las Vegas. (Archivo)\" width=\"640\" height=\"428\" srcset=\"https:\/\/i0.wp.com\/eltrabajo.cl\/portal\/wp-content\/uploads\/2020\/12\/Fallecido-peaje.jpg?w=699&amp;ssl=1 699w, https:\/\/i0.wp.com\/eltrabajo.cl\/portal\/wp-content\/uploads\/2020\/12\/Fallecido-peaje.jpg?resize=300%2C200&amp;ssl=1 300w, https:\/\/i0.wp.com\/eltrabajo.cl\/portal\/wp-content\/uploads\/2020\/12\/Fallecido-peaje.jpg?resize=200%2C134&amp;ssl=1 200w, https:\/\/i0.wp.com\/eltrabajo.cl\/portal\/wp-content\/uploads\/2020\/12\/Fallecido-peaje.jpg?resize=696%2C465&amp;ssl=1 696w\" sizes=\"auto, (max-width: 640px) 100vw, 640px\" \/><figcaption id=\"caption-attachment-104940\" class=\"wp-caption-text\">Recordar que este hecho se produjo el d\u00eda 3 de marzo en Peaje Las Vegas. (Archivo)<\/figcaption><\/figure>\n<figure id=\"attachment_104941\" aria-describedby=\"caption-attachment-104941\" style=\"width: 699px\" class=\"wp-caption alignnone\"><img data-recalc-dims=\"1\" loading=\"lazy\" decoding=\"async\" class=\"size-full wp-image-104941\" src=\"https:\/\/i0.wp.com\/www.eltrabajo.cl\/portal\/wp-content\/uploads\/2020\/12\/Familiares-danilo-cardenas1.jpg?resize=640%2C427&#038;ssl=1\" alt=\"Los familiares de Danilo C\u00e1rdenas Gonz\u00e1lez, afuera del SML en San Felipe. (Archivo)\" width=\"640\" height=\"427\" srcset=\"https:\/\/i0.wp.com\/eltrabajo.cl\/portal\/wp-content\/uploads\/2020\/12\/Familiares-danilo-cardenas1.jpg?w=699&amp;ssl=1 699w, https:\/\/i0.wp.com\/eltrabajo.cl\/portal\/wp-content\/uploads\/2020\/12\/Familiares-danilo-cardenas1.jpg?resize=300%2C200&amp;ssl=1 300w, https:\/\/i0.wp.com\/eltrabajo.cl\/portal\/wp-content\/uploads\/2020\/12\/Familiares-danilo-cardenas1.jpg?resize=200%2C133&amp;ssl=1 200w, https:\/\/i0.wp.com\/eltrabajo.cl\/portal\/wp-content\/uploads\/2020\/12\/Familiares-danilo-cardenas1.jpg?resize=696%2C464&amp;ssl=1 696w\" sizes=\"auto, (max-width: 640px) 100vw, 640px\" \/><figcaption id=\"caption-attachment-104941\" class=\"wp-caption-text\">Los familiares de Danilo C\u00e1rdenas Gonz\u00e1lez, afuera del SML en San Felipe. (Archivo)<\/figcaption><\/figure>\n","protected":false},"excerpt":{"rendered":"<p>El d\u00eda martes desde las 10 de la noche se realiz\u00f3 la reconstituci\u00f3n de escena por la muerte de Danilo C\u00e1rdenas Gonz\u00e1lez, quien falleciera luego de recibir impactos de bala hechos por&#8230;<\/p>\n","protected":false},"author":482,"featured_media":104940,"comment_status":"closed","ping_status":"open","sticky":false,"template":"","format":"standard","meta":{"advanced_seo_description":"","jetpack_seo_html_title":"","jetpack_seo_noindex":false,"_jetpack_memberships_contains_paid_content":false,"footnotes":""},"categories":[97],"tags":[],"class_list":["post-104939","post","type-post","status-publish","format-standard","has-post-thumbnail","hentry","category-tribunales"],"jetpack_featured_media_url":"https:\/\/i0.wp.com\/eltrabajo.cl\/portal\/wp-content\/uploads\/2020\/12\/Fallecido-peaje.jpg?fit=699%2C467&ssl=1","jetpack_sharing_enabled":true,"jetpack_likes_enabled":true,"jetpack-related-posts":[],"_links":{"self":[{"href":"https:\/\/eltrabajo.cl\/portal\/wp-json\/wp\/v2\/posts\/104939","targetHints":{"allow":["GET"]}}],"collection":[{"href":"https:\/\/eltrabajo.cl\/portal\/wp-json\/wp\/v2\/posts"}],"about":[{"href":"https:\/\/eltrabajo.cl\/portal\/wp-json\/wp\/v2\/types\/post"}],"author":[{"embeddable":true,"href":"https:\/\/eltrabajo.cl\/portal\/wp-json\/wp\/v2\/users\/482"}],"replies":[{"embeddable":true,"href":"https:\/\/eltrabajo.cl\/portal\/wp-json\/wp\/v2\/comments?post=104939"}],"version-history":[{"count":0,"href":"https:\/\/eltrabajo.cl\/portal\/wp-json\/wp\/v2\/posts\/104939\/revisions"}],"wp:featuredmedia":[{"embeddable":true,"href":"https:\/\/eltrabajo.cl\/portal\/wp-json\/wp\/v2\/media\/104940"}],"wp:attachment":[{"href":"https:\/\/eltrabajo.cl\/portal\/wp-json\/wp\/v2\/media?parent=104939"}],"wp:term":[{"taxonomy":"category","embeddable":true,"href":"https:\/\/eltrabajo.cl\/portal\/wp-json\/wp\/v2\/categories?post=104939"},{"taxonomy":"post_tag","embeddable":true,"href":"https:\/\/eltrabajo.cl\/portal\/wp-json\/wp\/v2\/tags?post=104939"}],"curies":[{"name":"wp","href":"https:\/\/api.w.org\/{rel}","templated":true}]}}